{"id":12287,"date":"2025-08-31T06:04:55","date_gmt":"2025-08-31T06:04:55","guid":{"rendered":"https:\/\/mediatopnews.tg\/?p=12287"},"modified":"2025-08-31T06:04:56","modified_gmt":"2025-08-31T06:04:56","slug":"togo-lappel-a-la-marche-du-30-aout-ignore-par-la-population","status":"publish","type":"post","link":"https:\/\/mediatopnews.tg\/?p=12287","title":{"rendered":"Togo \/ L\u2019appel \u00e0 la marche du 30 ao\u00fbt ignor\u00e9 par la population"},"content":{"rendered":"\n<p>L\u2019appel \u00e0 manifester lanc\u00e9 pour le samedi 30 ao\u00fbt 2025 par certains activistes n\u2019a suscit\u00e9 aucun engouement au sein des populations togolaises. <\/p>\n\n\n\n<p>Les citoyens ont, pour la plupart, pr\u00e9f\u00e9r\u00e9 vaquer \u00e0 leurs activit\u00e9s quotidiennes, laissant sans suite cette nouvelle tentative de mobilisation initi\u00e9e en ligne.<\/p>\n\n\n\n<p>Depuis quelque temps, plusieurs individus install\u00e9s \u00e0 l\u2019\u00e9tranger multiplient les appels \u00e0 la contestation \u00e0 travers les r\u00e9seaux sociaux. Abrit\u00e9s derri\u00e8re leurs \u00e9crans, ils tiennent des discours virulents, parfois teint\u00e9s de haine, incitant les Togolais \u00e0 d\u00e9fier les institutions de la R\u00e9publique. Mais selon de nombreux observateurs, ces initiatives rel\u00e8vent davantage d\u2019int\u00e9r\u00eats personnels ou financiers que d\u2019une r\u00e9elle volont\u00e9 de d\u00e9fendre le bien commun.<\/p>\n\n\n\n<p>En juin dernier, une premi\u00e8re vague d\u2019appels avait r\u00e9ussi \u00e0 entra\u00eener certains jeunes dans des actes de violence. Cependant, la situation a \u00e9volu\u00e9. Une grande partie de la population semble d\u00e9sormais avoir pris conscience des manipulations \u00e0 l\u2019origine de ces appels. La strat\u00e9gie de la contestation virtuelle perd progressivement en cr\u00e9dibilit\u00e9.<\/p>\n\n\n\n<p>Contrairement aux manifestations organis\u00e9es dans les ann\u00e9es 1990, ces mobilisations num\u00e9riques ne s\u2019appuient ni sur des itin\u00e9raires clairement d\u00e9finis ni sur des leaders identifi\u00e9s. Or, dans un \u00c9tat de droit, toute marche doit \u00eatre encadr\u00e9e et autoris\u00e9e afin de garantir la s\u00e9curit\u00e9 et d\u2019\u00e9viter le d\u00e9sordre. L\u2019absence de respect de ces r\u00e8gles contribue \u00e0 renforcer la m\u00e9fiance des citoyens.<\/p>\n\n\n\n<p>\u00c0 l\u2019instar de l\u2019op\u00e9ration \u00ab Togo mort \u00bb et d\u2019autres initiatives similaires, les appels de juillet et d\u2019ao\u00fbt derniers se sont sold\u00e9s par de v\u00e9ritables \u00e9checs. De plus en plus prudents, les Togolais refusent de se laisser entra\u00eener dans des d\u00e9marches per\u00e7ues comme st\u00e9riles et sans perspectives.<\/p>\n\n\n\n<p>Ce samedi 30 ao\u00fbt, la vie a suivi son cours normal : march\u00e9s et commerces sont rest\u00e9s anim\u00e9s, la circulation dans la capitale \u00e9tait fluide. Les populations aspirent avant tout \u00e0 la paix, \u00e0 la stabilit\u00e9 et au travail, loin des mots d\u2019ordre lanc\u00e9s par ce qu\u2019elles qualifient d\u00e9sormais d\u2019\u00ab activistes de salon \u00bb.<\/p>\n","protected":false},"excerpt":{"rendered":"<p>L\u2019appel \u00e0 manifester lanc\u00e9 pour le samedi 30 ao\u00fbt 2025 par certains activistes n\u2019a suscit\u00e9 aucun engouement au sein des populations togolaises. Les citoyens ont, pour la plupart, pr\u00e9f\u00e9r\u00e9 vaquer \u00e0 leurs activit\u00e9s quotidiennes, laissant sans suite cette nouvelle tentative de mobilisation initi\u00e9e en ligne. Depuis quelque temps, plusieurs individus install\u00e9s \u00e0 l\u2019\u00e9tranger multiplient les [&hellip;]<\/p>\n","protected":false},"author":2,"featured_media":12288,"comment_status":"open","ping_status":"closed","sticky":false,"template":"","format":"standard","meta":{"footnotes":""},"categories":[1],"tags":[649,650,129],"class_list":["post-12287","post","type-post","status-publish","format-standard","has-post-thumbnail","hentry","category-politique","tag-lappel-a-la-marche","tag-la-population","tag-togo"],"yoast_head":"<!-- This site is optimized with the Yoast SEO plugin v26.5 - https:\/\/yoast.com\/wordpress\/plugins\/seo\/ -->\n<title>Togo \/ L\u2019appel \u00e0 la marche du 30 ao\u00fbt ignor\u00e9 par la population - R\u00e9c\u00e9piss\u00e9 N\u00b00026\/12-2020\/pl\/P<\/title>\n<meta name=\"robots\" content=\"index, follow, max-snippet:-1, max-image-preview:large, max-video-preview:-1\" \/>\n<link rel=\"canonical\" href=\"https:\/\/mediatopnews.tg\/?p=12287\" \/>\n<meta property=\"og:locale\" content=\"fr_FR\" \/>\n<meta property=\"og:type\" content=\"article\" \/>\n<meta property=\"og:title\" content=\"Togo \/ L\u2019appel \u00e0 la marche du 30 ao\u00fbt ignor\u00e9 par la population - R\u00e9c\u00e9piss\u00e9 N\u00b00026\/12-2020\/pl\/P\" \/>\n<meta property=\"og:description\" content=\"L\u2019appel \u00e0 manifester lanc\u00e9 pour le samedi 30 ao\u00fbt 2025 par certains activistes n\u2019a suscit\u00e9 aucun engouement au sein des populations togolaises. Les citoyens ont, pour la plupart, pr\u00e9f\u00e9r\u00e9 vaquer \u00e0 leurs activit\u00e9s quotidiennes, laissant sans suite cette nouvelle tentative de mobilisation initi\u00e9e en ligne. Depuis quelque temps, plusieurs individus install\u00e9s \u00e0 l\u2019\u00e9tranger multiplient les [&hellip;]\" \/>\n<meta property=\"og:url\" content=\"https:\/\/mediatopnews.tg\/?p=12287\" \/>\n<meta property=\"og:site_name\" content=\"R\u00e9c\u00e9piss\u00e9 N\u00b00026\/12-2020\/pl\/P\" \/>\n<meta property=\"article:published_time\" content=\"2025-08-31T06:04:55+00:00\" \/>\n<meta property=\"article:modified_time\" content=\"2025-08-31T06:04:56+00:00\" \/>\n<meta property=\"og:image\" content=\"https:\/\/mediatopnews.tg\/wp-content\/uploads\/2025\/08\/manifs.jpeg\" \/>\n\t<meta property=\"og:image:width\" content=\"1024\" \/>\n\t<meta property=\"og:image:height\" content=\"461\" \/>\n\t<meta property=\"og:image:type\" content=\"image\/jpeg\" \/>\n<meta name=\"author\" content=\"La R\u00e9daction\" \/>\n<meta name=\"twitter:card\" content=\"summary_large_image\" \/>\n<meta name=\"twitter:label1\" content=\"\u00c9crit par\" \/>\n\t<meta name=\"twitter:data1\" content=\"La R\u00e9daction\" \/>\n\t<meta name=\"twitter:label2\" content=\"Dur\u00e9e de lecture estim\u00e9e\" \/>\n\t<meta name=\"twitter:data2\" content=\"2 minutes\" \/>\n<script type=\"application\/ld+json\" class=\"yoast-schema-graph\">{\"@context\":\"https:\/\/schema.org\",\"@graph\":[{\"@type\":\"Article\",\"@id\":\"https:\/\/mediatopnews.tg\/?p=12287#article\",\"isPartOf\":{\"@id\":\"https:\/\/mediatopnews.tg\/?p=12287\"},\"author\":{\"name\":\"La R\u00e9daction\",\"@id\":\"https:\/\/mediatopnews.tg\/#\/schema\/person\/5264fbaa15cdbc3bbc592caa5cb4bac6\"},\"headline\":\"Togo \/ L\u2019appel \u00e0 la marche du 30 ao\u00fbt ignor\u00e9 par la population\",\"datePublished\":\"2025-08-31T06:04:55+00:00\",\"dateModified\":\"2025-08-31T06:04:56+00:00\",\"mainEntityOfPage\":{\"@id\":\"https:\/\/mediatopnews.tg\/?p=12287\"},\"wordCount\":377,\"commentCount\":0,\"publisher\":{\"@id\":\"https:\/\/mediatopnews.tg\/#organization\"},\"image\":{\"@id\":\"https:\/\/mediatopnews.tg\/?p=12287#primaryimage\"},\"thumbnailUrl\":\"https:\/\/mediatopnews.tg\/wp-content\/uploads\/2025\/08\/manifs.jpeg\",\"keywords\":[\"L\u2019appel \u00e0 la marche\",\"la population\",\"Togo\"],\"articleSection\":[\"POLITIQUE\"],\"inLanguage\":\"fr-FR\",\"potentialAction\":[{\"@type\":\"CommentAction\",\"name\":\"Comment\",\"target\":[\"https:\/\/mediatopnews.tg\/?p=12287#respond\"]}]},{\"@type\":\"WebPage\",\"@id\":\"https:\/\/mediatopnews.tg\/?p=12287\",\"url\":\"https:\/\/mediatopnews.tg\/?p=12287\",\"name\":\"Togo \/ L\u2019appel \u00e0 la marche du 30 ao\u00fbt ignor\u00e9 par la population - R\u00e9c\u00e9piss\u00e9 N\u00b00026\/12-2020\/pl\/P\",\"isPartOf\":{\"@id\":\"https:\/\/mediatopnews.tg\/#website\"},\"primaryImageOfPage\":{\"@id\":\"https:\/\/mediatopnews.tg\/?p=12287#primaryimage\"},\"image\":{\"@id\":\"https:\/\/mediatopnews.tg\/?p=12287#primaryimage\"},\"thumbnailUrl\":\"https:\/\/mediatopnews.tg\/wp-content\/uploads\/2025\/08\/manifs.jpeg\",\"datePublished\":\"2025-08-31T06:04:55+00:00\",\"dateModified\":\"2025-08-31T06:04:56+00:00\",\"breadcrumb\":{\"@id\":\"https:\/\/mediatopnews.tg\/?p=12287#breadcrumb\"},\"inLanguage\":\"fr-FR\",\"potentialAction\":[{\"@type\":\"ReadAction\",\"target\":[\"https:\/\/mediatopnews.tg\/?p=12287\"]}]},{\"@type\":\"ImageObject\",\"inLanguage\":\"fr-FR\",\"@id\":\"https:\/\/mediatopnews.tg\/?p=12287#primaryimage\",\"url\":\"https:\/\/mediatopnews.tg\/wp-content\/uploads\/2025\/08\/manifs.jpeg\",\"contentUrl\":\"https:\/\/mediatopnews.tg\/wp-content\/uploads\/2025\/08\/manifs.jpeg\",\"width\":1024,\"height\":461},{\"@type\":\"BreadcrumbList\",\"@id\":\"https:\/\/mediatopnews.tg\/?p=12287#breadcrumb\",\"itemListElement\":[{\"@type\":\"ListItem\",\"position\":1,\"name\":\"Accueil\",\"item\":\"https:\/\/mediatopnews.tg\/\"},{\"@type\":\"ListItem\",\"position\":2,\"name\":\"Togo \/ L\u2019appel \u00e0 la marche du 30 ao\u00fbt ignor\u00e9 par la population\"}]},{\"@type\":\"WebSite\",\"@id\":\"https:\/\/mediatopnews.tg\/#website\",\"url\":\"https:\/\/mediatopnews.tg\/\",\"name\":\"R\u00e9c\u00e9piss\u00e9 N\u00b00026\/12-2020\/pl\/P\",\"description\":\"La toile de l&#039;information\",\"publisher\":{\"@id\":\"https:\/\/mediatopnews.tg\/#organization\"},\"potentialAction\":[{\"@type\":\"SearchAction\",\"target\":{\"@type\":\"EntryPoint\",\"urlTemplate\":\"https:\/\/mediatopnews.tg\/?s={search_term_string}\"},\"query-input\":{\"@type\":\"PropertyValueSpecification\",\"valueRequired\":true,\"valueName\":\"search_term_string\"}}],\"inLanguage\":\"fr-FR\"},{\"@type\":\"Organization\",\"@id\":\"https:\/\/mediatopnews.tg\/#organization\",\"name\":\"R\u00e9c\u00e9piss\u00e9 N\u00b00026\/12-2020\/pl\/P\",\"url\":\"https:\/\/mediatopnews.tg\/\",\"logo\":{\"@type\":\"ImageObject\",\"inLanguage\":\"fr-FR\",\"@id\":\"https:\/\/mediatopnews.tg\/#\/schema\/logo\/image\/\",\"url\":\"https:\/\/mediatopnews.tg\/wp-content\/uploads\/2023\/09\/cropped-cropped-WhatsApp-Image-2023-09-04-at-13.18.30-1-1.jpeg\",\"contentUrl\":\"https:\/\/mediatopnews.tg\/wp-content\/uploads\/2023\/09\/cropped-cropped-WhatsApp-Image-2023-09-04-at-13.18.30-1-1.jpeg\",\"width\":174,\"height\":147,\"caption\":\"R\u00e9c\u00e9piss\u00e9 N\u00b00026\/12-2020\/pl\/P\"},\"image\":{\"@id\":\"https:\/\/mediatopnews.tg\/#\/schema\/logo\/image\/\"}},{\"@type\":\"Person\",\"@id\":\"https:\/\/mediatopnews.tg\/#\/schema\/person\/5264fbaa15cdbc3bbc592caa5cb4bac6\",\"name\":\"La R\u00e9daction\",\"image\":{\"@type\":\"ImageObject\",\"inLanguage\":\"fr-FR\",\"@id\":\"https:\/\/mediatopnews.tg\/#\/schema\/person\/image\/\",\"url\":\"https:\/\/secure.gravatar.com\/avatar\/02c45ef53e124da0300332101a595f5186b781ff193f1243a768c52e15756dcc?s=96&d=mm&r=g\",\"contentUrl\":\"https:\/\/secure.gravatar.com\/avatar\/02c45ef53e124da0300332101a595f5186b781ff193f1243a768c52e15756dcc?s=96&d=mm&r=g\",\"caption\":\"La R\u00e9daction\"},\"url\":\"https:\/\/mediatopnews.tg\/?author=2\"}]}<\/script>\n<!-- \/ Yoast SEO plugin. -->","yoast_head_json":{"title":"Togo \/ L\u2019appel \u00e0 la marche du 30 ao\u00fbt ignor\u00e9 par la population - R\u00e9c\u00e9piss\u00e9 N\u00b00026\/12-2020\/pl\/P","robots":{"index":"index","follow":"follow","max-snippet":"max-snippet:-1","max-image-preview":"max-image-preview:large","max-video-preview":"max-video-preview:-1"},"canonical":"https:\/\/mediatopnews.tg\/?p=12287","og_locale":"fr_FR","og_type":"article","og_title":"Togo \/ L\u2019appel \u00e0 la marche du 30 ao\u00fbt ignor\u00e9 par la population - R\u00e9c\u00e9piss\u00e9 N\u00b00026\/12-2020\/pl\/P","og_description":"L\u2019appel \u00e0 manifester lanc\u00e9 pour le samedi 30 ao\u00fbt 2025 par certains activistes n\u2019a suscit\u00e9 aucun engouement au sein des populations togolaises. Les citoyens ont, pour la plupart, pr\u00e9f\u00e9r\u00e9 vaquer \u00e0 leurs activit\u00e9s quotidiennes, laissant sans suite cette nouvelle tentative de mobilisation initi\u00e9e en ligne. Depuis quelque temps, plusieurs individus install\u00e9s \u00e0 l\u2019\u00e9tranger multiplient les [&hellip;]","og_url":"https:\/\/mediatopnews.tg\/?p=12287","og_site_name":"R\u00e9c\u00e9piss\u00e9 N\u00b00026\/12-2020\/pl\/P","article_published_time":"2025-08-31T06:04:55+00:00","article_modified_time":"2025-08-31T06:04:56+00:00","og_image":[{"width":1024,"height":461,"url":"https:\/\/mediatopnews.tg\/wp-content\/uploads\/2025\/08\/manifs.jpeg","type":"image\/jpeg"}],"author":"La R\u00e9daction","twitter_card":"summary_large_image","twitter_misc":{"\u00c9crit par":"La R\u00e9daction","Dur\u00e9e de lecture estim\u00e9e":"2 minutes"},"schema":{"@context":"https:\/\/schema.org","@graph":[{"@type":"Article","@id":"https:\/\/mediatopnews.tg\/?p=12287#article","isPartOf":{"@id":"https:\/\/mediatopnews.tg\/?p=12287"},"author":{"name":"La R\u00e9daction","@id":"https:\/\/mediatopnews.tg\/#\/schema\/person\/5264fbaa15cdbc3bbc592caa5cb4bac6"},"headline":"Togo \/ L\u2019appel \u00e0 la marche du 30 ao\u00fbt ignor\u00e9 par la population","datePublished":"2025-08-31T06:04:55+00:00","dateModified":"2025-08-31T06:04:56+00:00","mainEntityOfPage":{"@id":"https:\/\/mediatopnews.tg\/?p=12287"},"wordCount":377,"commentCount":0,"publisher":{"@id":"https:\/\/mediatopnews.tg\/#organization"},"image":{"@id":"https:\/\/mediatopnews.tg\/?p=12287#primaryimage"},"thumbnailUrl":"https:\/\/mediatopnews.tg\/wp-content\/uploads\/2025\/08\/manifs.jpeg","keywords":["L\u2019appel \u00e0 la marche","la population","Togo"],"articleSection":["POLITIQUE"],"inLanguage":"fr-FR","potentialAction":[{"@type":"CommentAction","name":"Comment","target":["https:\/\/mediatopnews.tg\/?p=12287#respond"]}]},{"@type":"WebPage","@id":"https:\/\/mediatopnews.tg\/?p=12287","url":"https:\/\/mediatopnews.tg\/?p=12287","name":"Togo \/ L\u2019appel \u00e0 la marche du 30 ao\u00fbt ignor\u00e9 par la population - R\u00e9c\u00e9piss\u00e9 N\u00b00026\/12-2020\/pl\/P","isPartOf":{"@id":"https:\/\/mediatopnews.tg\/#website"},"primaryImageOfPage":{"@id":"https:\/\/mediatopnews.tg\/?p=12287#primaryimage"},"image":{"@id":"https:\/\/mediatopnews.tg\/?p=12287#primaryimage"},"thumbnailUrl":"https:\/\/mediatopnews.tg\/wp-content\/uploads\/2025\/08\/manifs.jpeg","datePublished":"2025-08-31T06:04:55+00:00","dateModified":"2025-08-31T06:04:56+00:00","breadcrumb":{"@id":"https:\/\/mediatopnews.tg\/?p=12287#breadcrumb"},"inLanguage":"fr-FR","potentialAction":[{"@type":"ReadAction","target":["https:\/\/mediatopnews.tg\/?p=12287"]}]},{"@type":"ImageObject","inLanguage":"fr-FR","@id":"https:\/\/mediatopnews.tg\/?p=12287#primaryimage","url":"https:\/\/mediatopnews.tg\/wp-content\/uploads\/2025\/08\/manifs.jpeg","contentUrl":"https:\/\/mediatopnews.tg\/wp-content\/uploads\/2025\/08\/manifs.jpeg","width":1024,"height":461},{"@type":"BreadcrumbList","@id":"https:\/\/mediatopnews.tg\/?p=12287#breadcrumb","itemListElement":[{"@type":"ListItem","position":1,"name":"Accueil","item":"https:\/\/mediatopnews.tg\/"},{"@type":"ListItem","position":2,"name":"Togo \/ L\u2019appel \u00e0 la marche du 30 ao\u00fbt ignor\u00e9 par la population"}]},{"@type":"WebSite","@id":"https:\/\/mediatopnews.tg\/#website","url":"https:\/\/mediatopnews.tg\/","name":"R\u00e9c\u00e9piss\u00e9 N\u00b00026\/12-2020\/pl\/P","description":"La toile de l&#039;information","publisher":{"@id":"https:\/\/mediatopnews.tg\/#organization"},"potentialAction":[{"@type":"SearchAction","target":{"@type":"EntryPoint","urlTemplate":"https:\/\/mediatopnews.tg\/?s={search_term_string}"},"query-input":{"@type":"PropertyValueSpecification","valueRequired":true,"valueName":"search_term_string"}}],"inLanguage":"fr-FR"},{"@type":"Organization","@id":"https:\/\/mediatopnews.tg\/#organization","name":"R\u00e9c\u00e9piss\u00e9 N\u00b00026\/12-2020\/pl\/P","url":"https:\/\/mediatopnews.tg\/","logo":{"@type":"ImageObject","inLanguage":"fr-FR","@id":"https:\/\/mediatopnews.tg\/#\/schema\/logo\/image\/","url":"https:\/\/mediatopnews.tg\/wp-content\/uploads\/2023\/09\/cropped-cropped-WhatsApp-Image-2023-09-04-at-13.18.30-1-1.jpeg","contentUrl":"https:\/\/mediatopnews.tg\/wp-content\/uploads\/2023\/09\/cropped-cropped-WhatsApp-Image-2023-09-04-at-13.18.30-1-1.jpeg","width":174,"height":147,"caption":"R\u00e9c\u00e9piss\u00e9 N\u00b00026\/12-2020\/pl\/P"},"image":{"@id":"https:\/\/mediatopnews.tg\/#\/schema\/logo\/image\/"}},{"@type":"Person","@id":"https:\/\/mediatopnews.tg\/#\/schema\/person\/5264fbaa15cdbc3bbc592caa5cb4bac6","name":"La R\u00e9daction","image":{"@type":"ImageObject","inLanguage":"fr-FR","@id":"https:\/\/mediatopnews.tg\/#\/schema\/person\/image\/","url":"https:\/\/secure.gravatar.com\/avatar\/02c45ef53e124da0300332101a595f5186b781ff193f1243a768c52e15756dcc?s=96&d=mm&r=g","contentUrl":"https:\/\/secure.gravatar.com\/avatar\/02c45ef53e124da0300332101a595f5186b781ff193f1243a768c52e15756dcc?s=96&d=mm&r=g","caption":"La R\u00e9daction"},"url":"https:\/\/mediatopnews.tg\/?author=2"}]}},"_links":{"self":[{"href":"https:\/\/mediatopnews.tg\/index.php?rest_route=\/wp\/v2\/posts\/12287","targetHints":{"allow":["GET"]}}],"collection":[{"href":"https:\/\/mediatopnews.tg\/index.php?rest_route=\/wp\/v2\/posts"}],"about":[{"href":"https:\/\/mediatopnews.tg\/index.php?rest_route=\/wp\/v2\/types\/post"}],"author":[{"embeddable":true,"href":"https:\/\/mediatopnews.tg\/index.php?rest_route=\/wp\/v2\/users\/2"}],"replies":[{"embeddable":true,"href":"https:\/\/mediatopnews.tg\/index.php?rest_route=%2Fwp%2Fv2%2Fcomments&post=12287"}],"version-history":[{"count":1,"href":"https:\/\/mediatopnews.tg\/index.php?rest_route=\/wp\/v2\/posts\/12287\/revisions"}],"predecessor-version":[{"id":12289,"href":"https:\/\/mediatopnews.tg\/index.php?rest_route=\/wp\/v2\/posts\/12287\/revisions\/12289"}],"wp:featuredmedia":[{"embeddable":true,"href":"https:\/\/mediatopnews.tg\/index.php?rest_route=\/wp\/v2\/media\/12288"}],"wp:attachment":[{"href":"https:\/\/mediatopnews.tg\/index.php?rest_route=%2Fwp%2Fv2%2Fmedia&parent=12287"}],"wp:term":[{"taxonomy":"category","embeddable":true,"href":"https:\/\/mediatopnews.tg\/index.php?rest_route=%2Fwp%2Fv2%2Fcategories&post=12287"},{"taxonomy":"post_tag","embeddable":true,"href":"https:\/\/mediatopnews.tg\/index.php?rest_route=%2Fwp%2Fv2%2Ftags&post=12287"}],"curies":[{"name":"wp","href":"https:\/\/api.w.org\/{rel}","templated":true}]}}