{"id":12297,"date":"2025-09-01T14:01:14","date_gmt":"2025-09-01T14:01:14","guid":{"rendered":"https:\/\/mediatopnews.tg\/?p=12297"},"modified":"2025-09-01T14:01:17","modified_gmt":"2025-09-01T14:01:17","slug":"presidentielle-au-benin-le-ministre-des-finances-romuald-wadagni-designe-candidat-de-la-majorite","status":"publish","type":"post","link":"https:\/\/mediatopnews.tg\/?p=12297","title":{"rendered":"Pr\u00e9sidentielle au B\u00e9nin: le ministre des Finances Romuald Wadagni d\u00e9sign\u00e9 candidat de la majorit\u00e9"},"content":{"rendered":"\n<p>Au&nbsp;<strong><a href=\"https:\/\/www.rfi.fr\/fr\/tag\/b%C3%A9nin\/\">B\u00e9nin<\/a><\/strong>, le choix s&rsquo;est op\u00e9r\u00e9 \u00e0 l&rsquo;issue de plusieurs concertations avec le pr\u00e9sident sortant&nbsp;<strong><a href=\"https:\/\/www.rfi.fr\/fr\/tag\/patrice-talon\/\">Patrice Talon<\/a><\/strong>. Romuald Wadagni, 49 ans, a \u00e9t\u00e9 choisi \u00e0 l&rsquo;unanimit\u00e9 comme candidat unique des deux parties de la majorit\u00e9 gouvernementale pour l&rsquo;\u00e9lection pr\u00e9sidentielle de 2026. Il incarne la figure du haut fonctionnaire des finances modernes et figurait, depuis longtemps, parmi les favoris pour la succession.<\/p>\n\n\n\n<p>Les \u00e9v\u00e9nements se sont pr\u00e9cipit\u00e9s vendredi dernier, au retour de vacances du chef de l&rsquo;\u00c9tat. Le pr\u00e9sident Patrice Talon n&rsquo;avait jamais dissimul\u00e9 son intention de jouer un r\u00f4le actif dans ce processus de s\u00e9lection. Les concertations ont eu lieu sous son impulsion. L&rsquo;Union progressiste du renouveau pr\u00e9sente Romuald Wadagni comme \u00ab<em>&nbsp;l&rsquo;incarnation du renouveau g\u00e9n\u00e9rationnel&nbsp;<\/em>\u00bb.<\/p>\n\n\n\n<p>Aux&nbsp;<a href=\"https:\/\/www.rfi.fr\/fr\/podcasts\/%C3%A9co-d-ici-%C3%A9co-d-ailleurs\/20220610-romuald-wadagni-nos-solutions-au-b%C3%A9nin-face-%C3%A0-l-inflation-et-aux-p%C3%A9nuries\"><strong>c\u00f4t\u00e9s du pr\u00e9sident depuis 2016<\/strong><\/a>&nbsp;comme l\u2019argentier national, il a&nbsp;<a href=\"https:\/\/www.rfi.fr\/fr\/afrique\/20241018-%C3%A9valuation-satisfaisante-performance-robuste-le-fmi-d%C3%A9bloque-de-nouveaux-fonds-pour-le-b%C3%A9nin\"><strong>pilot\u00e9 les r\u00e9formes \u00e9conomiques du gouvernement<\/strong><\/a>. Patrice Talon l\u2019a promu au rang de ministre d&rsquo;\u00c9tat en lui ajoutant le portefeuille de la coop\u00e9ration, preuve d\u2019une marque de confiance.&nbsp;Sa mission : conduire les r\u00e9formes \u00e9conomiques du mandat. Dipl\u00f4m\u00e9 de Harvard Business School et de l&rsquo;universit\u00e9 de Grenoble, Romuald Wadagni incarne le profil du technocrate moderne. Les institutions de Bretton Woods le connaissent bien. Elles ont r\u00e9guli\u00e8rement valid\u00e9 ses programmes et leurs \u00e9valuations \u00e0 mi-parcours.<\/p>\n\n\n\n<figure class=\"wp-block-image size-full\"><img loading=\"lazy\" decoding=\"async\" width=\"603\" height=\"400\" src=\"https:\/\/mediatopnews.tg\/wp-content\/uploads\/2025\/09\/WADA-Tof.jpg\" alt=\"\" class=\"wp-image-12298\" srcset=\"https:\/\/mediatopnews.tg\/wp-content\/uploads\/2025\/09\/WADA-Tof.jpg 603w, https:\/\/mediatopnews.tg\/wp-content\/uploads\/2025\/09\/WADA-Tof-300x199.jpg 300w\" sizes=\"auto, (max-width: 603px) 100vw, 603px\" \/><\/figure>\n\n\n\n<p>Ses choix ont souvent \u00e9t\u00e9 qualifi\u00e9s de \u00ab<em>&nbsp;tr\u00e8s peu sociaux<\/em>&nbsp;\u00bb par l\u2019opposition. Ses r\u00e9sultats et pr\u00e8s de dix ann\u00e9es de fid\u00e9lit\u00e9 et de loyaut\u00e9 au chef lui ont valu le surnom \u00e9vocateur de \u00ab&nbsp;<em>l&rsquo;homme de confiance<\/em>&nbsp;\u00bb. Une proximit\u00e9 avec le chef que ses d\u00e9tracteurs n\u2019appr\u00e9ciaient pas toujours.&nbsp;Tacticien discret, il fait partie des rares pr\u00e9tendants qui ont \u00e9vit\u00e9 de commettre des maladresses susceptibles d&rsquo;irriter Patrice Talon et de lui co\u00fbter sa mise \u00e0 l\u2019\u00e9cart, sort qu&rsquo;ont connu bien d&rsquo;autres avant lui.<\/p>\n\n\n\n<p>\u00ab&nbsp;<em>C&rsquo;est \u00e0 l&rsquo;unanimit\u00e9 que nous l&rsquo;avons choisi<\/em>&nbsp;\u00bb, confie Abdoulaye Bio Tchan\u00e9, pr\u00e9sident du bloc r\u00e9publicain et ministre d&rsquo;\u00c9tat qui voit en Romuald Wadagni un candidat cr\u00e9dible et comp\u00e9tent pour poursuivre la politique \u00e9conomique actuelle. \u00ab&nbsp;<em>Le pr\u00e9sident Talon a \u00e9t\u00e9 un b\u00e2tisseur et un r\u00e9formateur. Il a inspir\u00e9 beaucoup de r\u00e9formes, y compris politiques. Ce qui lui est demand\u00e9, c&rsquo;est de porter le plus loin ce flambeau<\/em>&nbsp;\u00bb, a d\u00e9clar\u00e9 Abdoulaye Bio Tchan\u00e9. De son c\u00f4t\u00e9, Joseph Djogb\u00e9nou, dirigeant de l&rsquo;UPR, confirme : \u00ab&nbsp;<em>Il est le candidat de chacun de nous<\/em>. \u00bb<\/p>\n\n\n\n<p><strong>Le choix de la colisti\u00e8re annonc\u00e9 dans les 48 heures<\/strong><\/p>\n\n\n\n<p>Selon nos informations, le choix de la colisti\u00e8re devrait \u00eatre annonc\u00e9, dans les 48 heures. Pour cette \u00e9lection pr\u00e9sidentielle, le parti d\u2019opposition les D\u00e9mocrates demeure le principal concurrent de la majorit\u00e9. Cette formation n&rsquo;a pas encore officialis\u00e9 le nom de son candidat. Malgr\u00e9 cette inconnue, Abdoulaye Bio Tchan\u00e9 affiche une s\u00e9r\u00e9nit\u00e9 pour ce scrutin. \u00ab&nbsp;<em>Aucune crainte vis-\u00e0-vis des D\u00e9mocrates. J&rsquo;ai visit\u00e9 beaucoup de communes dans notre pays, j&rsquo;ai recueilli des retours sur les sentiments des populations concernant l&rsquo;action du gouvernement du pr\u00e9sident Talon. Je n&rsquo;ai pas d&rsquo;inqui\u00e9tude sur ce qui va se passer<\/em>&nbsp;\u00bb, a-t-il affirm\u00e9. Sur cette d\u00e9signation, le politologue Jo\u00ebl Atayi Guedegbe analyse le choix en ces termes : \u00ab<em>&nbsp;Romuald Wadagni coche plusieurs cases, mais c&rsquo;est au pied du mur qu&rsquo;on conna\u00eetra davantage le ma\u00e7on<\/em>&nbsp;\u00bb.&nbsp;<\/p>\n\n\n\n<p>Cette candidature confirme l&rsquo;engagement pris par&nbsp;<strong><a href=\"https:\/\/www.rfi.fr\/fr\/tag\/patrice-talon\/\">Patrice Talon<\/a><\/strong>&nbsp;de ne pas briguer un troisi\u00e8me mandat.&nbsp;<a href=\"https:\/\/www.rfi.fr\/fr\/afrique\/20250801-r%C3%A9formes-gouvernance-justice-le-pr%C3%A9sident-b%C3%A9nin-rencontre-jeunes-opposition-f%C3%AAte-nationale-patrice-talon\"><strong>Le pr\u00e9sident actuel<\/strong><\/a>&nbsp;avait promis de respecter la limitation constitutionnelle et de ne pas \u00ab&nbsp;<em>tripatouiller<\/em>&nbsp;\u00bb la Constitution, perp\u00e9tuant ainsi une tradition d\u00e9mocratique ch\u00e8re aux B\u00e9ninois.<\/p>\n\n\n\n<p>Respect\u00e9 par les \u00e9lites \u00e9conomiques, il reste au candidat Romuald Wadagni de transformer cette reconnaissance technique en enthousiasme populaire. La Commission \u00e9lectorale nationale autonome (C\u00e9na) a fix\u00e9 la p\u00e9riode du 10 au 14 octobre prochain pour l\u2019enregistrement des candidatures.<\/p>\n","protected":false},"excerpt":{"rendered":"<p>Au&nbsp;B\u00e9nin, le choix s&rsquo;est op\u00e9r\u00e9 \u00e0 l&rsquo;issue de plusieurs concertations avec le pr\u00e9sident sortant&nbsp;Patrice Talon. Romuald Wadagni, 49 ans, a \u00e9t\u00e9 choisi \u00e0 l&rsquo;unanimit\u00e9 comme candidat unique des deux parties de la majorit\u00e9 gouvernementale pour l&rsquo;\u00e9lection pr\u00e9sidentielle de 2026. Il incarne la figure du haut fonctionnaire des finances modernes et figurait, depuis longtemps, parmi les [&hellip;]<\/p>\n","protected":false},"author":2,"featured_media":12298,"comment_status":"open","ping_status":"closed","sticky":false,"template":"","format":"standard","meta":{"footnotes":""},"categories":[1],"tags":[],"class_list":["post-12297","post","type-post","status-publish","format-standard","has-post-thumbnail","hentry","category-politique"],"yoast_head":"<!-- This site is optimized with the Yoast SEO plugin v26.5 - https:\/\/yoast.com\/wordpress\/plugins\/seo\/ -->\n<title>Pr\u00e9sidentielle au B\u00e9nin: le ministre des Finances Romuald Wadagni d\u00e9sign\u00e9 candidat de la majorit\u00e9 - R\u00e9c\u00e9piss\u00e9 N\u00b00026\/12-2020\/pl\/P<\/title>\n<meta name=\"robots\" content=\"index, follow, max-snippet:-1, max-image-preview:large, max-video-preview:-1\" \/>\n<link rel=\"canonical\" href=\"https:\/\/mediatopnews.tg\/?p=12297\" \/>\n<meta property=\"og:locale\" content=\"fr_FR\" \/>\n<meta property=\"og:type\" content=\"article\" \/>\n<meta property=\"og:title\" content=\"Pr\u00e9sidentielle au B\u00e9nin: le ministre des Finances Romuald Wadagni d\u00e9sign\u00e9 candidat de la majorit\u00e9 - R\u00e9c\u00e9piss\u00e9 N\u00b00026\/12-2020\/pl\/P\" \/>\n<meta property=\"og:description\" content=\"Au&nbsp;B\u00e9nin, le choix s&rsquo;est op\u00e9r\u00e9 \u00e0 l&rsquo;issue de plusieurs concertations avec le pr\u00e9sident sortant&nbsp;Patrice Talon. Romuald Wadagni, 49 ans, a \u00e9t\u00e9 choisi \u00e0 l&rsquo;unanimit\u00e9 comme candidat unique des deux parties de la majorit\u00e9 gouvernementale pour l&rsquo;\u00e9lection pr\u00e9sidentielle de 2026. Il incarne la figure du haut fonctionnaire des finances modernes et figurait, depuis longtemps, parmi les [&hellip;]\" \/>\n<meta property=\"og:url\" content=\"https:\/\/mediatopnews.tg\/?p=12297\" \/>\n<meta property=\"og:site_name\" content=\"R\u00e9c\u00e9piss\u00e9 N\u00b00026\/12-2020\/pl\/P\" \/>\n<meta property=\"article:published_time\" content=\"2025-09-01T14:01:14+00:00\" \/>\n<meta property=\"article:modified_time\" content=\"2025-09-01T14:01:17+00:00\" \/>\n<meta property=\"og:image\" content=\"https:\/\/mediatopnews.tg\/wp-content\/uploads\/2025\/09\/WADA-Tof.jpg\" \/>\n\t<meta property=\"og:image:width\" content=\"603\" \/>\n\t<meta property=\"og:image:height\" content=\"400\" \/>\n\t<meta property=\"og:image:type\" content=\"image\/jpeg\" \/>\n<meta name=\"author\" content=\"La R\u00e9daction\" \/>\n<meta name=\"twitter:card\" content=\"summary_large_image\" \/>\n<meta name=\"twitter:label1\" content=\"\u00c9crit par\" \/>\n\t<meta name=\"twitter:data1\" content=\"La R\u00e9daction\" \/>\n\t<meta name=\"twitter:label2\" content=\"Dur\u00e9e de lecture estim\u00e9e\" \/>\n\t<meta name=\"twitter:data2\" content=\"4 minutes\" \/>\n<script type=\"application\/ld+json\" class=\"yoast-schema-graph\">{\"@context\":\"https:\/\/schema.org\",\"@graph\":[{\"@type\":\"Article\",\"@id\":\"https:\/\/mediatopnews.tg\/?p=12297#article\",\"isPartOf\":{\"@id\":\"https:\/\/mediatopnews.tg\/?p=12297\"},\"author\":{\"name\":\"La R\u00e9daction\",\"@id\":\"https:\/\/mediatopnews.tg\/#\/schema\/person\/5264fbaa15cdbc3bbc592caa5cb4bac6\"},\"headline\":\"Pr\u00e9sidentielle au B\u00e9nin: le ministre des Finances Romuald Wadagni d\u00e9sign\u00e9 candidat de la majorit\u00e9\",\"datePublished\":\"2025-09-01T14:01:14+00:00\",\"dateModified\":\"2025-09-01T14:01:17+00:00\",\"mainEntityOfPage\":{\"@id\":\"https:\/\/mediatopnews.tg\/?p=12297\"},\"wordCount\":718,\"commentCount\":0,\"publisher\":{\"@id\":\"https:\/\/mediatopnews.tg\/#organization\"},\"image\":{\"@id\":\"https:\/\/mediatopnews.tg\/?p=12297#primaryimage\"},\"thumbnailUrl\":\"https:\/\/mediatopnews.tg\/wp-content\/uploads\/2025\/09\/WADA-Tof.jpg\",\"articleSection\":[\"POLITIQUE\"],\"inLanguage\":\"fr-FR\",\"potentialAction\":[{\"@type\":\"CommentAction\",\"name\":\"Comment\",\"target\":[\"https:\/\/mediatopnews.tg\/?p=12297#respond\"]}]},{\"@type\":\"WebPage\",\"@id\":\"https:\/\/mediatopnews.tg\/?p=12297\",\"url\":\"https:\/\/mediatopnews.tg\/?p=12297\",\"name\":\"Pr\u00e9sidentielle au B\u00e9nin: le ministre des Finances Romuald Wadagni d\u00e9sign\u00e9 candidat de la majorit\u00e9 - R\u00e9c\u00e9piss\u00e9 N\u00b00026\/12-2020\/pl\/P\",\"isPartOf\":{\"@id\":\"https:\/\/mediatopnews.tg\/#website\"},\"primaryImageOfPage\":{\"@id\":\"https:\/\/mediatopnews.tg\/?p=12297#primaryimage\"},\"image\":{\"@id\":\"https:\/\/mediatopnews.tg\/?p=12297#primaryimage\"},\"thumbnailUrl\":\"https:\/\/mediatopnews.tg\/wp-content\/uploads\/2025\/09\/WADA-Tof.jpg\",\"datePublished\":\"2025-09-01T14:01:14+00:00\",\"dateModified\":\"2025-09-01T14:01:17+00:00\",\"breadcrumb\":{\"@id\":\"https:\/\/mediatopnews.tg\/?p=12297#breadcrumb\"},\"inLanguage\":\"fr-FR\",\"potentialAction\":[{\"@type\":\"ReadAction\",\"target\":[\"https:\/\/mediatopnews.tg\/?p=12297\"]}]},{\"@type\":\"ImageObject\",\"inLanguage\":\"fr-FR\",\"@id\":\"https:\/\/mediatopnews.tg\/?p=12297#primaryimage\",\"url\":\"https:\/\/mediatopnews.tg\/wp-content\/uploads\/2025\/09\/WADA-Tof.jpg\",\"contentUrl\":\"https:\/\/mediatopnews.tg\/wp-content\/uploads\/2025\/09\/WADA-Tof.jpg\",\"width\":603,\"height\":400},{\"@type\":\"BreadcrumbList\",\"@id\":\"https:\/\/mediatopnews.tg\/?p=12297#breadcrumb\",\"itemListElement\":[{\"@type\":\"ListItem\",\"position\":1,\"name\":\"Accueil\",\"item\":\"https:\/\/mediatopnews.tg\/\"},{\"@type\":\"ListItem\",\"position\":2,\"name\":\"Pr\u00e9sidentielle au B\u00e9nin: le ministre des Finances Romuald Wadagni d\u00e9sign\u00e9 candidat de la majorit\u00e9\"}]},{\"@type\":\"WebSite\",\"@id\":\"https:\/\/mediatopnews.tg\/#website\",\"url\":\"https:\/\/mediatopnews.tg\/\",\"name\":\"R\u00e9c\u00e9piss\u00e9 N\u00b00026\/12-2020\/pl\/P\",\"description\":\"La toile de l&#039;information\",\"publisher\":{\"@id\":\"https:\/\/mediatopnews.tg\/#organization\"},\"potentialAction\":[{\"@type\":\"SearchAction\",\"target\":{\"@type\":\"EntryPoint\",\"urlTemplate\":\"https:\/\/mediatopnews.tg\/?s={search_term_string}\"},\"query-input\":{\"@type\":\"PropertyValueSpecification\",\"valueRequired\":true,\"valueName\":\"search_term_string\"}}],\"inLanguage\":\"fr-FR\"},{\"@type\":\"Organization\",\"@id\":\"https:\/\/mediatopnews.tg\/#organization\",\"name\":\"R\u00e9c\u00e9piss\u00e9 N\u00b00026\/12-2020\/pl\/P\",\"url\":\"https:\/\/mediatopnews.tg\/\",\"logo\":{\"@type\":\"ImageObject\",\"inLanguage\":\"fr-FR\",\"@id\":\"https:\/\/mediatopnews.tg\/#\/schema\/logo\/image\/\",\"url\":\"https:\/\/mediatopnews.tg\/wp-content\/uploads\/2023\/09\/cropped-cropped-WhatsApp-Image-2023-09-04-at-13.18.30-1-1.jpeg\",\"contentUrl\":\"https:\/\/mediatopnews.tg\/wp-content\/uploads\/2023\/09\/cropped-cropped-WhatsApp-Image-2023-09-04-at-13.18.30-1-1.jpeg\",\"width\":174,\"height\":147,\"caption\":\"R\u00e9c\u00e9piss\u00e9 N\u00b00026\/12-2020\/pl\/P\"},\"image\":{\"@id\":\"https:\/\/mediatopnews.tg\/#\/schema\/logo\/image\/\"}},{\"@type\":\"Person\",\"@id\":\"https:\/\/mediatopnews.tg\/#\/schema\/person\/5264fbaa15cdbc3bbc592caa5cb4bac6\",\"name\":\"La R\u00e9daction\",\"image\":{\"@type\":\"ImageObject\",\"inLanguage\":\"fr-FR\",\"@id\":\"https:\/\/mediatopnews.tg\/#\/schema\/person\/image\/\",\"url\":\"https:\/\/secure.gravatar.com\/avatar\/02c45ef53e124da0300332101a595f5186b781ff193f1243a768c52e15756dcc?s=96&d=mm&r=g\",\"contentUrl\":\"https:\/\/secure.gravatar.com\/avatar\/02c45ef53e124da0300332101a595f5186b781ff193f1243a768c52e15756dcc?s=96&d=mm&r=g\",\"caption\":\"La R\u00e9daction\"},\"url\":\"https:\/\/mediatopnews.tg\/?author=2\"}]}<\/script>\n<!-- \/ Yoast SEO plugin. -->","yoast_head_json":{"title":"Pr\u00e9sidentielle au B\u00e9nin: le ministre des Finances Romuald Wadagni d\u00e9sign\u00e9 candidat de la majorit\u00e9 - R\u00e9c\u00e9piss\u00e9 N\u00b00026\/12-2020\/pl\/P","robots":{"index":"index","follow":"follow","max-snippet":"max-snippet:-1","max-image-preview":"max-image-preview:large","max-video-preview":"max-video-preview:-1"},"canonical":"https:\/\/mediatopnews.tg\/?p=12297","og_locale":"fr_FR","og_type":"article","og_title":"Pr\u00e9sidentielle au B\u00e9nin: le ministre des Finances Romuald Wadagni d\u00e9sign\u00e9 candidat de la majorit\u00e9 - R\u00e9c\u00e9piss\u00e9 N\u00b00026\/12-2020\/pl\/P","og_description":"Au&nbsp;B\u00e9nin, le choix s&rsquo;est op\u00e9r\u00e9 \u00e0 l&rsquo;issue de plusieurs concertations avec le pr\u00e9sident sortant&nbsp;Patrice Talon. Romuald Wadagni, 49 ans, a \u00e9t\u00e9 choisi \u00e0 l&rsquo;unanimit\u00e9 comme candidat unique des deux parties de la majorit\u00e9 gouvernementale pour l&rsquo;\u00e9lection pr\u00e9sidentielle de 2026. Il incarne la figure du haut fonctionnaire des finances modernes et figurait, depuis longtemps, parmi les [&hellip;]","og_url":"https:\/\/mediatopnews.tg\/?p=12297","og_site_name":"R\u00e9c\u00e9piss\u00e9 N\u00b00026\/12-2020\/pl\/P","article_published_time":"2025-09-01T14:01:14+00:00","article_modified_time":"2025-09-01T14:01:17+00:00","og_image":[{"width":603,"height":400,"url":"https:\/\/mediatopnews.tg\/wp-content\/uploads\/2025\/09\/WADA-Tof.jpg","type":"image\/jpeg"}],"author":"La R\u00e9daction","twitter_card":"summary_large_image","twitter_misc":{"\u00c9crit par":"La R\u00e9daction","Dur\u00e9e de lecture estim\u00e9e":"4 minutes"},"schema":{"@context":"https:\/\/schema.org","@graph":[{"@type":"Article","@id":"https:\/\/mediatopnews.tg\/?p=12297#article","isPartOf":{"@id":"https:\/\/mediatopnews.tg\/?p=12297"},"author":{"name":"La R\u00e9daction","@id":"https:\/\/mediatopnews.tg\/#\/schema\/person\/5264fbaa15cdbc3bbc592caa5cb4bac6"},"headline":"Pr\u00e9sidentielle au B\u00e9nin: le ministre des Finances Romuald Wadagni d\u00e9sign\u00e9 candidat de la majorit\u00e9","datePublished":"2025-09-01T14:01:14+00:00","dateModified":"2025-09-01T14:01:17+00:00","mainEntityOfPage":{"@id":"https:\/\/mediatopnews.tg\/?p=12297"},"wordCount":718,"commentCount":0,"publisher":{"@id":"https:\/\/mediatopnews.tg\/#organization"},"image":{"@id":"https:\/\/mediatopnews.tg\/?p=12297#primaryimage"},"thumbnailUrl":"https:\/\/mediatopnews.tg\/wp-content\/uploads\/2025\/09\/WADA-Tof.jpg","articleSection":["POLITIQUE"],"inLanguage":"fr-FR","potentialAction":[{"@type":"CommentAction","name":"Comment","target":["https:\/\/mediatopnews.tg\/?p=12297#respond"]}]},{"@type":"WebPage","@id":"https:\/\/mediatopnews.tg\/?p=12297","url":"https:\/\/mediatopnews.tg\/?p=12297","name":"Pr\u00e9sidentielle au B\u00e9nin: le ministre des Finances Romuald Wadagni d\u00e9sign\u00e9 candidat de la majorit\u00e9 - R\u00e9c\u00e9piss\u00e9 N\u00b00026\/12-2020\/pl\/P","isPartOf":{"@id":"https:\/\/mediatopnews.tg\/#website"},"primaryImageOfPage":{"@id":"https:\/\/mediatopnews.tg\/?p=12297#primaryimage"},"image":{"@id":"https:\/\/mediatopnews.tg\/?p=12297#primaryimage"},"thumbnailUrl":"https:\/\/mediatopnews.tg\/wp-content\/uploads\/2025\/09\/WADA-Tof.jpg","datePublished":"2025-09-01T14:01:14+00:00","dateModified":"2025-09-01T14:01:17+00:00","breadcrumb":{"@id":"https:\/\/mediatopnews.tg\/?p=12297#breadcrumb"},"inLanguage":"fr-FR","potentialAction":[{"@type":"ReadAction","target":["https:\/\/mediatopnews.tg\/?p=12297"]}]},{"@type":"ImageObject","inLanguage":"fr-FR","@id":"https:\/\/mediatopnews.tg\/?p=12297#primaryimage","url":"https:\/\/mediatopnews.tg\/wp-content\/uploads\/2025\/09\/WADA-Tof.jpg","contentUrl":"https:\/\/mediatopnews.tg\/wp-content\/uploads\/2025\/09\/WADA-Tof.jpg","width":603,"height":400},{"@type":"BreadcrumbList","@id":"https:\/\/mediatopnews.tg\/?p=12297#breadcrumb","itemListElement":[{"@type":"ListItem","position":1,"name":"Accueil","item":"https:\/\/mediatopnews.tg\/"},{"@type":"ListItem","position":2,"name":"Pr\u00e9sidentielle au B\u00e9nin: le ministre des Finances Romuald Wadagni d\u00e9sign\u00e9 candidat de la majorit\u00e9"}]},{"@type":"WebSite","@id":"https:\/\/mediatopnews.tg\/#website","url":"https:\/\/mediatopnews.tg\/","name":"R\u00e9c\u00e9piss\u00e9 N\u00b00026\/12-2020\/pl\/P","description":"La toile de l&#039;information","publisher":{"@id":"https:\/\/mediatopnews.tg\/#organization"},"potentialAction":[{"@type":"SearchAction","target":{"@type":"EntryPoint","urlTemplate":"https:\/\/mediatopnews.tg\/?s={search_term_string}"},"query-input":{"@type":"PropertyValueSpecification","valueRequired":true,"valueName":"search_term_string"}}],"inLanguage":"fr-FR"},{"@type":"Organization","@id":"https:\/\/mediatopnews.tg\/#organization","name":"R\u00e9c\u00e9piss\u00e9 N\u00b00026\/12-2020\/pl\/P","url":"https:\/\/mediatopnews.tg\/","logo":{"@type":"ImageObject","inLanguage":"fr-FR","@id":"https:\/\/mediatopnews.tg\/#\/schema\/logo\/image\/","url":"https:\/\/mediatopnews.tg\/wp-content\/uploads\/2023\/09\/cropped-cropped-WhatsApp-Image-2023-09-04-at-13.18.30-1-1.jpeg","contentUrl":"https:\/\/mediatopnews.tg\/wp-content\/uploads\/2023\/09\/cropped-cropped-WhatsApp-Image-2023-09-04-at-13.18.30-1-1.jpeg","width":174,"height":147,"caption":"R\u00e9c\u00e9piss\u00e9 N\u00b00026\/12-2020\/pl\/P"},"image":{"@id":"https:\/\/mediatopnews.tg\/#\/schema\/logo\/image\/"}},{"@type":"Person","@id":"https:\/\/mediatopnews.tg\/#\/schema\/person\/5264fbaa15cdbc3bbc592caa5cb4bac6","name":"La R\u00e9daction","image":{"@type":"ImageObject","inLanguage":"fr-FR","@id":"https:\/\/mediatopnews.tg\/#\/schema\/person\/image\/","url":"https:\/\/secure.gravatar.com\/avatar\/02c45ef53e124da0300332101a595f5186b781ff193f1243a768c52e15756dcc?s=96&d=mm&r=g","contentUrl":"https:\/\/secure.gravatar.com\/avatar\/02c45ef53e124da0300332101a595f5186b781ff193f1243a768c52e15756dcc?s=96&d=mm&r=g","caption":"La R\u00e9daction"},"url":"https:\/\/mediatopnews.tg\/?author=2"}]}},"_links":{"self":[{"href":"https:\/\/mediatopnews.tg\/index.php?rest_route=\/wp\/v2\/posts\/12297","targetHints":{"allow":["GET"]}}],"collection":[{"href":"https:\/\/mediatopnews.tg\/index.php?rest_route=\/wp\/v2\/posts"}],"about":[{"href":"https:\/\/mediatopnews.tg\/index.php?rest_route=\/wp\/v2\/types\/post"}],"author":[{"embeddable":true,"href":"https:\/\/mediatopnews.tg\/index.php?rest_route=\/wp\/v2\/users\/2"}],"replies":[{"embeddable":true,"href":"https:\/\/mediatopnews.tg\/index.php?rest_route=%2Fwp%2Fv2%2Fcomments&post=12297"}],"version-history":[{"count":1,"href":"https:\/\/mediatopnews.tg\/index.php?rest_route=\/wp\/v2\/posts\/12297\/revisions"}],"predecessor-version":[{"id":12299,"href":"https:\/\/mediatopnews.tg\/index.php?rest_route=\/wp\/v2\/posts\/12297\/revisions\/12299"}],"wp:featuredmedia":[{"embeddable":true,"href":"https:\/\/mediatopnews.tg\/index.php?rest_route=\/wp\/v2\/media\/12298"}],"wp:attachment":[{"href":"https:\/\/mediatopnews.tg\/index.php?rest_route=%2Fwp%2Fv2%2Fmedia&parent=12297"}],"wp:term":[{"taxonomy":"category","embeddable":true,"href":"https:\/\/mediatopnews.tg\/index.php?rest_route=%2Fwp%2Fv2%2Fcategories&post=12297"},{"taxonomy":"post_tag","embeddable":true,"href":"https:\/\/mediatopnews.tg\/index.php?rest_route=%2Fwp%2Fv2%2Ftags&post=12297"}],"curies":[{"name":"wp","href":"https:\/\/api.w.org\/{rel}","templated":true}]}}