{"id":12300,"date":"2025-09-01T14:15:07","date_gmt":"2025-09-01T14:15:07","guid":{"rendered":"https:\/\/mediatopnews.tg\/?p=12300"},"modified":"2025-09-01T14:15:11","modified_gmt":"2025-09-01T14:15:11","slug":"vo-fete-traditionnelle-la-39eme-edition-d-adzinukuza-celebree-a-vogan","status":"publish","type":"post","link":"https:\/\/mediatopnews.tg\/?p=12300","title":{"rendered":"Vo\/f\u00eate traditionnelle : la 39eme \u00e9dition d\u2019\u00ab Adzinukuza \u00bb c\u00e9l\u00e9br\u00e9e \u00e0 Vogan"},"content":{"rendered":"\n<p><strong>Les natifs de la pr\u00e9fecture de Vo ont c\u00e9l\u00e9br\u00e9, la 39<\/strong><strong><sup>\u00e8me<\/sup><\/strong><strong>&nbsp;\u00e9dition de leur f\u00eate traditionnelle \u00ab&nbsp;Adzinukuza&nbsp;\u00bb, le samedi 30 ao\u00fbt, \u00e0 Vogan, dans la commune Vo 1 sous le signe de la paix et du d\u00e9veloppement.<\/strong><\/p>\n\n\n\n<p>L\u2019apoth\u00e9ose de cette f\u00eate a connu la pr\u00e9sence du pr\u00e9sident de l\u2019Assembl\u00e9e nationale, S\u00e9von-T\u00e9p\u00e9 Kodjo Ad\u00e9dz\u00e9 repr\u00e9sentant le Pr\u00e9sident du Conseil. Il est entour\u00e9 pour la circonstance du Premier ministre Victoire Sid\u00e9meho Tom\u00e9gah Dogb\u00e9, des pr\u00e9fets, des maires, des s\u00e9nateurs, des d\u00e9put\u00e9s, des membres du corps diplomatiques, des autorit\u00e9s politiques, administratives, religieuses et militaires, des invit\u00e9s ainsi que la population de Vo et ses environs<\/p>\n\n\n\n<figure class=\"wp-block-image size-full\"><img loading=\"lazy\" decoding=\"async\" width=\"843\" height=\"537\" src=\"https:\/\/mediatopnews.tg\/wp-content\/uploads\/2025\/09\/Capture.jpg\" alt=\"\" class=\"wp-image-12301\" srcset=\"https:\/\/mediatopnews.tg\/wp-content\/uploads\/2025\/09\/Capture.jpg 843w, https:\/\/mediatopnews.tg\/wp-content\/uploads\/2025\/09\/Capture-300x191.jpg 300w, https:\/\/mediatopnews.tg\/wp-content\/uploads\/2025\/09\/Capture-768x489.jpg 768w\" sizes=\"auto, (max-width: 843px) 100vw, 843px\" \/><\/figure>\n\n\n\n<p>\u00ab Adzinukuza \u00bb est une f\u00eate des pr\u00e9mices en guise de remerciement \u00e0 Dieu qui a permis d\u2019abondantes r\u00e9coltes \u00e0 cette fin de saison culturale. Elle symbolise la reconnaissance des hommes \u00e0 la terre nourrici\u00e8re et aux m\u00e2nes des anc\u00eatres qui ont favoris\u00e9 de belles r\u00e9coltes.<\/p>\n\n\n\n<p>L\u2019\u00e9v\u00e9nement a \u00e9t\u00e9 marqu\u00e9 par des c\u00e9r\u00e9monies traditionnelles, une journ\u00e9e de r\u00e9flexion sur le d\u00e9veloppement de la pr\u00e9fecture, la pr\u00e9sentation de l\u2019historique de la f\u00eate \u00ab Adzinukuza \u00bb, la prestation des groupes folkloriques d\u00e9montrant la richesse culturelle de la localit\u00e9, la remise de r\u00e9compenses aux \u00e9l\u00e8ves m\u00e9ritants, des prix aux producteurs agricoles et aux artisans, des chants et danses.<\/p>\n\n\n\n<p>Le ministre Kanka Malik Natchaba, porte-parole du gouvernement a, d\u2019entr\u00e9e, transmis \u00e0 la laborieuse population de Vo, les salutations fraternelles du pr\u00e9sident du conseil, Faure Gnassingb\u00e9. Il a invit\u00e9 la population \u00e0 prot\u00e9ger son patrimoine culturel, \u00e0 la revaloriser et \u00e0 la transmettre aux g\u00e9n\u00e9rations futures en vue de sa sauvegarde. Le ministre a rappel\u00e9 l\u2019importance que le gouvernement accorde au d\u00e9veloppement dans ses priorit\u00e9s, convi\u00e9 la population \u00e0 s\u2019inscrire dans la vision ambitieuse du d\u00e9veloppement qui est pr\u00f4n\u00e9 par le gouvernement. Il a remerci\u00e9 toutes les personnalit\u00e9s qui ont rehauss\u00e9 de leur pr\u00e9sence l\u2019\u00e9clat de la c\u00e9l\u00e9bration.<\/p>\n\n\n\n<figure class=\"wp-block-image size-full\"><img loading=\"lazy\" decoding=\"async\" width=\"612\" height=\"331\" src=\"https:\/\/mediatopnews.tg\/wp-content\/uploads\/2025\/09\/tof-vo.jpg\" alt=\"\" class=\"wp-image-12302\" srcset=\"https:\/\/mediatopnews.tg\/wp-content\/uploads\/2025\/09\/tof-vo.jpg 612w, https:\/\/mediatopnews.tg\/wp-content\/uploads\/2025\/09\/tof-vo-300x162.jpg 300w\" sizes=\"auto, (max-width: 612px) 100vw, 612px\" \/><\/figure>\n\n\n\n<p>Le pr\u00e9sident du conseil des chefs traditionnels de Vo, Togbui Dravie Sassou Anyron 4 et le pr\u00e9sident du comit\u00e9 d\u2019organisation, Tsiglo Kosssi ont tour \u00e0 tour remerci\u00e9 toute l\u2019assistance pour sa contribution \u00e0 la r\u00e9ussite de la f\u00eate et remerci\u00e9 le gouvernement pour les actions dans la pr\u00e9fecture de Vo.<\/p>\n\n\n\n<p>La 39<sup>\u00e8me<\/sup>&nbsp;\u00e9dition de la f\u00eate traditionnelle de cette ann\u00e9e a pris fin par la d\u00e9gustation des mets locaux par les officiels.<\/p>\n\n\n\n<p><strong>RFI<\/strong><\/p>\n","protected":false},"excerpt":{"rendered":"<p>Les natifs de la pr\u00e9fecture de Vo ont c\u00e9l\u00e9br\u00e9, la 39\u00e8me&nbsp;\u00e9dition de leur f\u00eate traditionnelle \u00ab&nbsp;Adzinukuza&nbsp;\u00bb, le samedi 30 ao\u00fbt, \u00e0 Vogan, dans la commune Vo 1 sous le signe de la paix et du d\u00e9veloppement. L\u2019apoth\u00e9ose de cette f\u00eate a connu la pr\u00e9sence du pr\u00e9sident de l\u2019Assembl\u00e9e nationale, S\u00e9von-T\u00e9p\u00e9 Kodjo Ad\u00e9dz\u00e9 repr\u00e9sentant le Pr\u00e9sident [&hellip;]<\/p>\n","protected":false},"author":2,"featured_media":12301,"comment_status":"open","ping_status":"closed","sticky":false,"template":"","format":"standard","meta":{"footnotes":""},"categories":[3],"tags":[],"class_list":["post-12300","post","type-post","status-publish","format-standard","has-post-thumbnail","hentry","category-societe"],"yoast_head":"<!-- This site is optimized with the Yoast SEO plugin v26.5 - https:\/\/yoast.com\/wordpress\/plugins\/seo\/ -->\n<title>Vo\/f\u00eate traditionnelle : la 39eme \u00e9dition d\u2019\u00ab Adzinukuza \u00bb c\u00e9l\u00e9br\u00e9e \u00e0 Vogan - R\u00e9c\u00e9piss\u00e9 N\u00b00026\/12-2020\/pl\/P<\/title>\n<meta name=\"robots\" content=\"index, follow, max-snippet:-1, max-image-preview:large, max-video-preview:-1\" \/>\n<link rel=\"canonical\" href=\"https:\/\/mediatopnews.tg\/?p=12300\" \/>\n<meta property=\"og:locale\" content=\"fr_FR\" \/>\n<meta property=\"og:type\" content=\"article\" \/>\n<meta property=\"og:title\" content=\"Vo\/f\u00eate traditionnelle : la 39eme \u00e9dition d\u2019\u00ab Adzinukuza \u00bb c\u00e9l\u00e9br\u00e9e \u00e0 Vogan - R\u00e9c\u00e9piss\u00e9 N\u00b00026\/12-2020\/pl\/P\" \/>\n<meta property=\"og:description\" content=\"Les natifs de la pr\u00e9fecture de Vo ont c\u00e9l\u00e9br\u00e9, la 39\u00e8me&nbsp;\u00e9dition de leur f\u00eate traditionnelle \u00ab&nbsp;Adzinukuza&nbsp;\u00bb, le samedi 30 ao\u00fbt, \u00e0 Vogan, dans la commune Vo 1 sous le signe de la paix et du d\u00e9veloppement. L\u2019apoth\u00e9ose de cette f\u00eate a connu la pr\u00e9sence du pr\u00e9sident de l\u2019Assembl\u00e9e nationale, S\u00e9von-T\u00e9p\u00e9 Kodjo Ad\u00e9dz\u00e9 repr\u00e9sentant le Pr\u00e9sident [&hellip;]\" \/>\n<meta property=\"og:url\" content=\"https:\/\/mediatopnews.tg\/?p=12300\" \/>\n<meta property=\"og:site_name\" content=\"R\u00e9c\u00e9piss\u00e9 N\u00b00026\/12-2020\/pl\/P\" \/>\n<meta property=\"article:published_time\" content=\"2025-09-01T14:15:07+00:00\" \/>\n<meta property=\"article:modified_time\" content=\"2025-09-01T14:15:11+00:00\" \/>\n<meta property=\"og:image\" content=\"https:\/\/mediatopnews.tg\/wp-content\/uploads\/2025\/09\/Capture.jpg\" \/>\n\t<meta property=\"og:image:width\" content=\"843\" \/>\n\t<meta property=\"og:image:height\" content=\"537\" \/>\n\t<meta property=\"og:image:type\" content=\"image\/jpeg\" \/>\n<meta name=\"author\" content=\"La R\u00e9daction\" \/>\n<meta name=\"twitter:card\" content=\"summary_large_image\" \/>\n<meta name=\"twitter:label1\" content=\"\u00c9crit par\" \/>\n\t<meta name=\"twitter:data1\" content=\"La R\u00e9daction\" \/>\n\t<meta name=\"twitter:label2\" content=\"Dur\u00e9e de lecture estim\u00e9e\" \/>\n\t<meta name=\"twitter:data2\" content=\"3 minutes\" \/>\n<script type=\"application\/ld+json\" class=\"yoast-schema-graph\">{\"@context\":\"https:\/\/schema.org\",\"@graph\":[{\"@type\":\"Article\",\"@id\":\"https:\/\/mediatopnews.tg\/?p=12300#article\",\"isPartOf\":{\"@id\":\"https:\/\/mediatopnews.tg\/?p=12300\"},\"author\":{\"name\":\"La R\u00e9daction\",\"@id\":\"https:\/\/mediatopnews.tg\/#\/schema\/person\/5264fbaa15cdbc3bbc592caa5cb4bac6\"},\"headline\":\"Vo\/f\u00eate traditionnelle : la 39eme \u00e9dition d\u2019\u00ab Adzinukuza \u00bb c\u00e9l\u00e9br\u00e9e \u00e0 Vogan\",\"datePublished\":\"2025-09-01T14:15:07+00:00\",\"dateModified\":\"2025-09-01T14:15:11+00:00\",\"mainEntityOfPage\":{\"@id\":\"https:\/\/mediatopnews.tg\/?p=12300\"},\"wordCount\":454,\"commentCount\":0,\"publisher\":{\"@id\":\"https:\/\/mediatopnews.tg\/#organization\"},\"image\":{\"@id\":\"https:\/\/mediatopnews.tg\/?p=12300#primaryimage\"},\"thumbnailUrl\":\"https:\/\/mediatopnews.tg\/wp-content\/uploads\/2025\/09\/Capture.jpg\",\"articleSection\":[\"SOCIETE\"],\"inLanguage\":\"fr-FR\",\"potentialAction\":[{\"@type\":\"CommentAction\",\"name\":\"Comment\",\"target\":[\"https:\/\/mediatopnews.tg\/?p=12300#respond\"]}]},{\"@type\":\"WebPage\",\"@id\":\"https:\/\/mediatopnews.tg\/?p=12300\",\"url\":\"https:\/\/mediatopnews.tg\/?p=12300\",\"name\":\"Vo\/f\u00eate traditionnelle : la 39eme \u00e9dition d\u2019\u00ab Adzinukuza \u00bb c\u00e9l\u00e9br\u00e9e \u00e0 Vogan - R\u00e9c\u00e9piss\u00e9 N\u00b00026\/12-2020\/pl\/P\",\"isPartOf\":{\"@id\":\"https:\/\/mediatopnews.tg\/#website\"},\"primaryImageOfPage\":{\"@id\":\"https:\/\/mediatopnews.tg\/?p=12300#primaryimage\"},\"image\":{\"@id\":\"https:\/\/mediatopnews.tg\/?p=12300#primaryimage\"},\"thumbnailUrl\":\"https:\/\/mediatopnews.tg\/wp-content\/uploads\/2025\/09\/Capture.jpg\",\"datePublished\":\"2025-09-01T14:15:07+00:00\",\"dateModified\":\"2025-09-01T14:15:11+00:00\",\"breadcrumb\":{\"@id\":\"https:\/\/mediatopnews.tg\/?p=12300#breadcrumb\"},\"inLanguage\":\"fr-FR\",\"potentialAction\":[{\"@type\":\"ReadAction\",\"target\":[\"https:\/\/mediatopnews.tg\/?p=12300\"]}]},{\"@type\":\"ImageObject\",\"inLanguage\":\"fr-FR\",\"@id\":\"https:\/\/mediatopnews.tg\/?p=12300#primaryimage\",\"url\":\"https:\/\/mediatopnews.tg\/wp-content\/uploads\/2025\/09\/Capture.jpg\",\"contentUrl\":\"https:\/\/mediatopnews.tg\/wp-content\/uploads\/2025\/09\/Capture.jpg\",\"width\":843,\"height\":537},{\"@type\":\"BreadcrumbList\",\"@id\":\"https:\/\/mediatopnews.tg\/?p=12300#breadcrumb\",\"itemListElement\":[{\"@type\":\"ListItem\",\"position\":1,\"name\":\"Accueil\",\"item\":\"https:\/\/mediatopnews.tg\/\"},{\"@type\":\"ListItem\",\"position\":2,\"name\":\"Vo\/f\u00eate traditionnelle : la 39eme \u00e9dition d\u2019\u00ab Adzinukuza \u00bb c\u00e9l\u00e9br\u00e9e \u00e0 Vogan\"}]},{\"@type\":\"WebSite\",\"@id\":\"https:\/\/mediatopnews.tg\/#website\",\"url\":\"https:\/\/mediatopnews.tg\/\",\"name\":\"R\u00e9c\u00e9piss\u00e9 N\u00b00026\/12-2020\/pl\/P\",\"description\":\"La toile de l&#039;information\",\"publisher\":{\"@id\":\"https:\/\/mediatopnews.tg\/#organization\"},\"potentialAction\":[{\"@type\":\"SearchAction\",\"target\":{\"@type\":\"EntryPoint\",\"urlTemplate\":\"https:\/\/mediatopnews.tg\/?s={search_term_string}\"},\"query-input\":{\"@type\":\"PropertyValueSpecification\",\"valueRequired\":true,\"valueName\":\"search_term_string\"}}],\"inLanguage\":\"fr-FR\"},{\"@type\":\"Organization\",\"@id\":\"https:\/\/mediatopnews.tg\/#organization\",\"name\":\"R\u00e9c\u00e9piss\u00e9 N\u00b00026\/12-2020\/pl\/P\",\"url\":\"https:\/\/mediatopnews.tg\/\",\"logo\":{\"@type\":\"ImageObject\",\"inLanguage\":\"fr-FR\",\"@id\":\"https:\/\/mediatopnews.tg\/#\/schema\/logo\/image\/\",\"url\":\"https:\/\/mediatopnews.tg\/wp-content\/uploads\/2023\/09\/cropped-cropped-WhatsApp-Image-2023-09-04-at-13.18.30-1-1.jpeg\",\"contentUrl\":\"https:\/\/mediatopnews.tg\/wp-content\/uploads\/2023\/09\/cropped-cropped-WhatsApp-Image-2023-09-04-at-13.18.30-1-1.jpeg\",\"width\":174,\"height\":147,\"caption\":\"R\u00e9c\u00e9piss\u00e9 N\u00b00026\/12-2020\/pl\/P\"},\"image\":{\"@id\":\"https:\/\/mediatopnews.tg\/#\/schema\/logo\/image\/\"}},{\"@type\":\"Person\",\"@id\":\"https:\/\/mediatopnews.tg\/#\/schema\/person\/5264fbaa15cdbc3bbc592caa5cb4bac6\",\"name\":\"La R\u00e9daction\",\"image\":{\"@type\":\"ImageObject\",\"inLanguage\":\"fr-FR\",\"@id\":\"https:\/\/mediatopnews.tg\/#\/schema\/person\/image\/\",\"url\":\"https:\/\/secure.gravatar.com\/avatar\/02c45ef53e124da0300332101a595f5186b781ff193f1243a768c52e15756dcc?s=96&d=mm&r=g\",\"contentUrl\":\"https:\/\/secure.gravatar.com\/avatar\/02c45ef53e124da0300332101a595f5186b781ff193f1243a768c52e15756dcc?s=96&d=mm&r=g\",\"caption\":\"La R\u00e9daction\"},\"url\":\"https:\/\/mediatopnews.tg\/?author=2\"}]}<\/script>\n<!-- \/ Yoast SEO plugin. -->","yoast_head_json":{"title":"Vo\/f\u00eate traditionnelle : la 39eme \u00e9dition d\u2019\u00ab Adzinukuza \u00bb c\u00e9l\u00e9br\u00e9e \u00e0 Vogan - R\u00e9c\u00e9piss\u00e9 N\u00b00026\/12-2020\/pl\/P","robots":{"index":"index","follow":"follow","max-snippet":"max-snippet:-1","max-image-preview":"max-image-preview:large","max-video-preview":"max-video-preview:-1"},"canonical":"https:\/\/mediatopnews.tg\/?p=12300","og_locale":"fr_FR","og_type":"article","og_title":"Vo\/f\u00eate traditionnelle : la 39eme \u00e9dition d\u2019\u00ab Adzinukuza \u00bb c\u00e9l\u00e9br\u00e9e \u00e0 Vogan - R\u00e9c\u00e9piss\u00e9 N\u00b00026\/12-2020\/pl\/P","og_description":"Les natifs de la pr\u00e9fecture de Vo ont c\u00e9l\u00e9br\u00e9, la 39\u00e8me&nbsp;\u00e9dition de leur f\u00eate traditionnelle \u00ab&nbsp;Adzinukuza&nbsp;\u00bb, le samedi 30 ao\u00fbt, \u00e0 Vogan, dans la commune Vo 1 sous le signe de la paix et du d\u00e9veloppement. L\u2019apoth\u00e9ose de cette f\u00eate a connu la pr\u00e9sence du pr\u00e9sident de l\u2019Assembl\u00e9e nationale, S\u00e9von-T\u00e9p\u00e9 Kodjo Ad\u00e9dz\u00e9 repr\u00e9sentant le Pr\u00e9sident [&hellip;]","og_url":"https:\/\/mediatopnews.tg\/?p=12300","og_site_name":"R\u00e9c\u00e9piss\u00e9 N\u00b00026\/12-2020\/pl\/P","article_published_time":"2025-09-01T14:15:07+00:00","article_modified_time":"2025-09-01T14:15:11+00:00","og_image":[{"width":843,"height":537,"url":"https:\/\/mediatopnews.tg\/wp-content\/uploads\/2025\/09\/Capture.jpg","type":"image\/jpeg"}],"author":"La R\u00e9daction","twitter_card":"summary_large_image","twitter_misc":{"\u00c9crit par":"La R\u00e9daction","Dur\u00e9e de lecture estim\u00e9e":"3 minutes"},"schema":{"@context":"https:\/\/schema.org","@graph":[{"@type":"Article","@id":"https:\/\/mediatopnews.tg\/?p=12300#article","isPartOf":{"@id":"https:\/\/mediatopnews.tg\/?p=12300"},"author":{"name":"La R\u00e9daction","@id":"https:\/\/mediatopnews.tg\/#\/schema\/person\/5264fbaa15cdbc3bbc592caa5cb4bac6"},"headline":"Vo\/f\u00eate traditionnelle : la 39eme \u00e9dition d\u2019\u00ab Adzinukuza \u00bb c\u00e9l\u00e9br\u00e9e \u00e0 Vogan","datePublished":"2025-09-01T14:15:07+00:00","dateModified":"2025-09-01T14:15:11+00:00","mainEntityOfPage":{"@id":"https:\/\/mediatopnews.tg\/?p=12300"},"wordCount":454,"commentCount":0,"publisher":{"@id":"https:\/\/mediatopnews.tg\/#organization"},"image":{"@id":"https:\/\/mediatopnews.tg\/?p=12300#primaryimage"},"thumbnailUrl":"https:\/\/mediatopnews.tg\/wp-content\/uploads\/2025\/09\/Capture.jpg","articleSection":["SOCIETE"],"inLanguage":"fr-FR","potentialAction":[{"@type":"CommentAction","name":"Comment","target":["https:\/\/mediatopnews.tg\/?p=12300#respond"]}]},{"@type":"WebPage","@id":"https:\/\/mediatopnews.tg\/?p=12300","url":"https:\/\/mediatopnews.tg\/?p=12300","name":"Vo\/f\u00eate traditionnelle : la 39eme \u00e9dition d\u2019\u00ab Adzinukuza \u00bb c\u00e9l\u00e9br\u00e9e \u00e0 Vogan - R\u00e9c\u00e9piss\u00e9 N\u00b00026\/12-2020\/pl\/P","isPartOf":{"@id":"https:\/\/mediatopnews.tg\/#website"},"primaryImageOfPage":{"@id":"https:\/\/mediatopnews.tg\/?p=12300#primaryimage"},"image":{"@id":"https:\/\/mediatopnews.tg\/?p=12300#primaryimage"},"thumbnailUrl":"https:\/\/mediatopnews.tg\/wp-content\/uploads\/2025\/09\/Capture.jpg","datePublished":"2025-09-01T14:15:07+00:00","dateModified":"2025-09-01T14:15:11+00:00","breadcrumb":{"@id":"https:\/\/mediatopnews.tg\/?p=12300#breadcrumb"},"inLanguage":"fr-FR","potentialAction":[{"@type":"ReadAction","target":["https:\/\/mediatopnews.tg\/?p=12300"]}]},{"@type":"ImageObject","inLanguage":"fr-FR","@id":"https:\/\/mediatopnews.tg\/?p=12300#primaryimage","url":"https:\/\/mediatopnews.tg\/wp-content\/uploads\/2025\/09\/Capture.jpg","contentUrl":"https:\/\/mediatopnews.tg\/wp-content\/uploads\/2025\/09\/Capture.jpg","width":843,"height":537},{"@type":"BreadcrumbList","@id":"https:\/\/mediatopnews.tg\/?p=12300#breadcrumb","itemListElement":[{"@type":"ListItem","position":1,"name":"Accueil","item":"https:\/\/mediatopnews.tg\/"},{"@type":"ListItem","position":2,"name":"Vo\/f\u00eate traditionnelle : la 39eme \u00e9dition d\u2019\u00ab Adzinukuza \u00bb c\u00e9l\u00e9br\u00e9e \u00e0 Vogan"}]},{"@type":"WebSite","@id":"https:\/\/mediatopnews.tg\/#website","url":"https:\/\/mediatopnews.tg\/","name":"R\u00e9c\u00e9piss\u00e9 N\u00b00026\/12-2020\/pl\/P","description":"La toile de l&#039;information","publisher":{"@id":"https:\/\/mediatopnews.tg\/#organization"},"potentialAction":[{"@type":"SearchAction","target":{"@type":"EntryPoint","urlTemplate":"https:\/\/mediatopnews.tg\/?s={search_term_string}"},"query-input":{"@type":"PropertyValueSpecification","valueRequired":true,"valueName":"search_term_string"}}],"inLanguage":"fr-FR"},{"@type":"Organization","@id":"https:\/\/mediatopnews.tg\/#organization","name":"R\u00e9c\u00e9piss\u00e9 N\u00b00026\/12-2020\/pl\/P","url":"https:\/\/mediatopnews.tg\/","logo":{"@type":"ImageObject","inLanguage":"fr-FR","@id":"https:\/\/mediatopnews.tg\/#\/schema\/logo\/image\/","url":"https:\/\/mediatopnews.tg\/wp-content\/uploads\/2023\/09\/cropped-cropped-WhatsApp-Image-2023-09-04-at-13.18.30-1-1.jpeg","contentUrl":"https:\/\/mediatopnews.tg\/wp-content\/uploads\/2023\/09\/cropped-cropped-WhatsApp-Image-2023-09-04-at-13.18.30-1-1.jpeg","width":174,"height":147,"caption":"R\u00e9c\u00e9piss\u00e9 N\u00b00026\/12-2020\/pl\/P"},"image":{"@id":"https:\/\/mediatopnews.tg\/#\/schema\/logo\/image\/"}},{"@type":"Person","@id":"https:\/\/mediatopnews.tg\/#\/schema\/person\/5264fbaa15cdbc3bbc592caa5cb4bac6","name":"La R\u00e9daction","image":{"@type":"ImageObject","inLanguage":"fr-FR","@id":"https:\/\/mediatopnews.tg\/#\/schema\/person\/image\/","url":"https:\/\/secure.gravatar.com\/avatar\/02c45ef53e124da0300332101a595f5186b781ff193f1243a768c52e15756dcc?s=96&d=mm&r=g","contentUrl":"https:\/\/secure.gravatar.com\/avatar\/02c45ef53e124da0300332101a595f5186b781ff193f1243a768c52e15756dcc?s=96&d=mm&r=g","caption":"La R\u00e9daction"},"url":"https:\/\/mediatopnews.tg\/?author=2"}]}},"_links":{"self":[{"href":"https:\/\/mediatopnews.tg\/index.php?rest_route=\/wp\/v2\/posts\/12300","targetHints":{"allow":["GET"]}}],"collection":[{"href":"https:\/\/mediatopnews.tg\/index.php?rest_route=\/wp\/v2\/posts"}],"about":[{"href":"https:\/\/mediatopnews.tg\/index.php?rest_route=\/wp\/v2\/types\/post"}],"author":[{"embeddable":true,"href":"https:\/\/mediatopnews.tg\/index.php?rest_route=\/wp\/v2\/users\/2"}],"replies":[{"embeddable":true,"href":"https:\/\/mediatopnews.tg\/index.php?rest_route=%2Fwp%2Fv2%2Fcomments&post=12300"}],"version-history":[{"count":1,"href":"https:\/\/mediatopnews.tg\/index.php?rest_route=\/wp\/v2\/posts\/12300\/revisions"}],"predecessor-version":[{"id":12303,"href":"https:\/\/mediatopnews.tg\/index.php?rest_route=\/wp\/v2\/posts\/12300\/revisions\/12303"}],"wp:featuredmedia":[{"embeddable":true,"href":"https:\/\/mediatopnews.tg\/index.php?rest_route=\/wp\/v2\/media\/12301"}],"wp:attachment":[{"href":"https:\/\/mediatopnews.tg\/index.php?rest_route=%2Fwp%2Fv2%2Fmedia&parent=12300"}],"wp:term":[{"taxonomy":"category","embeddable":true,"href":"https:\/\/mediatopnews.tg\/index.php?rest_route=%2Fwp%2Fv2%2Fcategories&post=12300"},{"taxonomy":"post_tag","embeddable":true,"href":"https:\/\/mediatopnews.tg\/index.php?rest_route=%2Fwp%2Fv2%2Ftags&post=12300"}],"curies":[{"name":"wp","href":"https:\/\/api.w.org\/{rel}","templated":true}]}}