{"id":14316,"date":"2026-03-12T08:47:41","date_gmt":"2026-03-12T08:47:41","guid":{"rendered":"https:\/\/mediatopnews.tg\/?p=14316"},"modified":"2026-03-12T08:47:42","modified_gmt":"2026-03-12T08:47:42","slug":"akebou-la-journee-internationale-des-droits-des-femmes-celebree-a-kougnohou","status":"publish","type":"post","link":"https:\/\/mediatopnews.tg\/?p=14316","title":{"rendered":"Ak\u00e9bou : la Journ\u00e9e internationale des droits des femmes c\u00e9l\u00e9br\u00e9e \u00e0 Kougnohou \u00a0"},"content":{"rendered":"\n<p><\/p>\n\n\n\n<p>\u00c0 l\u2019occasion de la c\u00e9l\u00e9bration de la Journ\u00e9e internationale des droits des femmes, le dimanche 8 mars, les populations de Kougnohou, chef-lieu de la pr\u00e9fecture de l\u2019Ak\u00e9bou, se sont mobilis\u00e9es autour d\u2019activit\u00e9s de sensibilisation consacr\u00e9es \u00e0 la promotion et \u00e0 la protection des droits des femmes.<\/p>\n\n\n\n<figure class=\"wp-block-image size-large\"><img loading=\"lazy\" decoding=\"async\" width=\"1024\" height=\"768\" src=\"https:\/\/mediatopnews.tg\/wp-content\/uploads\/2026\/03\/NBOMA-1-1024x768.jpeg\" alt=\"\" class=\"wp-image-14303\" srcset=\"https:\/\/mediatopnews.tg\/wp-content\/uploads\/2026\/03\/NBOMA-1-1024x768.jpeg 1024w, https:\/\/mediatopnews.tg\/wp-content\/uploads\/2026\/03\/NBOMA-1-300x225.jpeg 300w, https:\/\/mediatopnews.tg\/wp-content\/uploads\/2026\/03\/NBOMA-1-768x576.jpeg 768w, https:\/\/mediatopnews.tg\/wp-content\/uploads\/2026\/03\/NBOMA-1.jpeg 1280w\" sizes=\"auto, (max-width: 1024px) 100vw, 1024px\" \/><\/figure>\n\n\n\n<p>Organis\u00e9e en collaboration avec la F\u00e9d\u00e9ration des associations de femmes de la localit\u00e9, la rencontre a \u00e9t\u00e9 l\u2019occasion de rappeler l\u2019importance du respect des droits des femmes et de renforcer les actions visant \u00e0 faciliter leur acc\u00e8s \u00e0 la justice.L\u2019\u00e9v\u00e9nement s\u2019est d\u00e9roul\u00e9 en pr\u00e9sence de l\u2019honorable d\u00e9put\u00e9e Ameyo Dianti Lumen M\u2019BOMA, &nbsp;Au cours de cette c\u00e9l\u00e9bration, plusieurs messages de sensibilisation ont \u00e9t\u00e9 adress\u00e9s aux participantes et aux communaut\u00e9s, mettant l\u2019accent sur la n\u00e9cessit\u00e9 de promouvoir l\u2019\u00e9galit\u00e9 des chances, de lutter contre les violences bas\u00e9es sur le genre et d\u2019encourager l\u2019autonomisation des femmes.<\/p>\n\n\n\n<figure class=\"wp-block-image size-large\"><img loading=\"lazy\" decoding=\"async\" width=\"1024\" height=\"461\" src=\"https:\/\/mediatopnews.tg\/wp-content\/uploads\/2026\/03\/MBOMA-2-1024x461.jpeg\" alt=\"\" class=\"wp-image-14299\" srcset=\"https:\/\/mediatopnews.tg\/wp-content\/uploads\/2026\/03\/MBOMA-2-1024x461.jpeg 1024w, https:\/\/mediatopnews.tg\/wp-content\/uploads\/2026\/03\/MBOMA-2-300x135.jpeg 300w, https:\/\/mediatopnews.tg\/wp-content\/uploads\/2026\/03\/MBOMA-2-768x346.jpeg 768w, https:\/\/mediatopnews.tg\/wp-content\/uploads\/2026\/03\/MBOMA-2.jpeg 1040w\" sizes=\"auto, (max-width: 1024px) 100vw, 1024px\" \/><\/figure>\n\n\n\n<p>Les activit\u00e9s ont \u00e9galement enregistr\u00e9 la pr\u00e9sence de plusieurs autorit\u00e9s administratives et traditionnelles venues t\u00e9moigner leur soutien \u00e0 cette initiative. Parmi elles figuraient le secr\u00e9taire g\u00e9n\u00e9ral de la pr\u00e9fecture, repr\u00e9sentant le pr\u00e9fet, des chefs traditionnels, des responsables des confessions religieuses ainsi que des autorit\u00e9s militaires.<\/p>\n\n\n\n<p>\u00c0 travers cette mobilisation, les acteurs locaux ont r\u00e9affirm\u00e9 leur engagement \u00e0 accompagner les initiatives visant \u00e0 renforcer la place et les droits des femmes dans la soci\u00e9t\u00e9 togolaise.<\/p>\n\n\n\n<p><strong>AA<\/strong><\/p>\n\n\n\n<p><\/p>\n","protected":false},"excerpt":{"rendered":"<p>\u00c0 l\u2019occasion de la c\u00e9l\u00e9bration de la Journ\u00e9e internationale des droits des femmes, le dimanche 8 mars, les populations de Kougnohou, chef-lieu de la pr\u00e9fecture de l\u2019Ak\u00e9bou, se sont mobilis\u00e9es autour d\u2019activit\u00e9s de sensibilisation consacr\u00e9es \u00e0 la promotion et \u00e0 la protection des droits des femmes. Organis\u00e9e en collaboration avec la F\u00e9d\u00e9ration des associations de [&hellip;]<\/p>\n","protected":false},"author":2,"featured_media":14299,"comment_status":"open","ping_status":"closed","sticky":false,"template":"","format":"standard","meta":{"footnotes":""},"categories":[3],"tags":[],"class_list":["post-14316","post","type-post","status-publish","format-standard","has-post-thumbnail","hentry","category-societe"],"yoast_head":"<!-- This site is optimized with the Yoast SEO plugin v26.5 - https:\/\/yoast.com\/wordpress\/plugins\/seo\/ -->\n<title>Ak\u00e9bou : la Journ\u00e9e internationale des droits des femmes c\u00e9l\u00e9br\u00e9e \u00e0 Kougnohou \u00a0 - R\u00e9c\u00e9piss\u00e9 N\u00b00026\/12-2020\/pl\/P<\/title>\n<meta name=\"robots\" content=\"index, follow, max-snippet:-1, max-image-preview:large, max-video-preview:-1\" \/>\n<link rel=\"canonical\" href=\"https:\/\/mediatopnews.tg\/?p=14316\" \/>\n<meta property=\"og:locale\" content=\"fr_FR\" \/>\n<meta property=\"og:type\" content=\"article\" \/>\n<meta property=\"og:title\" content=\"Ak\u00e9bou : la Journ\u00e9e internationale des droits des femmes c\u00e9l\u00e9br\u00e9e \u00e0 Kougnohou \u00a0 - R\u00e9c\u00e9piss\u00e9 N\u00b00026\/12-2020\/pl\/P\" \/>\n<meta property=\"og:description\" content=\"\u00c0 l\u2019occasion de la c\u00e9l\u00e9bration de la Journ\u00e9e internationale des droits des femmes, le dimanche 8 mars, les populations de Kougnohou, chef-lieu de la pr\u00e9fecture de l\u2019Ak\u00e9bou, se sont mobilis\u00e9es autour d\u2019activit\u00e9s de sensibilisation consacr\u00e9es \u00e0 la promotion et \u00e0 la protection des droits des femmes. Organis\u00e9e en collaboration avec la F\u00e9d\u00e9ration des associations de [&hellip;]\" \/>\n<meta property=\"og:url\" content=\"https:\/\/mediatopnews.tg\/?p=14316\" \/>\n<meta property=\"og:site_name\" content=\"R\u00e9c\u00e9piss\u00e9 N\u00b00026\/12-2020\/pl\/P\" \/>\n<meta property=\"article:published_time\" content=\"2026-03-12T08:47:41+00:00\" \/>\n<meta property=\"article:modified_time\" content=\"2026-03-12T08:47:42+00:00\" \/>\n<meta property=\"og:image\" content=\"https:\/\/mediatopnews.tg\/wp-content\/uploads\/2026\/03\/MBOMA-2.jpeg\" \/>\n\t<meta property=\"og:image:width\" content=\"1040\" \/>\n\t<meta property=\"og:image:height\" content=\"468\" \/>\n\t<meta property=\"og:image:type\" content=\"image\/jpeg\" \/>\n<meta name=\"author\" content=\"La R\u00e9daction\" \/>\n<meta name=\"twitter:card\" content=\"summary_large_image\" \/>\n<meta name=\"twitter:label1\" content=\"\u00c9crit par\" \/>\n\t<meta name=\"twitter:data1\" content=\"La R\u00e9daction\" \/>\n\t<meta name=\"twitter:label2\" content=\"Dur\u00e9e de lecture estim\u00e9e\" \/>\n\t<meta name=\"twitter:data2\" content=\"2 minutes\" \/>\n<script type=\"application\/ld+json\" class=\"yoast-schema-graph\">{\"@context\":\"https:\/\/schema.org\",\"@graph\":[{\"@type\":\"Article\",\"@id\":\"https:\/\/mediatopnews.tg\/?p=14316#article\",\"isPartOf\":{\"@id\":\"https:\/\/mediatopnews.tg\/?p=14316\"},\"author\":{\"name\":\"La R\u00e9daction\",\"@id\":\"https:\/\/mediatopnews.tg\/#\/schema\/person\/5264fbaa15cdbc3bbc592caa5cb4bac6\"},\"headline\":\"Ak\u00e9bou : la Journ\u00e9e internationale des droits des femmes c\u00e9l\u00e9br\u00e9e \u00e0 Kougnohou \u00a0\",\"datePublished\":\"2026-03-12T08:47:41+00:00\",\"dateModified\":\"2026-03-12T08:47:42+00:00\",\"mainEntityOfPage\":{\"@id\":\"https:\/\/mediatopnews.tg\/?p=14316\"},\"wordCount\":269,\"commentCount\":0,\"publisher\":{\"@id\":\"https:\/\/mediatopnews.tg\/#organization\"},\"image\":{\"@id\":\"https:\/\/mediatopnews.tg\/?p=14316#primaryimage\"},\"thumbnailUrl\":\"https:\/\/mediatopnews.tg\/wp-content\/uploads\/2026\/03\/MBOMA-2.jpeg\",\"articleSection\":[\"SOCIETE\"],\"inLanguage\":\"fr-FR\",\"potentialAction\":[{\"@type\":\"CommentAction\",\"name\":\"Comment\",\"target\":[\"https:\/\/mediatopnews.tg\/?p=14316#respond\"]}]},{\"@type\":\"WebPage\",\"@id\":\"https:\/\/mediatopnews.tg\/?p=14316\",\"url\":\"https:\/\/mediatopnews.tg\/?p=14316\",\"name\":\"Ak\u00e9bou : la Journ\u00e9e internationale des droits des femmes c\u00e9l\u00e9br\u00e9e \u00e0 Kougnohou \u00a0 - R\u00e9c\u00e9piss\u00e9 N\u00b00026\/12-2020\/pl\/P\",\"isPartOf\":{\"@id\":\"https:\/\/mediatopnews.tg\/#website\"},\"primaryImageOfPage\":{\"@id\":\"https:\/\/mediatopnews.tg\/?p=14316#primaryimage\"},\"image\":{\"@id\":\"https:\/\/mediatopnews.tg\/?p=14316#primaryimage\"},\"thumbnailUrl\":\"https:\/\/mediatopnews.tg\/wp-content\/uploads\/2026\/03\/MBOMA-2.jpeg\",\"datePublished\":\"2026-03-12T08:47:41+00:00\",\"dateModified\":\"2026-03-12T08:47:42+00:00\",\"breadcrumb\":{\"@id\":\"https:\/\/mediatopnews.tg\/?p=14316#breadcrumb\"},\"inLanguage\":\"fr-FR\",\"potentialAction\":[{\"@type\":\"ReadAction\",\"target\":[\"https:\/\/mediatopnews.tg\/?p=14316\"]}]},{\"@type\":\"ImageObject\",\"inLanguage\":\"fr-FR\",\"@id\":\"https:\/\/mediatopnews.tg\/?p=14316#primaryimage\",\"url\":\"https:\/\/mediatopnews.tg\/wp-content\/uploads\/2026\/03\/MBOMA-2.jpeg\",\"contentUrl\":\"https:\/\/mediatopnews.tg\/wp-content\/uploads\/2026\/03\/MBOMA-2.jpeg\",\"width\":1040,\"height\":468},{\"@type\":\"BreadcrumbList\",\"@id\":\"https:\/\/mediatopnews.tg\/?p=14316#breadcrumb\",\"itemListElement\":[{\"@type\":\"ListItem\",\"position\":1,\"name\":\"Accueil\",\"item\":\"https:\/\/mediatopnews.tg\/\"},{\"@type\":\"ListItem\",\"position\":2,\"name\":\"Ak\u00e9bou : la Journ\u00e9e internationale des droits des femmes c\u00e9l\u00e9br\u00e9e \u00e0 Kougnohou \u00a0\"}]},{\"@type\":\"WebSite\",\"@id\":\"https:\/\/mediatopnews.tg\/#website\",\"url\":\"https:\/\/mediatopnews.tg\/\",\"name\":\"R\u00e9c\u00e9piss\u00e9 N\u00b00026\/12-2020\/pl\/P\",\"description\":\"La toile de l&#039;information\",\"publisher\":{\"@id\":\"https:\/\/mediatopnews.tg\/#organization\"},\"potentialAction\":[{\"@type\":\"SearchAction\",\"target\":{\"@type\":\"EntryPoint\",\"urlTemplate\":\"https:\/\/mediatopnews.tg\/?s={search_term_string}\"},\"query-input\":{\"@type\":\"PropertyValueSpecification\",\"valueRequired\":true,\"valueName\":\"search_term_string\"}}],\"inLanguage\":\"fr-FR\"},{\"@type\":\"Organization\",\"@id\":\"https:\/\/mediatopnews.tg\/#organization\",\"name\":\"R\u00e9c\u00e9piss\u00e9 N\u00b00026\/12-2020\/pl\/P\",\"url\":\"https:\/\/mediatopnews.tg\/\",\"logo\":{\"@type\":\"ImageObject\",\"inLanguage\":\"fr-FR\",\"@id\":\"https:\/\/mediatopnews.tg\/#\/schema\/logo\/image\/\",\"url\":\"https:\/\/mediatopnews.tg\/wp-content\/uploads\/2023\/09\/cropped-cropped-WhatsApp-Image-2023-09-04-at-13.18.30-1-1.jpeg\",\"contentUrl\":\"https:\/\/mediatopnews.tg\/wp-content\/uploads\/2023\/09\/cropped-cropped-WhatsApp-Image-2023-09-04-at-13.18.30-1-1.jpeg\",\"width\":174,\"height\":147,\"caption\":\"R\u00e9c\u00e9piss\u00e9 N\u00b00026\/12-2020\/pl\/P\"},\"image\":{\"@id\":\"https:\/\/mediatopnews.tg\/#\/schema\/logo\/image\/\"}},{\"@type\":\"Person\",\"@id\":\"https:\/\/mediatopnews.tg\/#\/schema\/person\/5264fbaa15cdbc3bbc592caa5cb4bac6\",\"name\":\"La R\u00e9daction\",\"image\":{\"@type\":\"ImageObject\",\"inLanguage\":\"fr-FR\",\"@id\":\"https:\/\/mediatopnews.tg\/#\/schema\/person\/image\/\",\"url\":\"https:\/\/secure.gravatar.com\/avatar\/02c45ef53e124da0300332101a595f5186b781ff193f1243a768c52e15756dcc?s=96&d=mm&r=g\",\"contentUrl\":\"https:\/\/secure.gravatar.com\/avatar\/02c45ef53e124da0300332101a595f5186b781ff193f1243a768c52e15756dcc?s=96&d=mm&r=g\",\"caption\":\"La R\u00e9daction\"},\"url\":\"https:\/\/mediatopnews.tg\/?author=2\"}]}<\/script>\n<!-- \/ Yoast SEO plugin. -->","yoast_head_json":{"title":"Ak\u00e9bou : la Journ\u00e9e internationale des droits des femmes c\u00e9l\u00e9br\u00e9e \u00e0 Kougnohou \u00a0 - R\u00e9c\u00e9piss\u00e9 N\u00b00026\/12-2020\/pl\/P","robots":{"index":"index","follow":"follow","max-snippet":"max-snippet:-1","max-image-preview":"max-image-preview:large","max-video-preview":"max-video-preview:-1"},"canonical":"https:\/\/mediatopnews.tg\/?p=14316","og_locale":"fr_FR","og_type":"article","og_title":"Ak\u00e9bou : la Journ\u00e9e internationale des droits des femmes c\u00e9l\u00e9br\u00e9e \u00e0 Kougnohou \u00a0 - R\u00e9c\u00e9piss\u00e9 N\u00b00026\/12-2020\/pl\/P","og_description":"\u00c0 l\u2019occasion de la c\u00e9l\u00e9bration de la Journ\u00e9e internationale des droits des femmes, le dimanche 8 mars, les populations de Kougnohou, chef-lieu de la pr\u00e9fecture de l\u2019Ak\u00e9bou, se sont mobilis\u00e9es autour d\u2019activit\u00e9s de sensibilisation consacr\u00e9es \u00e0 la promotion et \u00e0 la protection des droits des femmes. Organis\u00e9e en collaboration avec la F\u00e9d\u00e9ration des associations de [&hellip;]","og_url":"https:\/\/mediatopnews.tg\/?p=14316","og_site_name":"R\u00e9c\u00e9piss\u00e9 N\u00b00026\/12-2020\/pl\/P","article_published_time":"2026-03-12T08:47:41+00:00","article_modified_time":"2026-03-12T08:47:42+00:00","og_image":[{"width":1040,"height":468,"url":"https:\/\/mediatopnews.tg\/wp-content\/uploads\/2026\/03\/MBOMA-2.jpeg","type":"image\/jpeg"}],"author":"La R\u00e9daction","twitter_card":"summary_large_image","twitter_misc":{"\u00c9crit par":"La R\u00e9daction","Dur\u00e9e de lecture estim\u00e9e":"2 minutes"},"schema":{"@context":"https:\/\/schema.org","@graph":[{"@type":"Article","@id":"https:\/\/mediatopnews.tg\/?p=14316#article","isPartOf":{"@id":"https:\/\/mediatopnews.tg\/?p=14316"},"author":{"name":"La R\u00e9daction","@id":"https:\/\/mediatopnews.tg\/#\/schema\/person\/5264fbaa15cdbc3bbc592caa5cb4bac6"},"headline":"Ak\u00e9bou : la Journ\u00e9e internationale des droits des femmes c\u00e9l\u00e9br\u00e9e \u00e0 Kougnohou \u00a0","datePublished":"2026-03-12T08:47:41+00:00","dateModified":"2026-03-12T08:47:42+00:00","mainEntityOfPage":{"@id":"https:\/\/mediatopnews.tg\/?p=14316"},"wordCount":269,"commentCount":0,"publisher":{"@id":"https:\/\/mediatopnews.tg\/#organization"},"image":{"@id":"https:\/\/mediatopnews.tg\/?p=14316#primaryimage"},"thumbnailUrl":"https:\/\/mediatopnews.tg\/wp-content\/uploads\/2026\/03\/MBOMA-2.jpeg","articleSection":["SOCIETE"],"inLanguage":"fr-FR","potentialAction":[{"@type":"CommentAction","name":"Comment","target":["https:\/\/mediatopnews.tg\/?p=14316#respond"]}]},{"@type":"WebPage","@id":"https:\/\/mediatopnews.tg\/?p=14316","url":"https:\/\/mediatopnews.tg\/?p=14316","name":"Ak\u00e9bou : la Journ\u00e9e internationale des droits des femmes c\u00e9l\u00e9br\u00e9e \u00e0 Kougnohou \u00a0 - R\u00e9c\u00e9piss\u00e9 N\u00b00026\/12-2020\/pl\/P","isPartOf":{"@id":"https:\/\/mediatopnews.tg\/#website"},"primaryImageOfPage":{"@id":"https:\/\/mediatopnews.tg\/?p=14316#primaryimage"},"image":{"@id":"https:\/\/mediatopnews.tg\/?p=14316#primaryimage"},"thumbnailUrl":"https:\/\/mediatopnews.tg\/wp-content\/uploads\/2026\/03\/MBOMA-2.jpeg","datePublished":"2026-03-12T08:47:41+00:00","dateModified":"2026-03-12T08:47:42+00:00","breadcrumb":{"@id":"https:\/\/mediatopnews.tg\/?p=14316#breadcrumb"},"inLanguage":"fr-FR","potentialAction":[{"@type":"ReadAction","target":["https:\/\/mediatopnews.tg\/?p=14316"]}]},{"@type":"ImageObject","inLanguage":"fr-FR","@id":"https:\/\/mediatopnews.tg\/?p=14316#primaryimage","url":"https:\/\/mediatopnews.tg\/wp-content\/uploads\/2026\/03\/MBOMA-2.jpeg","contentUrl":"https:\/\/mediatopnews.tg\/wp-content\/uploads\/2026\/03\/MBOMA-2.jpeg","width":1040,"height":468},{"@type":"BreadcrumbList","@id":"https:\/\/mediatopnews.tg\/?p=14316#breadcrumb","itemListElement":[{"@type":"ListItem","position":1,"name":"Accueil","item":"https:\/\/mediatopnews.tg\/"},{"@type":"ListItem","position":2,"name":"Ak\u00e9bou : la Journ\u00e9e internationale des droits des femmes c\u00e9l\u00e9br\u00e9e \u00e0 Kougnohou \u00a0"}]},{"@type":"WebSite","@id":"https:\/\/mediatopnews.tg\/#website","url":"https:\/\/mediatopnews.tg\/","name":"R\u00e9c\u00e9piss\u00e9 N\u00b00026\/12-2020\/pl\/P","description":"La toile de l&#039;information","publisher":{"@id":"https:\/\/mediatopnews.tg\/#organization"},"potentialAction":[{"@type":"SearchAction","target":{"@type":"EntryPoint","urlTemplate":"https:\/\/mediatopnews.tg\/?s={search_term_string}"},"query-input":{"@type":"PropertyValueSpecification","valueRequired":true,"valueName":"search_term_string"}}],"inLanguage":"fr-FR"},{"@type":"Organization","@id":"https:\/\/mediatopnews.tg\/#organization","name":"R\u00e9c\u00e9piss\u00e9 N\u00b00026\/12-2020\/pl\/P","url":"https:\/\/mediatopnews.tg\/","logo":{"@type":"ImageObject","inLanguage":"fr-FR","@id":"https:\/\/mediatopnews.tg\/#\/schema\/logo\/image\/","url":"https:\/\/mediatopnews.tg\/wp-content\/uploads\/2023\/09\/cropped-cropped-WhatsApp-Image-2023-09-04-at-13.18.30-1-1.jpeg","contentUrl":"https:\/\/mediatopnews.tg\/wp-content\/uploads\/2023\/09\/cropped-cropped-WhatsApp-Image-2023-09-04-at-13.18.30-1-1.jpeg","width":174,"height":147,"caption":"R\u00e9c\u00e9piss\u00e9 N\u00b00026\/12-2020\/pl\/P"},"image":{"@id":"https:\/\/mediatopnews.tg\/#\/schema\/logo\/image\/"}},{"@type":"Person","@id":"https:\/\/mediatopnews.tg\/#\/schema\/person\/5264fbaa15cdbc3bbc592caa5cb4bac6","name":"La R\u00e9daction","image":{"@type":"ImageObject","inLanguage":"fr-FR","@id":"https:\/\/mediatopnews.tg\/#\/schema\/person\/image\/","url":"https:\/\/secure.gravatar.com\/avatar\/02c45ef53e124da0300332101a595f5186b781ff193f1243a768c52e15756dcc?s=96&d=mm&r=g","contentUrl":"https:\/\/secure.gravatar.com\/avatar\/02c45ef53e124da0300332101a595f5186b781ff193f1243a768c52e15756dcc?s=96&d=mm&r=g","caption":"La R\u00e9daction"},"url":"https:\/\/mediatopnews.tg\/?author=2"}]}},"_links":{"self":[{"href":"https:\/\/mediatopnews.tg\/index.php?rest_route=\/wp\/v2\/posts\/14316","targetHints":{"allow":["GET"]}}],"collection":[{"href":"https:\/\/mediatopnews.tg\/index.php?rest_route=\/wp\/v2\/posts"}],"about":[{"href":"https:\/\/mediatopnews.tg\/index.php?rest_route=\/wp\/v2\/types\/post"}],"author":[{"embeddable":true,"href":"https:\/\/mediatopnews.tg\/index.php?rest_route=\/wp\/v2\/users\/2"}],"replies":[{"embeddable":true,"href":"https:\/\/mediatopnews.tg\/index.php?rest_route=%2Fwp%2Fv2%2Fcomments&post=14316"}],"version-history":[{"count":1,"href":"https:\/\/mediatopnews.tg\/index.php?rest_route=\/wp\/v2\/posts\/14316\/revisions"}],"predecessor-version":[{"id":14317,"href":"https:\/\/mediatopnews.tg\/index.php?rest_route=\/wp\/v2\/posts\/14316\/revisions\/14317"}],"wp:featuredmedia":[{"embeddable":true,"href":"https:\/\/mediatopnews.tg\/index.php?rest_route=\/wp\/v2\/media\/14299"}],"wp:attachment":[{"href":"https:\/\/mediatopnews.tg\/index.php?rest_route=%2Fwp%2Fv2%2Fmedia&parent=14316"}],"wp:term":[{"taxonomy":"category","embeddable":true,"href":"https:\/\/mediatopnews.tg\/index.php?rest_route=%2Fwp%2Fv2%2Fcategories&post=14316"},{"taxonomy":"post_tag","embeddable":true,"href":"https:\/\/mediatopnews.tg\/index.php?rest_route=%2Fwp%2Fv2%2Ftags&post=14316"}],"curies":[{"name":"wp","href":"https:\/\/api.w.org\/{rel}","templated":true}]}}