{"id":14371,"date":"2026-03-16T15:19:09","date_gmt":"2026-03-16T15:19:09","guid":{"rendered":"https:\/\/mediatopnews.tg\/?p=14371"},"modified":"2026-03-16T15:19:10","modified_gmt":"2026-03-16T15:19:10","slug":"sokode-rupture-interreligieux-pour-adoyi-esso-wavana-celebre-la-fraternite-et-renforcer-la-cohesion","status":"publish","type":"post","link":"https:\/\/mediatopnews.tg\/?p=14371","title":{"rendered":"Sokod\u00e9 : rupture \u00a0interreligieux pour\u00a0;Adoyi Esso-Wavana c\u00e9l\u00e8bre la fraternit\u00e9 et renforcer la coh\u00e9sion \u00a0"},"content":{"rendered":"\n<p><\/p>\n\n\n\n<p>\u00c0 quatre jours de la fin du Ramadan, une soir\u00e9e de rupture collective du je\u00fbne interreligieux s\u2019est tenue le samedi 14 mars \u00e0 Sokod\u00e9. L\u2019\u00e9v\u00e9nement a rassembl\u00e9 des fid\u00e8les musulmans et chr\u00e9tiens de la pr\u00e9fecture de Tchaoudjo autour d\u2019un moment de partage et de fraternit\u00e9. Cette initiative est port\u00e9e par le d\u00e9put\u00e9 Esso-Wavana Ahmed Adoyi, dans le but de promouvoir l\u2019unit\u00e9 religieuse et de renforcer la coh\u00e9sion sociale.<\/p>\n\n\n\n<figure class=\"wp-block-image size-full\"><img loading=\"lazy\" decoding=\"async\" width=\"744\" height=\"340\" src=\"https:\/\/mediatopnews.tg\/wp-content\/uploads\/2026\/03\/RUPture-Sokode.png\" alt=\"\" class=\"wp-image-14372\" srcset=\"https:\/\/mediatopnews.tg\/wp-content\/uploads\/2026\/03\/RUPture-Sokode.png 744w, https:\/\/mediatopnews.tg\/wp-content\/uploads\/2026\/03\/RUPture-Sokode-300x137.png 300w\" sizes=\"auto, (max-width: 744px) 100vw, 744px\" \/><\/figure>\n\n\n\n<p>La rupture collective du je\u00fbne, appel\u00e9e \u00ab iftar \u00bb, s\u2019est d\u00e9roul\u00e9e en fin d\u2019apr\u00e8s-midi, apr\u00e8s la pri\u00e8re musulmane de 18 heures. Dans une atmosph\u00e8re chaleureuse et conviviale, les fid\u00e8les musulmans, accompagn\u00e9s de leurs h\u00f4tes chr\u00e9tiens, ont partag\u00e9 le repas marquant la fin de la journ\u00e9e de je\u00fbne.<\/p>\n\n\n\n<p>Selon le d\u00e9put\u00e9 Adoyi, ce geste de partage s\u2019inscrit pleinement dans les valeurs de g\u00e9n\u00e9rosit\u00e9, de tol\u00e9rance et de paix pr\u00f4n\u00e9es par la tradition islamique. Il a rappel\u00e9 que les derniers jours du Ramadan sont particuli\u00e8rement marqu\u00e9s par les pri\u00e8res, les invocations et les actes de solidarit\u00e9.<\/p>\n\n\n\n<p>\u00ab Nous sommes dans le mois b\u00e9ni de Ramadan, une p\u00e9riode de spiritualit\u00e9 intense. Selon la tradition islamique, il est important qu\u2019\u00e0 un moment donn\u00e9, musulmans et non-musulmans se retrouvent pour partager le repas de la rupture \u00bb, a-t-il expliqu\u00e9.<\/p>\n\n\n\n<p>Le parlementaire a \u00e9galement soulign\u00e9 que, cette ann\u00e9e, les musulmans et les catholiques ont entam\u00e9 le je\u00fbne du Ramadan et le Car\u00eame pratiquement au m\u00eame moment. Une co\u00efncidence qui, selon lui, offre une occasion privil\u00e9gi\u00e9e de renforcer les liens fraternels et de partager un moment d\u2019amour et de solidarit\u00e9.<\/p>\n\n\n\n<figure class=\"wp-block-image size-full\"><img loading=\"lazy\" decoding=\"async\" width=\"357\" height=\"194\" src=\"https:\/\/mediatopnews.tg\/wp-content\/uploads\/2026\/03\/SOKODE-2.png\" alt=\"\" class=\"wp-image-14373\" srcset=\"https:\/\/mediatopnews.tg\/wp-content\/uploads\/2026\/03\/SOKODE-2.png 357w, https:\/\/mediatopnews.tg\/wp-content\/uploads\/2026\/03\/SOKODE-2-300x163.png 300w\" sizes=\"auto, (max-width: 357px) 100vw, 357px\" \/><\/figure>\n\n\n\n<p>Au cours de cette rencontre, l\u2019honorable Adoyi a rappel\u00e9 que cette p\u00e9riode de privation s\u2019accompagne aussi de pri\u00e8res formul\u00e9es pour les plus hautes autorit\u00e9s du pays, notamment pour le Pr\u00e9sident du Conseil, Faure Gnassingb\u00e9, qu\u2019il a salu\u00e9 pour ses efforts en faveur de la paix et son soutien r\u00e9gulier \u00e0 la communaut\u00e9 musulmane. Il a pr\u00e9cis\u00e9 que cette initiative est organis\u00e9e en son nom afin de consolider davantage l\u2019unit\u00e9 et la fraternit\u00e9 entre les diff\u00e9rentes confessions religieuses.<\/p>\n\n\n\n<p>Les repr\u00e9sentants de la communaut\u00e9 chr\u00e9tienne ont, pour leur part, exprim\u00e9 leur gratitude envers le d\u00e9put\u00e9 pour cette initiative qui favorise la paix et le vivre-ensemble dans la pr\u00e9fecture, et plus largement au Togo.<\/p>\n\n\n\n<p>\u00ab C\u2019est une belle occasion de nous retrouver entre fr\u00e8res et s\u0153urs de diff\u00e9rentes confessions pour partager un repas. Chr\u00e9tiens et musulmans sont appel\u00e9s \u00e0 se fraterniser, \u00e0 se respecter et \u00e0 vivre ensemble dans la tol\u00e9rance. Nous sommes un peuple uni et indivisible \u00bb, a d\u00e9clar\u00e9 l\u2019inspecteur de l\u2019enseignement g\u00e9n\u00e9ral de Sokod\u00e9, Barichia Assima St\u00e9phane.<\/p>\n\n\n\n<p>\u00c0 travers cette rencontre interreligieuse, les participants ont r\u00e9affirm\u00e9 leur engagement commun en faveur de la paix, du dialogue et de la coh\u00e9sion sociale au sein de la communaut\u00e9.<\/p>\n\n\n\n<p>AA<\/p>\n\n\n\n<p><\/p>\n","protected":false},"excerpt":{"rendered":"<p>\u00c0 quatre jours de la fin du Ramadan, une soir\u00e9e de rupture collective du je\u00fbne interreligieux s\u2019est tenue le samedi 14 mars \u00e0 Sokod\u00e9. L\u2019\u00e9v\u00e9nement a rassembl\u00e9 des fid\u00e8les musulmans et chr\u00e9tiens de la pr\u00e9fecture de Tchaoudjo autour d\u2019un moment de partage et de fraternit\u00e9. Cette initiative est port\u00e9e par le d\u00e9put\u00e9 Esso-Wavana Ahmed Adoyi, [&hellip;]<\/p>\n","protected":false},"author":2,"featured_media":14372,"comment_status":"open","ping_status":"closed","sticky":false,"template":"","format":"standard","meta":{"footnotes":""},"categories":[13],"tags":[],"class_list":["post-14371","post","type-post","status-publish","format-standard","has-post-thumbnail","hentry","category-religion"],"yoast_head":"<!-- This site is optimized with the Yoast SEO plugin v26.5 - https:\/\/yoast.com\/wordpress\/plugins\/seo\/ -->\n<title>Sokod\u00e9 : rupture \u00a0interreligieux pour\u00a0;Adoyi Esso-Wavana c\u00e9l\u00e8bre la fraternit\u00e9 et renforcer la coh\u00e9sion \u00a0 - R\u00e9c\u00e9piss\u00e9 N\u00b00026\/12-2020\/pl\/P<\/title>\n<meta name=\"robots\" content=\"index, follow, max-snippet:-1, max-image-preview:large, max-video-preview:-1\" \/>\n<link rel=\"canonical\" href=\"https:\/\/mediatopnews.tg\/?p=14371\" \/>\n<meta property=\"og:locale\" content=\"fr_FR\" \/>\n<meta property=\"og:type\" content=\"article\" \/>\n<meta property=\"og:title\" content=\"Sokod\u00e9 : rupture \u00a0interreligieux pour\u00a0;Adoyi Esso-Wavana c\u00e9l\u00e8bre la fraternit\u00e9 et renforcer la coh\u00e9sion \u00a0 - R\u00e9c\u00e9piss\u00e9 N\u00b00026\/12-2020\/pl\/P\" \/>\n<meta property=\"og:description\" content=\"\u00c0 quatre jours de la fin du Ramadan, une soir\u00e9e de rupture collective du je\u00fbne interreligieux s\u2019est tenue le samedi 14 mars \u00e0 Sokod\u00e9. L\u2019\u00e9v\u00e9nement a rassembl\u00e9 des fid\u00e8les musulmans et chr\u00e9tiens de la pr\u00e9fecture de Tchaoudjo autour d\u2019un moment de partage et de fraternit\u00e9. Cette initiative est port\u00e9e par le d\u00e9put\u00e9 Esso-Wavana Ahmed Adoyi, [&hellip;]\" \/>\n<meta property=\"og:url\" content=\"https:\/\/mediatopnews.tg\/?p=14371\" \/>\n<meta property=\"og:site_name\" content=\"R\u00e9c\u00e9piss\u00e9 N\u00b00026\/12-2020\/pl\/P\" \/>\n<meta property=\"article:published_time\" content=\"2026-03-16T15:19:09+00:00\" \/>\n<meta property=\"article:modified_time\" content=\"2026-03-16T15:19:10+00:00\" \/>\n<meta property=\"og:image\" content=\"https:\/\/mediatopnews.tg\/wp-content\/uploads\/2026\/03\/RUPture-Sokode.png\" \/>\n\t<meta property=\"og:image:width\" content=\"744\" \/>\n\t<meta property=\"og:image:height\" content=\"340\" \/>\n\t<meta property=\"og:image:type\" content=\"image\/png\" \/>\n<meta name=\"author\" content=\"La R\u00e9daction\" \/>\n<meta name=\"twitter:card\" content=\"summary_large_image\" \/>\n<meta name=\"twitter:label1\" content=\"\u00c9crit par\" \/>\n\t<meta name=\"twitter:data1\" content=\"La R\u00e9daction\" \/>\n\t<meta name=\"twitter:label2\" content=\"Dur\u00e9e de lecture estim\u00e9e\" \/>\n\t<meta name=\"twitter:data2\" content=\"3 minutes\" \/>\n<script type=\"application\/ld+json\" class=\"yoast-schema-graph\">{\"@context\":\"https:\/\/schema.org\",\"@graph\":[{\"@type\":\"Article\",\"@id\":\"https:\/\/mediatopnews.tg\/?p=14371#article\",\"isPartOf\":{\"@id\":\"https:\/\/mediatopnews.tg\/?p=14371\"},\"author\":{\"name\":\"La R\u00e9daction\",\"@id\":\"https:\/\/mediatopnews.tg\/#\/schema\/person\/5264fbaa15cdbc3bbc592caa5cb4bac6\"},\"headline\":\"Sokod\u00e9 : rupture \u00a0interreligieux pour\u00a0;Adoyi Esso-Wavana c\u00e9l\u00e8bre la fraternit\u00e9 et renforcer la coh\u00e9sion \u00a0\",\"datePublished\":\"2026-03-16T15:19:09+00:00\",\"dateModified\":\"2026-03-16T15:19:10+00:00\",\"mainEntityOfPage\":{\"@id\":\"https:\/\/mediatopnews.tg\/?p=14371\"},\"wordCount\":530,\"commentCount\":0,\"publisher\":{\"@id\":\"https:\/\/mediatopnews.tg\/#organization\"},\"image\":{\"@id\":\"https:\/\/mediatopnews.tg\/?p=14371#primaryimage\"},\"thumbnailUrl\":\"https:\/\/mediatopnews.tg\/wp-content\/uploads\/2026\/03\/RUPture-Sokode.png\",\"articleSection\":[\"RELIGION\"],\"inLanguage\":\"fr-FR\",\"potentialAction\":[{\"@type\":\"CommentAction\",\"name\":\"Comment\",\"target\":[\"https:\/\/mediatopnews.tg\/?p=14371#respond\"]}]},{\"@type\":\"WebPage\",\"@id\":\"https:\/\/mediatopnews.tg\/?p=14371\",\"url\":\"https:\/\/mediatopnews.tg\/?p=14371\",\"name\":\"Sokod\u00e9 : rupture \u00a0interreligieux pour\u00a0;Adoyi Esso-Wavana c\u00e9l\u00e8bre la fraternit\u00e9 et renforcer la coh\u00e9sion \u00a0 - R\u00e9c\u00e9piss\u00e9 N\u00b00026\/12-2020\/pl\/P\",\"isPartOf\":{\"@id\":\"https:\/\/mediatopnews.tg\/#website\"},\"primaryImageOfPage\":{\"@id\":\"https:\/\/mediatopnews.tg\/?p=14371#primaryimage\"},\"image\":{\"@id\":\"https:\/\/mediatopnews.tg\/?p=14371#primaryimage\"},\"thumbnailUrl\":\"https:\/\/mediatopnews.tg\/wp-content\/uploads\/2026\/03\/RUPture-Sokode.png\",\"datePublished\":\"2026-03-16T15:19:09+00:00\",\"dateModified\":\"2026-03-16T15:19:10+00:00\",\"breadcrumb\":{\"@id\":\"https:\/\/mediatopnews.tg\/?p=14371#breadcrumb\"},\"inLanguage\":\"fr-FR\",\"potentialAction\":[{\"@type\":\"ReadAction\",\"target\":[\"https:\/\/mediatopnews.tg\/?p=14371\"]}]},{\"@type\":\"ImageObject\",\"inLanguage\":\"fr-FR\",\"@id\":\"https:\/\/mediatopnews.tg\/?p=14371#primaryimage\",\"url\":\"https:\/\/mediatopnews.tg\/wp-content\/uploads\/2026\/03\/RUPture-Sokode.png\",\"contentUrl\":\"https:\/\/mediatopnews.tg\/wp-content\/uploads\/2026\/03\/RUPture-Sokode.png\",\"width\":744,\"height\":340},{\"@type\":\"BreadcrumbList\",\"@id\":\"https:\/\/mediatopnews.tg\/?p=14371#breadcrumb\",\"itemListElement\":[{\"@type\":\"ListItem\",\"position\":1,\"name\":\"Accueil\",\"item\":\"https:\/\/mediatopnews.tg\/\"},{\"@type\":\"ListItem\",\"position\":2,\"name\":\"Sokod\u00e9 : rupture \u00a0interreligieux pour\u00a0;Adoyi Esso-Wavana c\u00e9l\u00e8bre la fraternit\u00e9 et renforcer la coh\u00e9sion \u00a0\"}]},{\"@type\":\"WebSite\",\"@id\":\"https:\/\/mediatopnews.tg\/#website\",\"url\":\"https:\/\/mediatopnews.tg\/\",\"name\":\"R\u00e9c\u00e9piss\u00e9 N\u00b00026\/12-2020\/pl\/P\",\"description\":\"La toile de l&#039;information\",\"publisher\":{\"@id\":\"https:\/\/mediatopnews.tg\/#organization\"},\"potentialAction\":[{\"@type\":\"SearchAction\",\"target\":{\"@type\":\"EntryPoint\",\"urlTemplate\":\"https:\/\/mediatopnews.tg\/?s={search_term_string}\"},\"query-input\":{\"@type\":\"PropertyValueSpecification\",\"valueRequired\":true,\"valueName\":\"search_term_string\"}}],\"inLanguage\":\"fr-FR\"},{\"@type\":\"Organization\",\"@id\":\"https:\/\/mediatopnews.tg\/#organization\",\"name\":\"R\u00e9c\u00e9piss\u00e9 N\u00b00026\/12-2020\/pl\/P\",\"url\":\"https:\/\/mediatopnews.tg\/\",\"logo\":{\"@type\":\"ImageObject\",\"inLanguage\":\"fr-FR\",\"@id\":\"https:\/\/mediatopnews.tg\/#\/schema\/logo\/image\/\",\"url\":\"https:\/\/mediatopnews.tg\/wp-content\/uploads\/2023\/09\/cropped-cropped-WhatsApp-Image-2023-09-04-at-13.18.30-1-1.jpeg\",\"contentUrl\":\"https:\/\/mediatopnews.tg\/wp-content\/uploads\/2023\/09\/cropped-cropped-WhatsApp-Image-2023-09-04-at-13.18.30-1-1.jpeg\",\"width\":174,\"height\":147,\"caption\":\"R\u00e9c\u00e9piss\u00e9 N\u00b00026\/12-2020\/pl\/P\"},\"image\":{\"@id\":\"https:\/\/mediatopnews.tg\/#\/schema\/logo\/image\/\"}},{\"@type\":\"Person\",\"@id\":\"https:\/\/mediatopnews.tg\/#\/schema\/person\/5264fbaa15cdbc3bbc592caa5cb4bac6\",\"name\":\"La R\u00e9daction\",\"image\":{\"@type\":\"ImageObject\",\"inLanguage\":\"fr-FR\",\"@id\":\"https:\/\/mediatopnews.tg\/#\/schema\/person\/image\/\",\"url\":\"https:\/\/secure.gravatar.com\/avatar\/02c45ef53e124da0300332101a595f5186b781ff193f1243a768c52e15756dcc?s=96&d=mm&r=g\",\"contentUrl\":\"https:\/\/secure.gravatar.com\/avatar\/02c45ef53e124da0300332101a595f5186b781ff193f1243a768c52e15756dcc?s=96&d=mm&r=g\",\"caption\":\"La R\u00e9daction\"},\"url\":\"https:\/\/mediatopnews.tg\/?author=2\"}]}<\/script>\n<!-- \/ Yoast SEO plugin. -->","yoast_head_json":{"title":"Sokod\u00e9 : rupture \u00a0interreligieux pour\u00a0;Adoyi Esso-Wavana c\u00e9l\u00e8bre la fraternit\u00e9 et renforcer la coh\u00e9sion \u00a0 - R\u00e9c\u00e9piss\u00e9 N\u00b00026\/12-2020\/pl\/P","robots":{"index":"index","follow":"follow","max-snippet":"max-snippet:-1","max-image-preview":"max-image-preview:large","max-video-preview":"max-video-preview:-1"},"canonical":"https:\/\/mediatopnews.tg\/?p=14371","og_locale":"fr_FR","og_type":"article","og_title":"Sokod\u00e9 : rupture \u00a0interreligieux pour\u00a0;Adoyi Esso-Wavana c\u00e9l\u00e8bre la fraternit\u00e9 et renforcer la coh\u00e9sion \u00a0 - R\u00e9c\u00e9piss\u00e9 N\u00b00026\/12-2020\/pl\/P","og_description":"\u00c0 quatre jours de la fin du Ramadan, une soir\u00e9e de rupture collective du je\u00fbne interreligieux s\u2019est tenue le samedi 14 mars \u00e0 Sokod\u00e9. L\u2019\u00e9v\u00e9nement a rassembl\u00e9 des fid\u00e8les musulmans et chr\u00e9tiens de la pr\u00e9fecture de Tchaoudjo autour d\u2019un moment de partage et de fraternit\u00e9. Cette initiative est port\u00e9e par le d\u00e9put\u00e9 Esso-Wavana Ahmed Adoyi, [&hellip;]","og_url":"https:\/\/mediatopnews.tg\/?p=14371","og_site_name":"R\u00e9c\u00e9piss\u00e9 N\u00b00026\/12-2020\/pl\/P","article_published_time":"2026-03-16T15:19:09+00:00","article_modified_time":"2026-03-16T15:19:10+00:00","og_image":[{"width":744,"height":340,"url":"https:\/\/mediatopnews.tg\/wp-content\/uploads\/2026\/03\/RUPture-Sokode.png","type":"image\/png"}],"author":"La R\u00e9daction","twitter_card":"summary_large_image","twitter_misc":{"\u00c9crit par":"La R\u00e9daction","Dur\u00e9e de lecture estim\u00e9e":"3 minutes"},"schema":{"@context":"https:\/\/schema.org","@graph":[{"@type":"Article","@id":"https:\/\/mediatopnews.tg\/?p=14371#article","isPartOf":{"@id":"https:\/\/mediatopnews.tg\/?p=14371"},"author":{"name":"La R\u00e9daction","@id":"https:\/\/mediatopnews.tg\/#\/schema\/person\/5264fbaa15cdbc3bbc592caa5cb4bac6"},"headline":"Sokod\u00e9 : rupture \u00a0interreligieux pour\u00a0;Adoyi Esso-Wavana c\u00e9l\u00e8bre la fraternit\u00e9 et renforcer la coh\u00e9sion \u00a0","datePublished":"2026-03-16T15:19:09+00:00","dateModified":"2026-03-16T15:19:10+00:00","mainEntityOfPage":{"@id":"https:\/\/mediatopnews.tg\/?p=14371"},"wordCount":530,"commentCount":0,"publisher":{"@id":"https:\/\/mediatopnews.tg\/#organization"},"image":{"@id":"https:\/\/mediatopnews.tg\/?p=14371#primaryimage"},"thumbnailUrl":"https:\/\/mediatopnews.tg\/wp-content\/uploads\/2026\/03\/RUPture-Sokode.png","articleSection":["RELIGION"],"inLanguage":"fr-FR","potentialAction":[{"@type":"CommentAction","name":"Comment","target":["https:\/\/mediatopnews.tg\/?p=14371#respond"]}]},{"@type":"WebPage","@id":"https:\/\/mediatopnews.tg\/?p=14371","url":"https:\/\/mediatopnews.tg\/?p=14371","name":"Sokod\u00e9 : rupture \u00a0interreligieux pour\u00a0;Adoyi Esso-Wavana c\u00e9l\u00e8bre la fraternit\u00e9 et renforcer la coh\u00e9sion \u00a0 - R\u00e9c\u00e9piss\u00e9 N\u00b00026\/12-2020\/pl\/P","isPartOf":{"@id":"https:\/\/mediatopnews.tg\/#website"},"primaryImageOfPage":{"@id":"https:\/\/mediatopnews.tg\/?p=14371#primaryimage"},"image":{"@id":"https:\/\/mediatopnews.tg\/?p=14371#primaryimage"},"thumbnailUrl":"https:\/\/mediatopnews.tg\/wp-content\/uploads\/2026\/03\/RUPture-Sokode.png","datePublished":"2026-03-16T15:19:09+00:00","dateModified":"2026-03-16T15:19:10+00:00","breadcrumb":{"@id":"https:\/\/mediatopnews.tg\/?p=14371#breadcrumb"},"inLanguage":"fr-FR","potentialAction":[{"@type":"ReadAction","target":["https:\/\/mediatopnews.tg\/?p=14371"]}]},{"@type":"ImageObject","inLanguage":"fr-FR","@id":"https:\/\/mediatopnews.tg\/?p=14371#primaryimage","url":"https:\/\/mediatopnews.tg\/wp-content\/uploads\/2026\/03\/RUPture-Sokode.png","contentUrl":"https:\/\/mediatopnews.tg\/wp-content\/uploads\/2026\/03\/RUPture-Sokode.png","width":744,"height":340},{"@type":"BreadcrumbList","@id":"https:\/\/mediatopnews.tg\/?p=14371#breadcrumb","itemListElement":[{"@type":"ListItem","position":1,"name":"Accueil","item":"https:\/\/mediatopnews.tg\/"},{"@type":"ListItem","position":2,"name":"Sokod\u00e9 : rupture \u00a0interreligieux pour\u00a0;Adoyi Esso-Wavana c\u00e9l\u00e8bre la fraternit\u00e9 et renforcer la coh\u00e9sion \u00a0"}]},{"@type":"WebSite","@id":"https:\/\/mediatopnews.tg\/#website","url":"https:\/\/mediatopnews.tg\/","name":"R\u00e9c\u00e9piss\u00e9 N\u00b00026\/12-2020\/pl\/P","description":"La toile de l&#039;information","publisher":{"@id":"https:\/\/mediatopnews.tg\/#organization"},"potentialAction":[{"@type":"SearchAction","target":{"@type":"EntryPoint","urlTemplate":"https:\/\/mediatopnews.tg\/?s={search_term_string}"},"query-input":{"@type":"PropertyValueSpecification","valueRequired":true,"valueName":"search_term_string"}}],"inLanguage":"fr-FR"},{"@type":"Organization","@id":"https:\/\/mediatopnews.tg\/#organization","name":"R\u00e9c\u00e9piss\u00e9 N\u00b00026\/12-2020\/pl\/P","url":"https:\/\/mediatopnews.tg\/","logo":{"@type":"ImageObject","inLanguage":"fr-FR","@id":"https:\/\/mediatopnews.tg\/#\/schema\/logo\/image\/","url":"https:\/\/mediatopnews.tg\/wp-content\/uploads\/2023\/09\/cropped-cropped-WhatsApp-Image-2023-09-04-at-13.18.30-1-1.jpeg","contentUrl":"https:\/\/mediatopnews.tg\/wp-content\/uploads\/2023\/09\/cropped-cropped-WhatsApp-Image-2023-09-04-at-13.18.30-1-1.jpeg","width":174,"height":147,"caption":"R\u00e9c\u00e9piss\u00e9 N\u00b00026\/12-2020\/pl\/P"},"image":{"@id":"https:\/\/mediatopnews.tg\/#\/schema\/logo\/image\/"}},{"@type":"Person","@id":"https:\/\/mediatopnews.tg\/#\/schema\/person\/5264fbaa15cdbc3bbc592caa5cb4bac6","name":"La R\u00e9daction","image":{"@type":"ImageObject","inLanguage":"fr-FR","@id":"https:\/\/mediatopnews.tg\/#\/schema\/person\/image\/","url":"https:\/\/secure.gravatar.com\/avatar\/02c45ef53e124da0300332101a595f5186b781ff193f1243a768c52e15756dcc?s=96&d=mm&r=g","contentUrl":"https:\/\/secure.gravatar.com\/avatar\/02c45ef53e124da0300332101a595f5186b781ff193f1243a768c52e15756dcc?s=96&d=mm&r=g","caption":"La R\u00e9daction"},"url":"https:\/\/mediatopnews.tg\/?author=2"}]}},"_links":{"self":[{"href":"https:\/\/mediatopnews.tg\/index.php?rest_route=\/wp\/v2\/posts\/14371","targetHints":{"allow":["GET"]}}],"collection":[{"href":"https:\/\/mediatopnews.tg\/index.php?rest_route=\/wp\/v2\/posts"}],"about":[{"href":"https:\/\/mediatopnews.tg\/index.php?rest_route=\/wp\/v2\/types\/post"}],"author":[{"embeddable":true,"href":"https:\/\/mediatopnews.tg\/index.php?rest_route=\/wp\/v2\/users\/2"}],"replies":[{"embeddable":true,"href":"https:\/\/mediatopnews.tg\/index.php?rest_route=%2Fwp%2Fv2%2Fcomments&post=14371"}],"version-history":[{"count":1,"href":"https:\/\/mediatopnews.tg\/index.php?rest_route=\/wp\/v2\/posts\/14371\/revisions"}],"predecessor-version":[{"id":14374,"href":"https:\/\/mediatopnews.tg\/index.php?rest_route=\/wp\/v2\/posts\/14371\/revisions\/14374"}],"wp:featuredmedia":[{"embeddable":true,"href":"https:\/\/mediatopnews.tg\/index.php?rest_route=\/wp\/v2\/media\/14372"}],"wp:attachment":[{"href":"https:\/\/mediatopnews.tg\/index.php?rest_route=%2Fwp%2Fv2%2Fmedia&parent=14371"}],"wp:term":[{"taxonomy":"category","embeddable":true,"href":"https:\/\/mediatopnews.tg\/index.php?rest_route=%2Fwp%2Fv2%2Fcategories&post=14371"},{"taxonomy":"post_tag","embeddable":true,"href":"https:\/\/mediatopnews.tg\/index.php?rest_route=%2Fwp%2Fv2%2Ftags&post=14371"}],"curies":[{"name":"wp","href":"https:\/\/api.w.org\/{rel}","templated":true}]}}