{"id":14823,"date":"2026-04-26T10:04:06","date_gmt":"2026-04-26T10:04:06","guid":{"rendered":"https:\/\/mediatopnews.tg\/?p=14823"},"modified":"2026-04-26T10:04:07","modified_gmt":"2026-04-26T10:04:07","slug":"quand-luniversite-de-kara-devient-le-temoin-tangible-dune-vision-detat","status":"publish","type":"post","link":"https:\/\/mediatopnews.tg\/?p=14823","title":{"rendered":"Quand l\u2019universit\u00e9 de Kara devient le t\u00e9moin tangible d\u2019une vision d\u2019\u00c9tat"},"content":{"rendered":"\n<p>La pr\u00e9sidente de l\u2019Universit\u00e9 de Kara livre un discours de circonstance qui transforme l\u2019inauguration d\u2019infrastructures en un acte politique et symbolique. En c\u00e9l\u00e9brant la mise en service de blocs p\u00e9dagogiques et administratifs, elle inscrit l\u2019\u00e9v\u00e9nement dans une narration de progr\u00e8s national et met explicitement en lumi\u00e8re le r\u00f4le central du Pr\u00e9sident du Conseil dans la r\u00e9alisation du projet. Un discours \u00e0 la hauteur des ambitions et de la vision qu\u2019elle porte pour les futures g\u00e9n\u00e9rations.<\/p>\n\n\n\n<p>\u00ab 24 avril 2023\u201124 avril 2026 ; deux dates, un geste, une action concr\u00e9tis\u00e9e. \u00bb<\/p>\n\n\n\n<p>\u00ab Au nom de toute la communaut\u00e9 universitaire, je voudrais vous adresser l\u2019expression de notre profonde et respectueuse gratitude pour votre engagement constant en faveur de l\u2019enseignement sup\u00e9rieur et de la recherche scientifique. \u00bb<\/p>\n\n\n\n<figure class=\"wp-block-image size-large\"><img loading=\"lazy\" decoding=\"async\" width=\"1024\" height=\"683\" src=\"https:\/\/mediatopnews.tg\/wp-content\/uploads\/2026\/04\/indkara2-1024x683.jpeg\" alt=\"\" class=\"wp-image-14824\" srcset=\"https:\/\/mediatopnews.tg\/wp-content\/uploads\/2026\/04\/indkara2-1024x683.jpeg 1024w, https:\/\/mediatopnews.tg\/wp-content\/uploads\/2026\/04\/indkara2-300x200.jpeg 300w, https:\/\/mediatopnews.tg\/wp-content\/uploads\/2026\/04\/indkara2-768x512.jpeg 768w, https:\/\/mediatopnews.tg\/wp-content\/uploads\/2026\/04\/indkara2.jpeg 1280w\" sizes=\"auto, (max-width: 1024px) 100vw, 1024px\" \/><\/figure>\n\n\n\n<p>Ce que dit r\u00e9ellement le discours <\/p>\n\n\n\n<p>\u2022La pr\u00e9sidente juxtapose la pose de la premi\u00e8re pierre (24 avril 2023) et l\u2019inauguration (24 avril 2026) pour construire une chronologie de r\u00e9ussite rapide et ma\u00eetris\u00e9e. Cette mise en r\u00e9cit sert \u00e0 l\u00e9gitimer l\u2019action publique et \u00e0 montrer l\u2019efficacit\u00e9 de l\u2019ex\u00e9cutif.<\/p>\n\n\n\n<p>\u2022 <strong>Trois verbes politiques : prot\u00e9ger, rassembler, transformer.<\/strong> Ces verbes structurent le propos et transforment une livraison d\u2019infrastructures en promesse politique : protection sociale (jeunesse), coh\u00e9sion territoriale et transformation \u00e9conomique par l\u2019\u00e9ducation.<\/p>\n\n\n\n<p>\u2022 <strong>Ciblage strat\u00e9gique des fili\u00e8res.<\/strong> L\u2019\u00e9num\u00e9ration des nouvelles capacit\u00e9s (sant\u00e9, agriculture, ing\u00e9nierie\/innovation) montre une logique d\u2019alignement entre formation et besoins nationaux, renfor\u00e7ant l\u2019id\u00e9e d\u2019un \u00c9tat qui planifie et oriente le d\u00e9veloppement.<\/p>\n\n\n\n<p>\u2022 <strong>L\u2019alliance public\u2011priv\u00e9 mise en avant.<\/strong> La mention explicite d\u2019ENVOL Immobilier et de la synergie entre acteurs publics et priv\u00e9s valorise la gouvernance partenariale port\u00e9e par l\u2019ex\u00e9cutif.<\/p>\n\n\n\n<figure class=\"wp-block-image size-large\"><img loading=\"lazy\" decoding=\"async\" width=\"1024\" height=\"739\" src=\"https:\/\/mediatopnews.tg\/wp-content\/uploads\/2026\/04\/indkara4-1024x739.jpeg\" alt=\"\" class=\"wp-image-14826\" srcset=\"https:\/\/mediatopnews.tg\/wp-content\/uploads\/2026\/04\/indkara4-1024x739.jpeg 1024w, https:\/\/mediatopnews.tg\/wp-content\/uploads\/2026\/04\/indkara4-300x217.jpeg 300w, https:\/\/mediatopnews.tg\/wp-content\/uploads\/2026\/04\/indkara4-768x554.jpeg 768w, https:\/\/mediatopnews.tg\/wp-content\/uploads\/2026\/04\/indkara4.jpeg 1280w\" sizes=\"auto, (max-width: 1024px) 100vw, 1024px\" \/><\/figure>\n\n\n\n<p>\u2022 <strong>Cr\u00e9dibilit\u00e9 op\u00e9rationnelle.<\/strong> En insistant sur la rapidit\u00e9 d\u2019ex\u00e9cution et la qualit\u00e9 des infrastructures, le discours conf\u00e8re au Pr\u00e9sident du Conseil une image d\u2019\u00ab homme d\u2019\u00c9tat qui fait \u00bb un atout politique majeur dans un contexte o\u00f9 la capacit\u00e9 \u00e0 livrer des projets concrets p\u00e8se plus que les promesses.<\/p>\n\n\n\n<p>\u2022 <strong>Vision coh\u00e9rente<\/strong>: L\u2019articulation entre formation (pharmacie, odonto\u2011stomatologie, agro\u2011innovation, maintenance industrielle) et r\u00e9habilitation du CHU traduit une strat\u00e9gie d\u2019ensemble : former pour soigner, innover pour industrialiser. Cela renforce l\u2019id\u00e9e d\u2019un pilotage centralis\u00e9 et r\u00e9fl\u00e9chi, attribuable \u00e0 la volont\u00e9 politique incarn\u00e9e par le Pr\u00e9sident du Conseil.<\/p>\n\n\n\n<p>\u2022 L\u2019\u00e9v\u00e9nement, tenu le jour o\u00f9 la m\u00e9moire nationale est \u00e9voqu\u00e9e, permet d\u2019associer la figure du chef du gouvernement \u00e0 la souverainet\u00e9 intellectuelle et au progr\u00e8s social \u2014 un positionnement symbolique utile pour consolider l\u2019autorit\u00e9 morale et politique.<\/p>\n\n\n\n<figure class=\"wp-block-image size-large\"><img loading=\"lazy\" decoding=\"async\" width=\"1024\" height=\"739\" src=\"https:\/\/mediatopnews.tg\/wp-content\/uploads\/2026\/04\/indkara3-1024x739.jpeg\" alt=\"\" class=\"wp-image-14825\" srcset=\"https:\/\/mediatopnews.tg\/wp-content\/uploads\/2026\/04\/indkara3-1024x739.jpeg 1024w, https:\/\/mediatopnews.tg\/wp-content\/uploads\/2026\/04\/indkara3-300x217.jpeg 300w, https:\/\/mediatopnews.tg\/wp-content\/uploads\/2026\/04\/indkara3-768x554.jpeg 768w, https:\/\/mediatopnews.tg\/wp-content\/uploads\/2026\/04\/indkara3.jpeg 1280w\" sizes=\"auto, (max-width: 1024px) 100vw, 1024px\" \/><\/figure>\n\n\n\n<p>Enjeux et cons\u00e9quences attendues<\/p>\n\n\n\n<p>\u2022 <strong>Impact sur l\u2019employabilit\u00e9.<\/strong> La professionnalisation des fili\u00e8res promise par les nouvelles infrastructures devrait am\u00e9liorer l\u2019employabilit\u00e9 locale et r\u00e9pondre aux besoins du march\u00e9, renfor\u00e7ant l\u2019argument selon lequel l\u2019action gouvernementale est orient\u00e9e vers des r\u00e9sultats \u00e9conomiques tangibles.<\/p>\n\n\n\n<p>\u2022 Un campus modernis\u00e9 et des centres d\u2019application agro\u2011pastoraux peuvent devenir des p\u00f4les d\u2019attraction pour la r\u00e9gion, l\u00e9gitimant davantage les choix d\u2019investissement du gouvernement.<\/p>\n\n\n\n<p>\u2022 La reconnaissance publique et solennelle adress\u00e9e au Pr\u00e9sident du Conseil, r\u00e9p\u00e9t\u00e9e dans le discours, constitue un capital symbolique que l\u2019ex\u00e9cutif peut mobiliser dans ses communications futures. Le discours de la pr\u00e9sidente de l\u2019Universit\u00e9 de Kara est, au\u2011del\u00e0 de la simple c\u00e9r\u00e9monie, une tribune soigneusement calibr\u00e9e qui transforme une livraison d\u2019infrastructures en d\u00e9monstration de gouvernance. En magnifiant la rapidit\u00e9 d\u2019ex\u00e9cution, la coh\u00e9rence sectorielle et la qualit\u00e9 des partenariats, le propos conf\u00e8re au Pr\u00e9sident du Conseil une image de leader pragmatique et visionnaire, capable de traduire les ambitions nationales en r\u00e9alisations concr\u00e8tes. Cette inauguration, telle que racont\u00e9e par la pr\u00e9sidente, est donc autant un succ\u00e8s universitaire qu\u2019un succ\u00e8s politique pour l\u2019ex\u00e9cutif.<\/p>\n\n\n\n<p>Adams<\/p>\n\n\n\n<p><\/p>\n","protected":false},"excerpt":{"rendered":"<p>La pr\u00e9sidente de l\u2019Universit\u00e9 de Kara livre un discours de circonstance qui transforme l\u2019inauguration d\u2019infrastructures en un acte politique et symbolique. En c\u00e9l\u00e9brant la mise en service de blocs p\u00e9dagogiques et administratifs, elle inscrit l\u2019\u00e9v\u00e9nement dans une narration de progr\u00e8s national et met explicitement en lumi\u00e8re le r\u00f4le central du Pr\u00e9sident du Conseil dans la [&hellip;]<\/p>\n","protected":false},"author":2,"featured_media":14827,"comment_status":"open","ping_status":"closed","sticky":false,"template":"","format":"standard","meta":{"footnotes":""},"categories":[4],"tags":[],"class_list":["post-14823","post","type-post","status-publish","format-standard","has-post-thumbnail","hentry","category-education"],"yoast_head":"<!-- This site is optimized with the Yoast SEO plugin v26.5 - https:\/\/yoast.com\/wordpress\/plugins\/seo\/ -->\n<title>Quand l\u2019universit\u00e9 de Kara devient le t\u00e9moin tangible d\u2019une vision d\u2019\u00c9tat - R\u00e9c\u00e9piss\u00e9 N\u00b00026\/12-2020\/pl\/P<\/title>\n<meta name=\"robots\" content=\"index, follow, max-snippet:-1, max-image-preview:large, max-video-preview:-1\" \/>\n<link rel=\"canonical\" href=\"https:\/\/mediatopnews.tg\/?p=14823\" \/>\n<meta property=\"og:locale\" content=\"fr_FR\" \/>\n<meta property=\"og:type\" content=\"article\" \/>\n<meta property=\"og:title\" content=\"Quand l\u2019universit\u00e9 de Kara devient le t\u00e9moin tangible d\u2019une vision d\u2019\u00c9tat - R\u00e9c\u00e9piss\u00e9 N\u00b00026\/12-2020\/pl\/P\" \/>\n<meta property=\"og:description\" content=\"La pr\u00e9sidente de l\u2019Universit\u00e9 de Kara livre un discours de circonstance qui transforme l\u2019inauguration d\u2019infrastructures en un acte politique et symbolique. En c\u00e9l\u00e9brant la mise en service de blocs p\u00e9dagogiques et administratifs, elle inscrit l\u2019\u00e9v\u00e9nement dans une narration de progr\u00e8s national et met explicitement en lumi\u00e8re le r\u00f4le central du Pr\u00e9sident du Conseil dans la [&hellip;]\" \/>\n<meta property=\"og:url\" content=\"https:\/\/mediatopnews.tg\/?p=14823\" \/>\n<meta property=\"og:site_name\" content=\"R\u00e9c\u00e9piss\u00e9 N\u00b00026\/12-2020\/pl\/P\" \/>\n<meta property=\"article:published_time\" content=\"2026-04-26T10:04:06+00:00\" \/>\n<meta property=\"article:modified_time\" content=\"2026-04-26T10:04:07+00:00\" \/>\n<meta property=\"og:image\" content=\"https:\/\/mediatopnews.tg\/wp-content\/uploads\/2026\/04\/indkara1.jpeg\" \/>\n\t<meta property=\"og:image:width\" content=\"1280\" \/>\n\t<meta property=\"og:image:height\" content=\"1024\" \/>\n\t<meta property=\"og:image:type\" content=\"image\/jpeg\" \/>\n<meta name=\"author\" content=\"La R\u00e9daction\" \/>\n<meta name=\"twitter:card\" content=\"summary_large_image\" \/>\n<meta name=\"twitter:label1\" content=\"\u00c9crit par\" \/>\n\t<meta name=\"twitter:data1\" content=\"La R\u00e9daction\" \/>\n\t<meta name=\"twitter:label2\" content=\"Dur\u00e9e de lecture estim\u00e9e\" \/>\n\t<meta name=\"twitter:data2\" content=\"4 minutes\" \/>\n<script type=\"application\/ld+json\" class=\"yoast-schema-graph\">{\"@context\":\"https:\/\/schema.org\",\"@graph\":[{\"@type\":\"Article\",\"@id\":\"https:\/\/mediatopnews.tg\/?p=14823#article\",\"isPartOf\":{\"@id\":\"https:\/\/mediatopnews.tg\/?p=14823\"},\"author\":{\"name\":\"La R\u00e9daction\",\"@id\":\"https:\/\/mediatopnews.tg\/#\/schema\/person\/5264fbaa15cdbc3bbc592caa5cb4bac6\"},\"headline\":\"Quand l\u2019universit\u00e9 de Kara devient le t\u00e9moin tangible d\u2019une vision d\u2019\u00c9tat\",\"datePublished\":\"2026-04-26T10:04:06+00:00\",\"dateModified\":\"2026-04-26T10:04:07+00:00\",\"mainEntityOfPage\":{\"@id\":\"https:\/\/mediatopnews.tg\/?p=14823\"},\"wordCount\":686,\"commentCount\":0,\"publisher\":{\"@id\":\"https:\/\/mediatopnews.tg\/#organization\"},\"image\":{\"@id\":\"https:\/\/mediatopnews.tg\/?p=14823#primaryimage\"},\"thumbnailUrl\":\"https:\/\/mediatopnews.tg\/wp-content\/uploads\/2026\/04\/indkara1.jpeg\",\"articleSection\":[\"EDUCATION\"],\"inLanguage\":\"fr-FR\",\"potentialAction\":[{\"@type\":\"CommentAction\",\"name\":\"Comment\",\"target\":[\"https:\/\/mediatopnews.tg\/?p=14823#respond\"]}]},{\"@type\":\"WebPage\",\"@id\":\"https:\/\/mediatopnews.tg\/?p=14823\",\"url\":\"https:\/\/mediatopnews.tg\/?p=14823\",\"name\":\"Quand l\u2019universit\u00e9 de Kara devient le t\u00e9moin tangible d\u2019une vision d\u2019\u00c9tat - R\u00e9c\u00e9piss\u00e9 N\u00b00026\/12-2020\/pl\/P\",\"isPartOf\":{\"@id\":\"https:\/\/mediatopnews.tg\/#website\"},\"primaryImageOfPage\":{\"@id\":\"https:\/\/mediatopnews.tg\/?p=14823#primaryimage\"},\"image\":{\"@id\":\"https:\/\/mediatopnews.tg\/?p=14823#primaryimage\"},\"thumbnailUrl\":\"https:\/\/mediatopnews.tg\/wp-content\/uploads\/2026\/04\/indkara1.jpeg\",\"datePublished\":\"2026-04-26T10:04:06+00:00\",\"dateModified\":\"2026-04-26T10:04:07+00:00\",\"breadcrumb\":{\"@id\":\"https:\/\/mediatopnews.tg\/?p=14823#breadcrumb\"},\"inLanguage\":\"fr-FR\",\"potentialAction\":[{\"@type\":\"ReadAction\",\"target\":[\"https:\/\/mediatopnews.tg\/?p=14823\"]}]},{\"@type\":\"ImageObject\",\"inLanguage\":\"fr-FR\",\"@id\":\"https:\/\/mediatopnews.tg\/?p=14823#primaryimage\",\"url\":\"https:\/\/mediatopnews.tg\/wp-content\/uploads\/2026\/04\/indkara1.jpeg\",\"contentUrl\":\"https:\/\/mediatopnews.tg\/wp-content\/uploads\/2026\/04\/indkara1.jpeg\",\"width\":1280,\"height\":1024},{\"@type\":\"BreadcrumbList\",\"@id\":\"https:\/\/mediatopnews.tg\/?p=14823#breadcrumb\",\"itemListElement\":[{\"@type\":\"ListItem\",\"position\":1,\"name\":\"Accueil\",\"item\":\"https:\/\/mediatopnews.tg\/\"},{\"@type\":\"ListItem\",\"position\":2,\"name\":\"Quand l\u2019universit\u00e9 de Kara devient le t\u00e9moin tangible d\u2019une vision d\u2019\u00c9tat\"}]},{\"@type\":\"WebSite\",\"@id\":\"https:\/\/mediatopnews.tg\/#website\",\"url\":\"https:\/\/mediatopnews.tg\/\",\"name\":\"R\u00e9c\u00e9piss\u00e9 N\u00b00026\/12-2020\/pl\/P\",\"description\":\"La toile de l&#039;information\",\"publisher\":{\"@id\":\"https:\/\/mediatopnews.tg\/#organization\"},\"potentialAction\":[{\"@type\":\"SearchAction\",\"target\":{\"@type\":\"EntryPoint\",\"urlTemplate\":\"https:\/\/mediatopnews.tg\/?s={search_term_string}\"},\"query-input\":{\"@type\":\"PropertyValueSpecification\",\"valueRequired\":true,\"valueName\":\"search_term_string\"}}],\"inLanguage\":\"fr-FR\"},{\"@type\":\"Organization\",\"@id\":\"https:\/\/mediatopnews.tg\/#organization\",\"name\":\"R\u00e9c\u00e9piss\u00e9 N\u00b00026\/12-2020\/pl\/P\",\"url\":\"https:\/\/mediatopnews.tg\/\",\"logo\":{\"@type\":\"ImageObject\",\"inLanguage\":\"fr-FR\",\"@id\":\"https:\/\/mediatopnews.tg\/#\/schema\/logo\/image\/\",\"url\":\"https:\/\/mediatopnews.tg\/wp-content\/uploads\/2023\/09\/cropped-cropped-WhatsApp-Image-2023-09-04-at-13.18.30-1-1.jpeg\",\"contentUrl\":\"https:\/\/mediatopnews.tg\/wp-content\/uploads\/2023\/09\/cropped-cropped-WhatsApp-Image-2023-09-04-at-13.18.30-1-1.jpeg\",\"width\":174,\"height\":147,\"caption\":\"R\u00e9c\u00e9piss\u00e9 N\u00b00026\/12-2020\/pl\/P\"},\"image\":{\"@id\":\"https:\/\/mediatopnews.tg\/#\/schema\/logo\/image\/\"}},{\"@type\":\"Person\",\"@id\":\"https:\/\/mediatopnews.tg\/#\/schema\/person\/5264fbaa15cdbc3bbc592caa5cb4bac6\",\"name\":\"La R\u00e9daction\",\"image\":{\"@type\":\"ImageObject\",\"inLanguage\":\"fr-FR\",\"@id\":\"https:\/\/mediatopnews.tg\/#\/schema\/person\/image\/\",\"url\":\"https:\/\/secure.gravatar.com\/avatar\/02c45ef53e124da0300332101a595f5186b781ff193f1243a768c52e15756dcc?s=96&d=mm&r=g\",\"contentUrl\":\"https:\/\/secure.gravatar.com\/avatar\/02c45ef53e124da0300332101a595f5186b781ff193f1243a768c52e15756dcc?s=96&d=mm&r=g\",\"caption\":\"La R\u00e9daction\"},\"url\":\"https:\/\/mediatopnews.tg\/?author=2\"}]}<\/script>\n<!-- \/ Yoast SEO plugin. -->","yoast_head_json":{"title":"Quand l\u2019universit\u00e9 de Kara devient le t\u00e9moin tangible d\u2019une vision d\u2019\u00c9tat - R\u00e9c\u00e9piss\u00e9 N\u00b00026\/12-2020\/pl\/P","robots":{"index":"index","follow":"follow","max-snippet":"max-snippet:-1","max-image-preview":"max-image-preview:large","max-video-preview":"max-video-preview:-1"},"canonical":"https:\/\/mediatopnews.tg\/?p=14823","og_locale":"fr_FR","og_type":"article","og_title":"Quand l\u2019universit\u00e9 de Kara devient le t\u00e9moin tangible d\u2019une vision d\u2019\u00c9tat - R\u00e9c\u00e9piss\u00e9 N\u00b00026\/12-2020\/pl\/P","og_description":"La pr\u00e9sidente de l\u2019Universit\u00e9 de Kara livre un discours de circonstance qui transforme l\u2019inauguration d\u2019infrastructures en un acte politique et symbolique. En c\u00e9l\u00e9brant la mise en service de blocs p\u00e9dagogiques et administratifs, elle inscrit l\u2019\u00e9v\u00e9nement dans une narration de progr\u00e8s national et met explicitement en lumi\u00e8re le r\u00f4le central du Pr\u00e9sident du Conseil dans la [&hellip;]","og_url":"https:\/\/mediatopnews.tg\/?p=14823","og_site_name":"R\u00e9c\u00e9piss\u00e9 N\u00b00026\/12-2020\/pl\/P","article_published_time":"2026-04-26T10:04:06+00:00","article_modified_time":"2026-04-26T10:04:07+00:00","og_image":[{"width":1280,"height":1024,"url":"https:\/\/mediatopnews.tg\/wp-content\/uploads\/2026\/04\/indkara1.jpeg","type":"image\/jpeg"}],"author":"La R\u00e9daction","twitter_card":"summary_large_image","twitter_misc":{"\u00c9crit par":"La R\u00e9daction","Dur\u00e9e de lecture estim\u00e9e":"4 minutes"},"schema":{"@context":"https:\/\/schema.org","@graph":[{"@type":"Article","@id":"https:\/\/mediatopnews.tg\/?p=14823#article","isPartOf":{"@id":"https:\/\/mediatopnews.tg\/?p=14823"},"author":{"name":"La R\u00e9daction","@id":"https:\/\/mediatopnews.tg\/#\/schema\/person\/5264fbaa15cdbc3bbc592caa5cb4bac6"},"headline":"Quand l\u2019universit\u00e9 de Kara devient le t\u00e9moin tangible d\u2019une vision d\u2019\u00c9tat","datePublished":"2026-04-26T10:04:06+00:00","dateModified":"2026-04-26T10:04:07+00:00","mainEntityOfPage":{"@id":"https:\/\/mediatopnews.tg\/?p=14823"},"wordCount":686,"commentCount":0,"publisher":{"@id":"https:\/\/mediatopnews.tg\/#organization"},"image":{"@id":"https:\/\/mediatopnews.tg\/?p=14823#primaryimage"},"thumbnailUrl":"https:\/\/mediatopnews.tg\/wp-content\/uploads\/2026\/04\/indkara1.jpeg","articleSection":["EDUCATION"],"inLanguage":"fr-FR","potentialAction":[{"@type":"CommentAction","name":"Comment","target":["https:\/\/mediatopnews.tg\/?p=14823#respond"]}]},{"@type":"WebPage","@id":"https:\/\/mediatopnews.tg\/?p=14823","url":"https:\/\/mediatopnews.tg\/?p=14823","name":"Quand l\u2019universit\u00e9 de Kara devient le t\u00e9moin tangible d\u2019une vision d\u2019\u00c9tat - R\u00e9c\u00e9piss\u00e9 N\u00b00026\/12-2020\/pl\/P","isPartOf":{"@id":"https:\/\/mediatopnews.tg\/#website"},"primaryImageOfPage":{"@id":"https:\/\/mediatopnews.tg\/?p=14823#primaryimage"},"image":{"@id":"https:\/\/mediatopnews.tg\/?p=14823#primaryimage"},"thumbnailUrl":"https:\/\/mediatopnews.tg\/wp-content\/uploads\/2026\/04\/indkara1.jpeg","datePublished":"2026-04-26T10:04:06+00:00","dateModified":"2026-04-26T10:04:07+00:00","breadcrumb":{"@id":"https:\/\/mediatopnews.tg\/?p=14823#breadcrumb"},"inLanguage":"fr-FR","potentialAction":[{"@type":"ReadAction","target":["https:\/\/mediatopnews.tg\/?p=14823"]}]},{"@type":"ImageObject","inLanguage":"fr-FR","@id":"https:\/\/mediatopnews.tg\/?p=14823#primaryimage","url":"https:\/\/mediatopnews.tg\/wp-content\/uploads\/2026\/04\/indkara1.jpeg","contentUrl":"https:\/\/mediatopnews.tg\/wp-content\/uploads\/2026\/04\/indkara1.jpeg","width":1280,"height":1024},{"@type":"BreadcrumbList","@id":"https:\/\/mediatopnews.tg\/?p=14823#breadcrumb","itemListElement":[{"@type":"ListItem","position":1,"name":"Accueil","item":"https:\/\/mediatopnews.tg\/"},{"@type":"ListItem","position":2,"name":"Quand l\u2019universit\u00e9 de Kara devient le t\u00e9moin tangible d\u2019une vision d\u2019\u00c9tat"}]},{"@type":"WebSite","@id":"https:\/\/mediatopnews.tg\/#website","url":"https:\/\/mediatopnews.tg\/","name":"R\u00e9c\u00e9piss\u00e9 N\u00b00026\/12-2020\/pl\/P","description":"La toile de l&#039;information","publisher":{"@id":"https:\/\/mediatopnews.tg\/#organization"},"potentialAction":[{"@type":"SearchAction","target":{"@type":"EntryPoint","urlTemplate":"https:\/\/mediatopnews.tg\/?s={search_term_string}"},"query-input":{"@type":"PropertyValueSpecification","valueRequired":true,"valueName":"search_term_string"}}],"inLanguage":"fr-FR"},{"@type":"Organization","@id":"https:\/\/mediatopnews.tg\/#organization","name":"R\u00e9c\u00e9piss\u00e9 N\u00b00026\/12-2020\/pl\/P","url":"https:\/\/mediatopnews.tg\/","logo":{"@type":"ImageObject","inLanguage":"fr-FR","@id":"https:\/\/mediatopnews.tg\/#\/schema\/logo\/image\/","url":"https:\/\/mediatopnews.tg\/wp-content\/uploads\/2023\/09\/cropped-cropped-WhatsApp-Image-2023-09-04-at-13.18.30-1-1.jpeg","contentUrl":"https:\/\/mediatopnews.tg\/wp-content\/uploads\/2023\/09\/cropped-cropped-WhatsApp-Image-2023-09-04-at-13.18.30-1-1.jpeg","width":174,"height":147,"caption":"R\u00e9c\u00e9piss\u00e9 N\u00b00026\/12-2020\/pl\/P"},"image":{"@id":"https:\/\/mediatopnews.tg\/#\/schema\/logo\/image\/"}},{"@type":"Person","@id":"https:\/\/mediatopnews.tg\/#\/schema\/person\/5264fbaa15cdbc3bbc592caa5cb4bac6","name":"La R\u00e9daction","image":{"@type":"ImageObject","inLanguage":"fr-FR","@id":"https:\/\/mediatopnews.tg\/#\/schema\/person\/image\/","url":"https:\/\/secure.gravatar.com\/avatar\/02c45ef53e124da0300332101a595f5186b781ff193f1243a768c52e15756dcc?s=96&d=mm&r=g","contentUrl":"https:\/\/secure.gravatar.com\/avatar\/02c45ef53e124da0300332101a595f5186b781ff193f1243a768c52e15756dcc?s=96&d=mm&r=g","caption":"La R\u00e9daction"},"url":"https:\/\/mediatopnews.tg\/?author=2"}]}},"_links":{"self":[{"href":"https:\/\/mediatopnews.tg\/index.php?rest_route=\/wp\/v2\/posts\/14823","targetHints":{"allow":["GET"]}}],"collection":[{"href":"https:\/\/mediatopnews.tg\/index.php?rest_route=\/wp\/v2\/posts"}],"about":[{"href":"https:\/\/mediatopnews.tg\/index.php?rest_route=\/wp\/v2\/types\/post"}],"author":[{"embeddable":true,"href":"https:\/\/mediatopnews.tg\/index.php?rest_route=\/wp\/v2\/users\/2"}],"replies":[{"embeddable":true,"href":"https:\/\/mediatopnews.tg\/index.php?rest_route=%2Fwp%2Fv2%2Fcomments&post=14823"}],"version-history":[{"count":1,"href":"https:\/\/mediatopnews.tg\/index.php?rest_route=\/wp\/v2\/posts\/14823\/revisions"}],"predecessor-version":[{"id":14828,"href":"https:\/\/mediatopnews.tg\/index.php?rest_route=\/wp\/v2\/posts\/14823\/revisions\/14828"}],"wp:featuredmedia":[{"embeddable":true,"href":"https:\/\/mediatopnews.tg\/index.php?rest_route=\/wp\/v2\/media\/14827"}],"wp:attachment":[{"href":"https:\/\/mediatopnews.tg\/index.php?rest_route=%2Fwp%2Fv2%2Fmedia&parent=14823"}],"wp:term":[{"taxonomy":"category","embeddable":true,"href":"https:\/\/mediatopnews.tg\/index.php?rest_route=%2Fwp%2Fv2%2Fcategories&post=14823"},{"taxonomy":"post_tag","embeddable":true,"href":"https:\/\/mediatopnews.tg\/index.php?rest_route=%2Fwp%2Fv2%2Ftags&post=14823"}],"curies":[{"name":"wp","href":"https:\/\/api.w.org\/{rel}","templated":true}]}}