{"id":14851,"date":"2026-04-28T05:12:39","date_gmt":"2026-04-28T05:12:39","guid":{"rendered":"https:\/\/mediatopnews.tg\/?p=14851"},"modified":"2026-04-28T05:12:40","modified_gmt":"2026-04-28T05:12:40","slug":"education-luniversite-de-kara-se-dote-dun-complexe-ultramoderne","status":"publish","type":"post","link":"https:\/\/mediatopnews.tg\/?p=14851","title":{"rendered":"Education\/l\u2019Universit\u00e9 de Kara se dote d\u2019un complexe ultramoderne"},"content":{"rendered":"\n<p><strong>\u00a0<\/strong><\/p>\n\n\n\n<p>Le Togo poursuit la modernisation de son enseignement sup\u00e9rieur avec la mise en service de nouvelles infrastructures au campus nord de l\u2019Universit\u00e9 de Kara. Le pr\u00e9sident du Conseil, Faure Essozimna Gnassingb\u00e9, a proc\u00e9d\u00e9 en fin de semaine derni\u00e8re \u00e0 l\u2019inauguration officielle de ce complexe universitaire, r\u00e9alis\u00e9 apr\u00e8s deux ann\u00e9es de travaux. Cette initiative s\u2019inscrit dans la dynamique de renforcement des capacit\u00e9s d\u2019accueil et d\u2019am\u00e9lioration de la qualit\u00e9 de la formation dans les universit\u00e9s publiques du pays.<\/p>\n\n\n\n<figure class=\"wp-block-image size-full\"><img loading=\"lazy\" decoding=\"async\" width=\"600\" height=\"432\" src=\"https:\/\/mediatopnews.tg\/wp-content\/uploads\/2026\/04\/UK-TOF-1.jpg\" alt=\"\" class=\"wp-image-14852\" srcset=\"https:\/\/mediatopnews.tg\/wp-content\/uploads\/2026\/04\/UK-TOF-1.jpg 600w, https:\/\/mediatopnews.tg\/wp-content\/uploads\/2026\/04\/UK-TOF-1-300x216.jpg 300w\" sizes=\"auto, (max-width: 600px) 100vw, 600px\" \/><\/figure>\n\n\n\n<p>Fruit d\u2019un partenariat public-priv\u00e9 entre l\u2019\u00c9tat togolais et le groupe Envol Immobilier, le nouveau complexe s\u2019\u00e9tend sur une superficie d\u2019environ 18 600 m\u00e8tres carr\u00e9s. Il comprend cinq infrastructures majeures con\u00e7ues pour r\u00e9pondre aux exigences acad\u00e9miques et administratives d\u2019une universit\u00e9 en pleine expansion. Il s\u2019agit notamment d\u2019un bloc administratif moderne abritant la pr\u00e9sidence de l\u2019Universit\u00e9 de Kara, de la Facult\u00e9 des sciences de la sant\u00e9 (FSS), de l\u2019Institut sup\u00e9rieur des m\u00e9tiers de l\u2019agriculture (ISMA), de l\u2019Institut polytechnique et de l\u2019innovation (IPI), ainsi que d\u2019un restaurant universitaire construit dans un style inspir\u00e9 de l\u2019architecture traditionnelle togolaise de type apatam.<\/p>\n\n\n\n<figure class=\"wp-block-image size-full\"><img loading=\"lazy\" decoding=\"async\" width=\"800\" height=\"577\" src=\"https:\/\/mediatopnews.tg\/wp-content\/uploads\/2026\/04\/UK-tOF-2.jpeg\" alt=\"\" class=\"wp-image-14853\" srcset=\"https:\/\/mediatopnews.tg\/wp-content\/uploads\/2026\/04\/UK-tOF-2.jpeg 800w, https:\/\/mediatopnews.tg\/wp-content\/uploads\/2026\/04\/UK-tOF-2-300x216.jpeg 300w, https:\/\/mediatopnews.tg\/wp-content\/uploads\/2026\/04\/UK-tOF-2-768x554.jpeg 768w\" sizes=\"auto, (max-width: 800px) 100vw, 800px\" \/><\/figure>\n\n\n\n<p>Ces nouveaux b\u00e2timents p\u00e9dagogiques et administratifs, dont le co\u00fbt global d\u00e9passe 15 milliards de francs CFA, constituent la premi\u00e8re phase d\u2019un vaste programme de d\u00e9veloppement du campus nord. Ils visent \u00e0 am\u00e9liorer les conditions d\u2019apprentissage, renforcer la recherche scientifique et accompagner la professionnalisation des formations dans des secteurs strat\u00e9giques comme la sant\u00e9, l\u2019agriculture, l\u2019ing\u00e9nierie et l\u2019innovation technologique.<\/p>\n\n\n\n<p>Pour le ministre de l\u2019Enseignement sup\u00e9rieur et de la Recherche, Mama Omorou, ces infrastructures traduisent l\u2019ambition du gouvernement de b\u00e2tir un capital humain comp\u00e9titif. Il a soulign\u00e9 que ces r\u00e9alisations vont bien au-del\u00e0 de simples constructions, insistant sur le r\u00f4le central de l\u2019\u00e9ducation dans le d\u00e9veloppement. Selon lui, aucune nation ne peut assurer une croissance durable sans investir dans les comp\u00e9tences, la recherche et la cr\u00e9ativit\u00e9 de sa jeunesse.<\/p>\n\n\n\n<p>La Facult\u00e9 des sciences de la sant\u00e9, l\u2019un des piliers du nouveau complexe, devrait conna\u00eetre une extension significative de son offre acad\u00e9mique. L\u2019ouverture prochaine de nouvelles fili\u00e8res, notamment la pharmacie et l\u2019odontostomatologie, permettra de renforcer la formation des professionnels de sant\u00e9 et de r\u00e9pondre aux besoins croissants du syst\u00e8me sanitaire national. De son c\u00f4t\u00e9, l\u2019Institut sup\u00e9rieur des m\u00e9tiers de l\u2019agriculture verra sa capacit\u00e9 d\u2019accueil port\u00e9e \u00e0 environ 1000 \u00e9tudiants, contribuant ainsi \u00e0 la formation d\u2019une nouvelle g\u00e9n\u00e9ration d\u2019acteurs du secteur agricole.<\/p>\n\n\n\n<p>L\u2019Institut polytechnique et de l\u2019innovation, autre composante strat\u00e9gique du projet, est appel\u00e9 \u00e0 jouer un r\u00f4le moteur dans la promotion de la recherche appliqu\u00e9e, de l\u2019entrepreneuriat \u00e9tudiant et de l\u2019innovation technologique. L\u2019objectif est de rapprocher l\u2019universit\u00e9 du monde \u00e9conomique et de favoriser l\u2019\u00e9mergence de solutions locales adapt\u00e9es aux d\u00e9fis de d\u00e9veloppement.<\/p>\n\n\n\n<p>Cette premi\u00e8re phase s\u2019inscrit dans une vision \u00e0 long terme du d\u00e9veloppement de l\u2019Universit\u00e9 de Kara. \u00c0 l\u2019horizon 2040, le campus nord ambitionne de devenir un p\u00f4le acad\u00e9mique de r\u00e9f\u00e9rence en Afrique de l\u2019Ouest. Le projet global pr\u00e9voit la construction de neuf facult\u00e9s, d\u2019un centre hospitalier universitaire, d\u2019infrastructures d\u2019h\u00e9bergement pour \u00e9tudiants, d\u2019une maison des h\u00f4tes, ainsi que d\u2019espaces d\u00e9di\u00e9s aux activit\u00e9s sportives et de loisirs.<\/p>\n\n\n\n<p>\u00c0 terme, l\u2019Universit\u00e9 de Kara devrait pouvoir accueillir plus de 30 000 \u00e9tudiants dans un environnement acad\u00e9mique modernis\u00e9, dot\u00e9 d\u2019\u00e9quipements adapt\u00e9s aux standards internationaux. Cette transformation s\u2019inscrit dans la politique nationale de d\u00e9veloppement de l\u2019enseignement sup\u00e9rieur, qui vise \u00e0 am\u00e9liorer l\u2019acc\u00e8s \u00e0 une formation de qualit\u00e9, soutenir la recherche et contribuer \u00e0 l\u2019essor socio-\u00e9conomique du pays.<\/p>\n\n\n\n<p><strong>Dodji Ketohou<\/strong><\/p>\n\n\n\n<p><\/p>\n","protected":false},"excerpt":{"rendered":"<p>\u00a0 Le Togo poursuit la modernisation de son enseignement sup\u00e9rieur avec la mise en service de nouvelles infrastructures au campus nord de l\u2019Universit\u00e9 de Kara. Le pr\u00e9sident du Conseil, Faure Essozimna Gnassingb\u00e9, a proc\u00e9d\u00e9 en fin de semaine derni\u00e8re \u00e0 l\u2019inauguration officielle de ce complexe universitaire, r\u00e9alis\u00e9 apr\u00e8s deux ann\u00e9es de travaux. Cette initiative s\u2019inscrit [&hellip;]<\/p>\n","protected":false},"author":2,"featured_media":14854,"comment_status":"open","ping_status":"closed","sticky":false,"template":"","format":"standard","meta":{"footnotes":""},"categories":[4],"tags":[],"class_list":["post-14851","post","type-post","status-publish","format-standard","has-post-thumbnail","hentry","category-education"],"yoast_head":"<!-- This site is optimized with the Yoast SEO plugin v26.5 - https:\/\/yoast.com\/wordpress\/plugins\/seo\/ -->\n<title>Education\/l\u2019Universit\u00e9 de Kara se dote d\u2019un complexe ultramoderne - R\u00e9c\u00e9piss\u00e9 N\u00b00026\/12-2020\/pl\/P<\/title>\n<meta name=\"robots\" content=\"index, follow, max-snippet:-1, max-image-preview:large, max-video-preview:-1\" \/>\n<link rel=\"canonical\" href=\"https:\/\/mediatopnews.tg\/?p=14851\" \/>\n<meta property=\"og:locale\" content=\"fr_FR\" \/>\n<meta property=\"og:type\" content=\"article\" \/>\n<meta property=\"og:title\" content=\"Education\/l\u2019Universit\u00e9 de Kara se dote d\u2019un complexe ultramoderne - R\u00e9c\u00e9piss\u00e9 N\u00b00026\/12-2020\/pl\/P\" \/>\n<meta property=\"og:description\" content=\"\u00a0 Le Togo poursuit la modernisation de son enseignement sup\u00e9rieur avec la mise en service de nouvelles infrastructures au campus nord de l\u2019Universit\u00e9 de Kara. Le pr\u00e9sident du Conseil, Faure Essozimna Gnassingb\u00e9, a proc\u00e9d\u00e9 en fin de semaine derni\u00e8re \u00e0 l\u2019inauguration officielle de ce complexe universitaire, r\u00e9alis\u00e9 apr\u00e8s deux ann\u00e9es de travaux. Cette initiative s\u2019inscrit [&hellip;]\" \/>\n<meta property=\"og:url\" content=\"https:\/\/mediatopnews.tg\/?p=14851\" \/>\n<meta property=\"og:site_name\" content=\"R\u00e9c\u00e9piss\u00e9 N\u00b00026\/12-2020\/pl\/P\" \/>\n<meta property=\"article:published_time\" content=\"2026-04-28T05:12:39+00:00\" \/>\n<meta property=\"article:modified_time\" content=\"2026-04-28T05:12:40+00:00\" \/>\n<meta property=\"og:image\" content=\"https:\/\/mediatopnews.tg\/wp-content\/uploads\/2026\/04\/TOF-UNE-UK.png\" \/>\n\t<meta property=\"og:image:width\" content=\"528\" \/>\n\t<meta property=\"og:image:height\" content=\"286\" \/>\n\t<meta property=\"og:image:type\" content=\"image\/png\" \/>\n<meta name=\"author\" content=\"La R\u00e9daction\" \/>\n<meta name=\"twitter:card\" content=\"summary_large_image\" \/>\n<meta name=\"twitter:label1\" content=\"\u00c9crit par\" \/>\n\t<meta name=\"twitter:data1\" content=\"La R\u00e9daction\" \/>\n\t<meta name=\"twitter:label2\" content=\"Dur\u00e9e de lecture estim\u00e9e\" \/>\n\t<meta name=\"twitter:data2\" content=\"4 minutes\" \/>\n<script type=\"application\/ld+json\" class=\"yoast-schema-graph\">{\"@context\":\"https:\/\/schema.org\",\"@graph\":[{\"@type\":\"Article\",\"@id\":\"https:\/\/mediatopnews.tg\/?p=14851#article\",\"isPartOf\":{\"@id\":\"https:\/\/mediatopnews.tg\/?p=14851\"},\"author\":{\"name\":\"La R\u00e9daction\",\"@id\":\"https:\/\/mediatopnews.tg\/#\/schema\/person\/5264fbaa15cdbc3bbc592caa5cb4bac6\"},\"headline\":\"Education\/l\u2019Universit\u00e9 de Kara se dote d\u2019un complexe ultramoderne\",\"datePublished\":\"2026-04-28T05:12:39+00:00\",\"dateModified\":\"2026-04-28T05:12:40+00:00\",\"mainEntityOfPage\":{\"@id\":\"https:\/\/mediatopnews.tg\/?p=14851\"},\"wordCount\":676,\"commentCount\":0,\"publisher\":{\"@id\":\"https:\/\/mediatopnews.tg\/#organization\"},\"image\":{\"@id\":\"https:\/\/mediatopnews.tg\/?p=14851#primaryimage\"},\"thumbnailUrl\":\"https:\/\/mediatopnews.tg\/wp-content\/uploads\/2026\/04\/TOF-UNE-UK.png\",\"articleSection\":[\"EDUCATION\"],\"inLanguage\":\"fr-FR\",\"potentialAction\":[{\"@type\":\"CommentAction\",\"name\":\"Comment\",\"target\":[\"https:\/\/mediatopnews.tg\/?p=14851#respond\"]}]},{\"@type\":\"WebPage\",\"@id\":\"https:\/\/mediatopnews.tg\/?p=14851\",\"url\":\"https:\/\/mediatopnews.tg\/?p=14851\",\"name\":\"Education\/l\u2019Universit\u00e9 de Kara se dote d\u2019un complexe ultramoderne - R\u00e9c\u00e9piss\u00e9 N\u00b00026\/12-2020\/pl\/P\",\"isPartOf\":{\"@id\":\"https:\/\/mediatopnews.tg\/#website\"},\"primaryImageOfPage\":{\"@id\":\"https:\/\/mediatopnews.tg\/?p=14851#primaryimage\"},\"image\":{\"@id\":\"https:\/\/mediatopnews.tg\/?p=14851#primaryimage\"},\"thumbnailUrl\":\"https:\/\/mediatopnews.tg\/wp-content\/uploads\/2026\/04\/TOF-UNE-UK.png\",\"datePublished\":\"2026-04-28T05:12:39+00:00\",\"dateModified\":\"2026-04-28T05:12:40+00:00\",\"breadcrumb\":{\"@id\":\"https:\/\/mediatopnews.tg\/?p=14851#breadcrumb\"},\"inLanguage\":\"fr-FR\",\"potentialAction\":[{\"@type\":\"ReadAction\",\"target\":[\"https:\/\/mediatopnews.tg\/?p=14851\"]}]},{\"@type\":\"ImageObject\",\"inLanguage\":\"fr-FR\",\"@id\":\"https:\/\/mediatopnews.tg\/?p=14851#primaryimage\",\"url\":\"https:\/\/mediatopnews.tg\/wp-content\/uploads\/2026\/04\/TOF-UNE-UK.png\",\"contentUrl\":\"https:\/\/mediatopnews.tg\/wp-content\/uploads\/2026\/04\/TOF-UNE-UK.png\",\"width\":528,\"height\":286},{\"@type\":\"BreadcrumbList\",\"@id\":\"https:\/\/mediatopnews.tg\/?p=14851#breadcrumb\",\"itemListElement\":[{\"@type\":\"ListItem\",\"position\":1,\"name\":\"Accueil\",\"item\":\"https:\/\/mediatopnews.tg\/\"},{\"@type\":\"ListItem\",\"position\":2,\"name\":\"Education\/l\u2019Universit\u00e9 de Kara se dote d\u2019un complexe ultramoderne\"}]},{\"@type\":\"WebSite\",\"@id\":\"https:\/\/mediatopnews.tg\/#website\",\"url\":\"https:\/\/mediatopnews.tg\/\",\"name\":\"R\u00e9c\u00e9piss\u00e9 N\u00b00026\/12-2020\/pl\/P\",\"description\":\"La toile de l&#039;information\",\"publisher\":{\"@id\":\"https:\/\/mediatopnews.tg\/#organization\"},\"potentialAction\":[{\"@type\":\"SearchAction\",\"target\":{\"@type\":\"EntryPoint\",\"urlTemplate\":\"https:\/\/mediatopnews.tg\/?s={search_term_string}\"},\"query-input\":{\"@type\":\"PropertyValueSpecification\",\"valueRequired\":true,\"valueName\":\"search_term_string\"}}],\"inLanguage\":\"fr-FR\"},{\"@type\":\"Organization\",\"@id\":\"https:\/\/mediatopnews.tg\/#organization\",\"name\":\"R\u00e9c\u00e9piss\u00e9 N\u00b00026\/12-2020\/pl\/P\",\"url\":\"https:\/\/mediatopnews.tg\/\",\"logo\":{\"@type\":\"ImageObject\",\"inLanguage\":\"fr-FR\",\"@id\":\"https:\/\/mediatopnews.tg\/#\/schema\/logo\/image\/\",\"url\":\"https:\/\/mediatopnews.tg\/wp-content\/uploads\/2023\/09\/cropped-cropped-WhatsApp-Image-2023-09-04-at-13.18.30-1-1.jpeg\",\"contentUrl\":\"https:\/\/mediatopnews.tg\/wp-content\/uploads\/2023\/09\/cropped-cropped-WhatsApp-Image-2023-09-04-at-13.18.30-1-1.jpeg\",\"width\":174,\"height\":147,\"caption\":\"R\u00e9c\u00e9piss\u00e9 N\u00b00026\/12-2020\/pl\/P\"},\"image\":{\"@id\":\"https:\/\/mediatopnews.tg\/#\/schema\/logo\/image\/\"}},{\"@type\":\"Person\",\"@id\":\"https:\/\/mediatopnews.tg\/#\/schema\/person\/5264fbaa15cdbc3bbc592caa5cb4bac6\",\"name\":\"La R\u00e9daction\",\"image\":{\"@type\":\"ImageObject\",\"inLanguage\":\"fr-FR\",\"@id\":\"https:\/\/mediatopnews.tg\/#\/schema\/person\/image\/\",\"url\":\"https:\/\/secure.gravatar.com\/avatar\/02c45ef53e124da0300332101a595f5186b781ff193f1243a768c52e15756dcc?s=96&d=mm&r=g\",\"contentUrl\":\"https:\/\/secure.gravatar.com\/avatar\/02c45ef53e124da0300332101a595f5186b781ff193f1243a768c52e15756dcc?s=96&d=mm&r=g\",\"caption\":\"La R\u00e9daction\"},\"url\":\"https:\/\/mediatopnews.tg\/?author=2\"}]}<\/script>\n<!-- \/ Yoast SEO plugin. -->","yoast_head_json":{"title":"Education\/l\u2019Universit\u00e9 de Kara se dote d\u2019un complexe ultramoderne - R\u00e9c\u00e9piss\u00e9 N\u00b00026\/12-2020\/pl\/P","robots":{"index":"index","follow":"follow","max-snippet":"max-snippet:-1","max-image-preview":"max-image-preview:large","max-video-preview":"max-video-preview:-1"},"canonical":"https:\/\/mediatopnews.tg\/?p=14851","og_locale":"fr_FR","og_type":"article","og_title":"Education\/l\u2019Universit\u00e9 de Kara se dote d\u2019un complexe ultramoderne - R\u00e9c\u00e9piss\u00e9 N\u00b00026\/12-2020\/pl\/P","og_description":"\u00a0 Le Togo poursuit la modernisation de son enseignement sup\u00e9rieur avec la mise en service de nouvelles infrastructures au campus nord de l\u2019Universit\u00e9 de Kara. Le pr\u00e9sident du Conseil, Faure Essozimna Gnassingb\u00e9, a proc\u00e9d\u00e9 en fin de semaine derni\u00e8re \u00e0 l\u2019inauguration officielle de ce complexe universitaire, r\u00e9alis\u00e9 apr\u00e8s deux ann\u00e9es de travaux. Cette initiative s\u2019inscrit [&hellip;]","og_url":"https:\/\/mediatopnews.tg\/?p=14851","og_site_name":"R\u00e9c\u00e9piss\u00e9 N\u00b00026\/12-2020\/pl\/P","article_published_time":"2026-04-28T05:12:39+00:00","article_modified_time":"2026-04-28T05:12:40+00:00","og_image":[{"width":528,"height":286,"url":"https:\/\/mediatopnews.tg\/wp-content\/uploads\/2026\/04\/TOF-UNE-UK.png","type":"image\/png"}],"author":"La R\u00e9daction","twitter_card":"summary_large_image","twitter_misc":{"\u00c9crit par":"La R\u00e9daction","Dur\u00e9e de lecture estim\u00e9e":"4 minutes"},"schema":{"@context":"https:\/\/schema.org","@graph":[{"@type":"Article","@id":"https:\/\/mediatopnews.tg\/?p=14851#article","isPartOf":{"@id":"https:\/\/mediatopnews.tg\/?p=14851"},"author":{"name":"La R\u00e9daction","@id":"https:\/\/mediatopnews.tg\/#\/schema\/person\/5264fbaa15cdbc3bbc592caa5cb4bac6"},"headline":"Education\/l\u2019Universit\u00e9 de Kara se dote d\u2019un complexe ultramoderne","datePublished":"2026-04-28T05:12:39+00:00","dateModified":"2026-04-28T05:12:40+00:00","mainEntityOfPage":{"@id":"https:\/\/mediatopnews.tg\/?p=14851"},"wordCount":676,"commentCount":0,"publisher":{"@id":"https:\/\/mediatopnews.tg\/#organization"},"image":{"@id":"https:\/\/mediatopnews.tg\/?p=14851#primaryimage"},"thumbnailUrl":"https:\/\/mediatopnews.tg\/wp-content\/uploads\/2026\/04\/TOF-UNE-UK.png","articleSection":["EDUCATION"],"inLanguage":"fr-FR","potentialAction":[{"@type":"CommentAction","name":"Comment","target":["https:\/\/mediatopnews.tg\/?p=14851#respond"]}]},{"@type":"WebPage","@id":"https:\/\/mediatopnews.tg\/?p=14851","url":"https:\/\/mediatopnews.tg\/?p=14851","name":"Education\/l\u2019Universit\u00e9 de Kara se dote d\u2019un complexe ultramoderne - R\u00e9c\u00e9piss\u00e9 N\u00b00026\/12-2020\/pl\/P","isPartOf":{"@id":"https:\/\/mediatopnews.tg\/#website"},"primaryImageOfPage":{"@id":"https:\/\/mediatopnews.tg\/?p=14851#primaryimage"},"image":{"@id":"https:\/\/mediatopnews.tg\/?p=14851#primaryimage"},"thumbnailUrl":"https:\/\/mediatopnews.tg\/wp-content\/uploads\/2026\/04\/TOF-UNE-UK.png","datePublished":"2026-04-28T05:12:39+00:00","dateModified":"2026-04-28T05:12:40+00:00","breadcrumb":{"@id":"https:\/\/mediatopnews.tg\/?p=14851#breadcrumb"},"inLanguage":"fr-FR","potentialAction":[{"@type":"ReadAction","target":["https:\/\/mediatopnews.tg\/?p=14851"]}]},{"@type":"ImageObject","inLanguage":"fr-FR","@id":"https:\/\/mediatopnews.tg\/?p=14851#primaryimage","url":"https:\/\/mediatopnews.tg\/wp-content\/uploads\/2026\/04\/TOF-UNE-UK.png","contentUrl":"https:\/\/mediatopnews.tg\/wp-content\/uploads\/2026\/04\/TOF-UNE-UK.png","width":528,"height":286},{"@type":"BreadcrumbList","@id":"https:\/\/mediatopnews.tg\/?p=14851#breadcrumb","itemListElement":[{"@type":"ListItem","position":1,"name":"Accueil","item":"https:\/\/mediatopnews.tg\/"},{"@type":"ListItem","position":2,"name":"Education\/l\u2019Universit\u00e9 de Kara se dote d\u2019un complexe ultramoderne"}]},{"@type":"WebSite","@id":"https:\/\/mediatopnews.tg\/#website","url":"https:\/\/mediatopnews.tg\/","name":"R\u00e9c\u00e9piss\u00e9 N\u00b00026\/12-2020\/pl\/P","description":"La toile de l&#039;information","publisher":{"@id":"https:\/\/mediatopnews.tg\/#organization"},"potentialAction":[{"@type":"SearchAction","target":{"@type":"EntryPoint","urlTemplate":"https:\/\/mediatopnews.tg\/?s={search_term_string}"},"query-input":{"@type":"PropertyValueSpecification","valueRequired":true,"valueName":"search_term_string"}}],"inLanguage":"fr-FR"},{"@type":"Organization","@id":"https:\/\/mediatopnews.tg\/#organization","name":"R\u00e9c\u00e9piss\u00e9 N\u00b00026\/12-2020\/pl\/P","url":"https:\/\/mediatopnews.tg\/","logo":{"@type":"ImageObject","inLanguage":"fr-FR","@id":"https:\/\/mediatopnews.tg\/#\/schema\/logo\/image\/","url":"https:\/\/mediatopnews.tg\/wp-content\/uploads\/2023\/09\/cropped-cropped-WhatsApp-Image-2023-09-04-at-13.18.30-1-1.jpeg","contentUrl":"https:\/\/mediatopnews.tg\/wp-content\/uploads\/2023\/09\/cropped-cropped-WhatsApp-Image-2023-09-04-at-13.18.30-1-1.jpeg","width":174,"height":147,"caption":"R\u00e9c\u00e9piss\u00e9 N\u00b00026\/12-2020\/pl\/P"},"image":{"@id":"https:\/\/mediatopnews.tg\/#\/schema\/logo\/image\/"}},{"@type":"Person","@id":"https:\/\/mediatopnews.tg\/#\/schema\/person\/5264fbaa15cdbc3bbc592caa5cb4bac6","name":"La R\u00e9daction","image":{"@type":"ImageObject","inLanguage":"fr-FR","@id":"https:\/\/mediatopnews.tg\/#\/schema\/person\/image\/","url":"https:\/\/secure.gravatar.com\/avatar\/02c45ef53e124da0300332101a595f5186b781ff193f1243a768c52e15756dcc?s=96&d=mm&r=g","contentUrl":"https:\/\/secure.gravatar.com\/avatar\/02c45ef53e124da0300332101a595f5186b781ff193f1243a768c52e15756dcc?s=96&d=mm&r=g","caption":"La R\u00e9daction"},"url":"https:\/\/mediatopnews.tg\/?author=2"}]}},"_links":{"self":[{"href":"https:\/\/mediatopnews.tg\/index.php?rest_route=\/wp\/v2\/posts\/14851","targetHints":{"allow":["GET"]}}],"collection":[{"href":"https:\/\/mediatopnews.tg\/index.php?rest_route=\/wp\/v2\/posts"}],"about":[{"href":"https:\/\/mediatopnews.tg\/index.php?rest_route=\/wp\/v2\/types\/post"}],"author":[{"embeddable":true,"href":"https:\/\/mediatopnews.tg\/index.php?rest_route=\/wp\/v2\/users\/2"}],"replies":[{"embeddable":true,"href":"https:\/\/mediatopnews.tg\/index.php?rest_route=%2Fwp%2Fv2%2Fcomments&post=14851"}],"version-history":[{"count":1,"href":"https:\/\/mediatopnews.tg\/index.php?rest_route=\/wp\/v2\/posts\/14851\/revisions"}],"predecessor-version":[{"id":14855,"href":"https:\/\/mediatopnews.tg\/index.php?rest_route=\/wp\/v2\/posts\/14851\/revisions\/14855"}],"wp:featuredmedia":[{"embeddable":true,"href":"https:\/\/mediatopnews.tg\/index.php?rest_route=\/wp\/v2\/media\/14854"}],"wp:attachment":[{"href":"https:\/\/mediatopnews.tg\/index.php?rest_route=%2Fwp%2Fv2%2Fmedia&parent=14851"}],"wp:term":[{"taxonomy":"category","embeddable":true,"href":"https:\/\/mediatopnews.tg\/index.php?rest_route=%2Fwp%2Fv2%2Fcategories&post=14851"},{"taxonomy":"post_tag","embeddable":true,"href":"https:\/\/mediatopnews.tg\/index.php?rest_route=%2Fwp%2Fv2%2Ftags&post=14851"}],"curies":[{"name":"wp","href":"https:\/\/api.w.org\/{rel}","templated":true}]}}