{"id":14856,"date":"2026-04-28T05:26:44","date_gmt":"2026-04-28T05:26:44","guid":{"rendered":"https:\/\/mediatopnews.tg\/?p=14856"},"modified":"2026-04-28T05:30:38","modified_gmt":"2026-04-28T05:30:38","slug":"gnassingbe-66eme-anniversaire-de-lindependance-de-la-republique-togolaise-discours-du-pc-faure-essozimna-nous-avons-pose-des-bases-nous-devons-mai","status":"publish","type":"post","link":"https:\/\/mediatopnews.tg\/?p=14856","title":{"rendered":"\u00a0\u00a066EME ANNIVERSAIRE DE L\u2019INDEPENDANCE DE LA REPUBLIQUE TOGOLAISE\u00a0;\u00a0 DISCOURS Du PC, FAURE ESSOZIMNA GNASSINGBE \u2018\u2019Nous avons pos\u00e9 des bases. Nous devons maintenant aller beaucoup plus loin avec plus de discipline, plus de clart\u00e9 mais plus d\u2019impact\u2019\u2019 FEG"},"content":{"rendered":"\n<p><strong>\u00a0<\/strong><\/p>\n\n\n\n<p>\u00c0 l\u2019occasion du 66\u1d49 anniversaire de l\u2019accession du Togo \u00e0 la souverainet\u00e9 internationale, le Pr\u00e9sident du Conseil, Faure Essozimna Gnassingb\u00e9, a adress\u00e9, le 27 avril 2026, un message \u00e0 la Nation. Dans cette allocution, il a rappel\u00e9 la port\u00e9e historique de l\u2019ind\u00e9pendance tout en soulignant les imp\u00e9ratifs actuels de souverainet\u00e9, de r\u00e9silience et de progr\u00e8s social. Le chef de l\u2019ex\u00e9cutif a \u00e9galement d\u00e9clin\u00e9 sa vision du d\u00e9veloppement national, articul\u00e9e autour de trois priorit\u00e9s : prot\u00e9ger, rassembler et transformer, appelant \u00e0 une mobilisation collective pour b\u00e2tir un Togo plus fort, plus uni et r\u00e9solument tourn\u00e9 vers l\u2019avenir.<\/p>\n\n\n\n<p><em>&nbsp;Lire l\u2019integralit\u00e9 du discours<\/em><\/p>\n\n\n\n<p><strong>Togolaises, Togolais.<\/strong><\/p>\n\n\n\n<p>En ce 27 avril, notre Nation se rassemble. Elle se souvient. Elle honore. Elle c\u00e9l\u00e8bre. Elle c\u00e9l\u00e8bre un moment fondateur. Un moment de courage. Un moment de dignit\u00e9. L\u2019ind\u00e9pendance du Togo.<\/p>\n\n\n\n<p>Il y a 66 ans, le Togo faisait un choix d\u00e9cisif. Le choix de la libert\u00e9. Le choix de la souverainet\u00e9. Le choix de la dignit\u00e9. Ce f\u00fbt un combat port\u00e9 par des femmes et des hommes d\u00e9termin\u00e9s. Un combat pour la ma\u00eetrise de leur destin. Un combat pour notre avenir.<\/p>\n\n\n\n<figure class=\"wp-block-image size-full\"><img loading=\"lazy\" decoding=\"async\" width=\"800\" height=\"600\" src=\"https:\/\/mediatopnews.tg\/wp-content\/uploads\/2026\/04\/FEG-INDEPENDANCEtof.jpeg\" alt=\"\" class=\"wp-image-14857\" srcset=\"https:\/\/mediatopnews.tg\/wp-content\/uploads\/2026\/04\/FEG-INDEPENDANCEtof.jpeg 800w, https:\/\/mediatopnews.tg\/wp-content\/uploads\/2026\/04\/FEG-INDEPENDANCEtof-300x225.jpeg 300w, https:\/\/mediatopnews.tg\/wp-content\/uploads\/2026\/04\/FEG-INDEPENDANCEtof-768x576.jpeg 768w\" sizes=\"auto, (max-width: 800px) 100vw, 800px\" \/><\/figure>\n\n\n\n<p>Aujourd\u2019hui, au-del\u00e0 du souvenir et de la c\u00e9l\u00e9bration de ce combat, nous devons aussi nous en inspirer pour regarder devant nous. Car l\u2019ind\u00e9pendance n\u2019est pas un h\u00e9ritage. C\u2019est une responsabilit\u00e9. Une responsabilit\u00e9 vis-\u00e0-vis de notre histoire. Une responsabilit\u00e9 vis-\u00e0-vis de notre pr\u00e9sent. Et surtout, une responsabilit\u00e9 vis-\u00e0-vis de notre avenir.<\/p>\n\n\n\n<p>Dans un monde plus incertain, plus instable, plus exigeant, les d\u00e9fis sont nombreux : sommes-nous capables de faire vivre cette ind\u00e9pendance ? Sommes-nous capables de la renforcer ? Sommes-nous capables de la traduire en progr\u00e8s concret pour chaque Togolaise et chaque Togolais ?<\/p>\n\n\n\n<p>C\u2019est \u00e0 ces questions que nous devons r\u00e9pondre. Et c\u2019est dans cet esprit que je voudrais partager avec vous cinq convictions essentielles pour notre avenir collectif.<\/p>\n\n\n\n<p>Mon premier message est que l\u2019ind\u00e9pendance n\u2019est pas un acquis. C\u2019est une responsabilit\u00e9 permanente.L\u2019ind\u00e9pendance ne se r\u00e9sume pas \u00e0 une date. Elle ne se r\u00e9sume pas \u00e0 un symbole. Elle est une exigence de tous les jours.<\/p>\n\n\n\n<p>\u00catre ind\u00e9pendant aujourd\u2019hui, ce n\u2019est pas seulement \u00eatre souverain en droit. C\u2019est se donner les moyens d\u2019agir concr\u00e8tement. C\u2019est \u00eatre capable de d\u00e9cider par nous-m\u00eames, de produire par nous-m\u00eames, de prot\u00e9ger notre pays et notre population, et enfin de ma\u00eetriser notre destin collectif.<\/p>\n\n\n\n<p>L\u2019ind\u00e9pendance r\u00e9elle, elle se mesure. Elle se mesure \u00e0 la solidit\u00e9 de nos institutions, \u00e0 la vitalit\u00e9 de notre \u00e9conomie et \u00e0 la coh\u00e9sion de notre soci\u00e9t\u00e9. Elle se mesure \u00e0 notre capacit\u00e9 \u00e0 faire des choix et \u00e0 les assumer.<\/p>\n\n\n\n<p>C\u2019est cette ind\u00e9pendance-l\u00e0 que nous devons continuer \u00e0 construire. Une ind\u00e9pendance concr\u00e8te. Une ind\u00e9pendance exigeante. Une ind\u00e9pendance responsable. Une ind\u00e9pendance qui ne se proclame pas, mais qui se d\u00e9montre tous les jours.<\/p>\n\n\n\n<p>Mon deuxi\u00e8me message est que, dans le monde d\u2019aujourd\u2019hui, la souverainet\u00e9 et la r\u00e9silience sont des conditions de notre ind\u00e9pendance.Le monde a chang\u00e9. Il est plus incertain, plus fragment\u00e9 et aussi plus dangereux.<\/p>\n\n\n\n<p>Dans notre r\u00e9gion, les d\u00e9fis s\u00e9curitaires persistent. Au niveau mondial, les tensions se multiplient. Les \u00e9quilibres se fragilisent. Les financements deviennent plus rares. Dans ce contexte, nous devons \u00eatre lucides. Nous devons \u00eatre surtout solides.<\/p>\n\n\n\n<p>La souverainet\u00e9 n\u2019est plus un principe abstrait. Elle est une n\u00e9cessit\u00e9. Elle signifie r\u00e9duire nos d\u00e9pendances, s\u00e9curiser ce qui est essentiel, \u00eatre en mesure de faire face aux chocs. La souverainet\u00e9 ne signifie pas se fermer. Elle ne signifie pas s\u2019isoler. Au contraire. Elle suppose d\u2019\u00eatre ouverts. Mais d\u2019\u00eatre ouverts avec lucidit\u00e9. Elle suppose des partenariats \u00e9quilibr\u00e9s, une diplomatie active et un engagement r\u00e9gional fort.<\/p>\n\n\n\n<p>Mon troisi\u00e8me message est que pour c\u00e9l\u00e9brer l\u2019ind\u00e9pendance, il faut d\u2019abord r\u00e9pondre aux attentes de la population.<\/p>\n\n\n\n<p>L\u2019ind\u00e9pendance ne prend tout son sens que si elle am\u00e9liore la vie quotidienne.Les attentes de nos concitoyens sont connues. Elles sont l\u00e9gitimes. Elles concernent l\u2019emploi, en particulier pour les jeunes. Elles concernent l\u2019acc\u00e8s \u00e0 l\u2019eau, \u00e0 l\u2019\u00e9lectricit\u00e9, \u00e0 la sant\u00e9, \u00e0 l\u2019\u00e9ducation. Elles concernent aussi les conditions de vie et la dignit\u00e9. Elles concernent aussi l\u2019\u00e9quit\u00e9 entre les territoires et entre les populations.<\/p>\n\n\n\n<p>Face \u00e0 ces attentes, la responsabilit\u00e9 de l\u2019\u00c9tat est claire. Apporter des r\u00e9ponses concr\u00e8tes. Des r\u00e9sultats. Pas des promesses. Des actions visibles. Et c\u2019est dans cet esprit que le Gouvernement agit. Et c\u2019est dans cet esprit que nous pr\u00e9parons aujourd\u2019hui la prochaine \u00e9tape de notre action collective.<\/p>\n\n\n\n<p>Mon quatri\u00e8me message concerne cette prochaine \u00e9tape&nbsp;: pour consolider notre ind\u00e9pendance, nous devons pr\u00e9parer l\u2019avenir.<\/p>\n\n\n\n<p>C\u2019est tout l\u2019enjeu de notre feuille de route pour les 6 prochaines ann\u00e9es. Cette feuille de route s\u2019inscrit dans la continuit\u00e9 de nos efforts. Nous avons engag\u00e9 des r\u00e9formes. Nous avons obtenu des r\u00e9sultats. Nous avons pos\u00e9 des bases.Nous devons maintenant aller beaucoup plus loin avec plus de discipline, plus de clart\u00e9 mais plus d\u2019impact. Cette nouvelle \u00e9tape repose sur trois exigences qui s\u2019imposent \u00e0 l\u2019action du Gouvernement.<\/p>\n\n\n\n<p>Ces trois exigences, je les ai d\u00e9j\u00e0 pr\u00e9sent\u00e9es devant vous, dans mon discours de fin d\u2019ann\u00e9e&nbsp;: Prot\u00e9ger, Rassembler, Transformer. Ce ne sont pas des slogans. Ce ne sont pas juste des mots. Ce sont v\u00e9ritablement les principes qui guideront l\u2019action du Gouvernement dans les ann\u00e9es \u00e0 venir. Des principes concrets, des principes op\u00e9rationnels, des principes qui vont se traduire dans votre vie quotidienne. C\u2019est pourquoi je veux prendre un moment pour revenir sur leur sens.<\/p>\n\n\n\n<p>Prot\u00e9ger c\u2019est d\u2019abord s\u00e9curiser les fondations de la R\u00e9publique.Prot\u00e9ger notre territoire, c\u2019est garantir la paix et la s\u00e9curit\u00e9. C\u2019est assurer la pr\u00e9sence de l\u2019\u00c9tat partout, y compris dans les zones les plus expos\u00e9es notamment au Nord de notre pays.<\/p>\n\n\n\n<p>Prot\u00e9ger notre population, c\u2019est garantir aussi les conditions d\u2019une vie digne. C\u2019est faire en sorte qu\u2019un village ait acc\u00e8s \u00e0 l\u2019eau, qu\u2019un quartier ait de l\u2019\u00e9lectricit\u00e9, qu\u2019une famille puisse se soigner, qu\u2019un enfant puisse aller \u00e0 l\u2019\u00e9cole.<\/p>\n\n\n\n<p>Prot\u00e9ger notre pays enfin, c\u2019est aussi pr\u00e9parer l\u2019avenir, c\u2019est \u00eatre capable de faire face aux chocs notamment climatiques, c\u2019est r\u00e9duire nos d\u00e9pendances, c\u2019est s\u2019assurer que nous avons les r\u00e9serves de nourriture, d\u2019eau, d\u2019\u00e9nergie dont nous avons besoin.<\/p>\n\n\n\n<p>Prot\u00e9ger, c\u2019est donc le socle fondamental sans lequel aucune autre politique publique ne peut tenir.<\/p>\n\n\n\n<p>Rassembler&nbsp;: Rassembler, c\u2019est assurer notre coh\u00e9sion nationale.C\u2019est rassembler notre territoire et r\u00e9duire les in\u00e9galit\u00e9s entre r\u00e9gions. C\u2019est faire en sorte que le d\u00e9veloppement soit mieux r\u00e9parti. C\u2019est donner aux collectivit\u00e9s les moyens d\u2019agir.<\/p>\n\n\n\n<p>Rassembler notre population, c\u2019est ensuite lutter contre la pauvret\u00e9 et contre les in\u00e9galit\u00e9s. C\u2019est permettre \u00e0 chacun de trouver sa place dans la soci\u00e9t\u00e9.<\/p>\n\n\n\n<p>Rassembler notre pays, c\u2019est aussi renforcer le lien entre l\u2019\u00c9tat et les citoyens, par le dialogue et la transparence. C\u2019est construire la confiance&nbsp;dans des institutions efficaces et dans une justice fiable.<\/p>\n\n\n\n<p>Rassembler, c\u2019est donc garantir l\u2019\u00e9quilibre.<\/p>\n\n\n\n<p>Transformer enfin, c\u2019est changer durablement notre \u00e9conomie.C\u2019est transformer notre territoire et moderniser notre agriculture. Produire mieux, transformer localement et cr\u00e9er plus de valeur ici pour nos concitoyens.<\/p>\n\n\n\n<p>Transformer, c\u2019est aussi investir dans les bonnes comp\u00e9tences pour notre population. C\u2019est former nos jeunes aux m\u00e9tiers dont notre \u00e9conomie a besoin et faire grandir les talents. C\u2019est faire en sorte que chaque formation m\u00e8ne \u00e0 un emploi d\u00e9cent et durable dans l\u2019agriculture, dans l\u2019industrie et dans les services.<\/p>\n\n\n\n<p>Transformer notre pays enfin, c\u2019est aussi renforcer nos infrastructures logistiques et notre capacit\u00e9 industrielle. Des routes qui relient nos&nbsp;march\u00e9s entre eux, et qui permettent d\u2019acheminer nos productions vers les march\u00e9s de nos voisins. Un port performant qui facilite les \u00e9changes dans l\u2019ensemble de la sous-r\u00e9gion. Des zones industrielles o\u00f9 nos entreprises peuvent investir, produire, se d\u00e9velopper. C\u2019est faire en sorte que davantage de richesses soient produites ici, au Togo.<\/p>\n\n\n\n<p>Transformer, c\u2019est donc la dynamique. Prot\u00e9ger. Rassembler. Transformer. Un socle, un \u00e9quilibre, une dynamique. Ces trois exigences forment un tout au service de notre population, de notre territoire, de notre pays.<\/p>\n\n\n\n<p>Pour finir, mon cinqui\u00e8me et dernier message est que l\u2019avenir du Togo se construira avec tous les Togolais.Une strat\u00e9gie, aussi bonne soit-elle, ne r\u00e9ussit pas seule. Elle ne r\u00e9ussit que si elle est port\u00e9e, partag\u00e9e, appropri\u00e9e. La V<sup>e<\/sup> R\u00e9publique nous engage \u00e0 changer notre mani\u00e8re de faire. Je souhaite une action publique plus ouverte, plus concert\u00e9e, plus responsable.<\/p>\n\n\n\n<p>Dans les prochaines semaines, une phase d\u2019\u00e9changes sera engag\u00e9e, avec les institutions, avec le secteur priv\u00e9, avec la soci\u00e9t\u00e9 civile, avec nos partenaires, pour enrichir la r\u00e9flexion du gouvernement autour de l\u2019\u00e9laboration de cette feuille de route. Pour la partager. Pour la parfaire. Pour la faire vivre. Car cette strat\u00e9gie ne peut r\u00e9ussir que si elle vous appartient \u00e0 tous.<\/p>\n\n\n\n<p>Mes chers compatriotes,<\/p>\n\n\n\n<p>L\u2019ind\u00e9pendance n\u2019est pas un souvenir. C\u2019est un projet. Un projet exigeant. Un projet collectif. Un projet pour l\u2019avenir. Un projet qui nous oblige aussi mais surtout qui nous rassemble.<\/p>\n\n\n\n<p>C\u2019est ensemble que nous devons continuer \u00e0 construire un Togo plus souverain, plus r\u00e9silient, plus juste, et plus prosp\u00e8re.<\/p>\n\n\n\n<p>Que Dieu b\u00e9nisse notre pays le Togo.<\/p>\n\n\n\n<p>Vive la R\u00e9publique.<\/p>\n\n\n\n<p>Vive le Togo.<\/p>\n\n\n\n<p><\/p>\n","protected":false},"excerpt":{"rendered":"<p>\u00a0 \u00c0 l\u2019occasion du 66\u1d49 anniversaire de l\u2019accession du Togo \u00e0 la souverainet\u00e9 internationale, le Pr\u00e9sident du Conseil, Faure Essozimna Gnassingb\u00e9, a adress\u00e9, le 27 avril 2026, un message \u00e0 la Nation. Dans cette allocution, il a rappel\u00e9 la port\u00e9e historique de l\u2019ind\u00e9pendance tout en soulignant les imp\u00e9ratifs actuels de souverainet\u00e9, de r\u00e9silience et de [&hellip;]<\/p>\n","protected":false},"author":2,"featured_media":14857,"comment_status":"open","ping_status":"closed","sticky":false,"template":"","format":"standard","meta":{"footnotes":""},"categories":[1],"tags":[],"class_list":["post-14856","post","type-post","status-publish","format-standard","has-post-thumbnail","hentry","category-politique"],"yoast_head":"<!-- This site is optimized with the Yoast SEO plugin v26.5 - https:\/\/yoast.com\/wordpress\/plugins\/seo\/ -->\n<title>\u00a0\u00a066EME ANNIVERSAIRE DE L\u2019INDEPENDANCE DE LA REPUBLIQUE TOGOLAISE\u00a0;\u00a0 DISCOURS Du PC, FAURE ESSOZIMNA GNASSINGBE \u2018\u2019Nous avons pos\u00e9 des bases. Nous devons maintenant aller beaucoup plus loin avec plus de discipline, plus de clart\u00e9 mais plus d\u2019impact\u2019\u2019 FEG - R\u00e9c\u00e9piss\u00e9 N\u00b00026\/12-2020\/pl\/P<\/title>\n<meta name=\"robots\" content=\"index, follow, max-snippet:-1, max-image-preview:large, max-video-preview:-1\" \/>\n<link rel=\"canonical\" href=\"https:\/\/mediatopnews.tg\/?p=14856\" \/>\n<meta property=\"og:locale\" content=\"fr_FR\" \/>\n<meta property=\"og:type\" content=\"article\" \/>\n<meta property=\"og:title\" content=\"\u00a0\u00a066EME ANNIVERSAIRE DE L\u2019INDEPENDANCE DE LA REPUBLIQUE TOGOLAISE\u00a0;\u00a0 DISCOURS Du PC, FAURE ESSOZIMNA GNASSINGBE \u2018\u2019Nous avons pos\u00e9 des bases. Nous devons maintenant aller beaucoup plus loin avec plus de discipline, plus de clart\u00e9 mais plus d\u2019impact\u2019\u2019 FEG - R\u00e9c\u00e9piss\u00e9 N\u00b00026\/12-2020\/pl\/P\" \/>\n<meta property=\"og:description\" content=\"\u00a0 \u00c0 l\u2019occasion du 66\u1d49 anniversaire de l\u2019accession du Togo \u00e0 la souverainet\u00e9 internationale, le Pr\u00e9sident du Conseil, Faure Essozimna Gnassingb\u00e9, a adress\u00e9, le 27 avril 2026, un message \u00e0 la Nation. Dans cette allocution, il a rappel\u00e9 la port\u00e9e historique de l\u2019ind\u00e9pendance tout en soulignant les imp\u00e9ratifs actuels de souverainet\u00e9, de r\u00e9silience et de [&hellip;]\" \/>\n<meta property=\"og:url\" content=\"https:\/\/mediatopnews.tg\/?p=14856\" \/>\n<meta property=\"og:site_name\" content=\"R\u00e9c\u00e9piss\u00e9 N\u00b00026\/12-2020\/pl\/P\" \/>\n<meta property=\"article:published_time\" content=\"2026-04-28T05:26:44+00:00\" \/>\n<meta property=\"article:modified_time\" content=\"2026-04-28T05:30:38+00:00\" \/>\n<meta property=\"og:image\" content=\"https:\/\/mediatopnews.tg\/wp-content\/uploads\/2026\/04\/FEG-INDEPENDANCEtof.jpeg\" \/>\n\t<meta property=\"og:image:width\" content=\"800\" \/>\n\t<meta property=\"og:image:height\" content=\"600\" \/>\n\t<meta property=\"og:image:type\" content=\"image\/jpeg\" \/>\n<meta name=\"author\" content=\"La R\u00e9daction\" \/>\n<meta name=\"twitter:card\" content=\"summary_large_image\" \/>\n<meta name=\"twitter:label1\" content=\"\u00c9crit par\" \/>\n\t<meta name=\"twitter:data1\" content=\"La R\u00e9daction\" \/>\n\t<meta name=\"twitter:label2\" content=\"Dur\u00e9e de lecture estim\u00e9e\" \/>\n\t<meta name=\"twitter:data2\" content=\"8 minutes\" \/>\n<script type=\"application\/ld+json\" class=\"yoast-schema-graph\">{\"@context\":\"https:\/\/schema.org\",\"@graph\":[{\"@type\":\"Article\",\"@id\":\"https:\/\/mediatopnews.tg\/?p=14856#article\",\"isPartOf\":{\"@id\":\"https:\/\/mediatopnews.tg\/?p=14856\"},\"author\":{\"name\":\"La R\u00e9daction\",\"@id\":\"https:\/\/mediatopnews.tg\/#\/schema\/person\/5264fbaa15cdbc3bbc592caa5cb4bac6\"},\"headline\":\"\u00a0\u00a066EME ANNIVERSAIRE DE L\u2019INDEPENDANCE DE LA REPUBLIQUE TOGOLAISE\u00a0;\u00a0 DISCOURS Du PC, FAURE ESSOZIMNA GNASSINGBE \u2018\u2019Nous avons pos\u00e9 des bases. Nous devons maintenant aller beaucoup plus loin avec plus de discipline, plus de clart\u00e9 mais plus d\u2019impact\u2019\u2019 FEG\",\"datePublished\":\"2026-04-28T05:26:44+00:00\",\"dateModified\":\"2026-04-28T05:30:38+00:00\",\"mainEntityOfPage\":{\"@id\":\"https:\/\/mediatopnews.tg\/?p=14856\"},\"wordCount\":1731,\"commentCount\":0,\"publisher\":{\"@id\":\"https:\/\/mediatopnews.tg\/#organization\"},\"image\":{\"@id\":\"https:\/\/mediatopnews.tg\/?p=14856#primaryimage\"},\"thumbnailUrl\":\"https:\/\/mediatopnews.tg\/wp-content\/uploads\/2026\/04\/FEG-INDEPENDANCEtof.jpeg\",\"articleSection\":[\"POLITIQUE\"],\"inLanguage\":\"fr-FR\",\"potentialAction\":[{\"@type\":\"CommentAction\",\"name\":\"Comment\",\"target\":[\"https:\/\/mediatopnews.tg\/?p=14856#respond\"]}]},{\"@type\":\"WebPage\",\"@id\":\"https:\/\/mediatopnews.tg\/?p=14856\",\"url\":\"https:\/\/mediatopnews.tg\/?p=14856\",\"name\":\"\u00a0\u00a066EME ANNIVERSAIRE DE L\u2019INDEPENDANCE DE LA REPUBLIQUE TOGOLAISE\u00a0;\u00a0 DISCOURS Du PC, FAURE ESSOZIMNA GNASSINGBE \u2018\u2019Nous avons pos\u00e9 des bases. Nous devons maintenant aller beaucoup plus loin avec plus de discipline, plus de clart\u00e9 mais plus d\u2019impact\u2019\u2019 FEG - R\u00e9c\u00e9piss\u00e9 N\u00b00026\/12-2020\/pl\/P\",\"isPartOf\":{\"@id\":\"https:\/\/mediatopnews.tg\/#website\"},\"primaryImageOfPage\":{\"@id\":\"https:\/\/mediatopnews.tg\/?p=14856#primaryimage\"},\"image\":{\"@id\":\"https:\/\/mediatopnews.tg\/?p=14856#primaryimage\"},\"thumbnailUrl\":\"https:\/\/mediatopnews.tg\/wp-content\/uploads\/2026\/04\/FEG-INDEPENDANCEtof.jpeg\",\"datePublished\":\"2026-04-28T05:26:44+00:00\",\"dateModified\":\"2026-04-28T05:30:38+00:00\",\"breadcrumb\":{\"@id\":\"https:\/\/mediatopnews.tg\/?p=14856#breadcrumb\"},\"inLanguage\":\"fr-FR\",\"potentialAction\":[{\"@type\":\"ReadAction\",\"target\":[\"https:\/\/mediatopnews.tg\/?p=14856\"]}]},{\"@type\":\"ImageObject\",\"inLanguage\":\"fr-FR\",\"@id\":\"https:\/\/mediatopnews.tg\/?p=14856#primaryimage\",\"url\":\"https:\/\/mediatopnews.tg\/wp-content\/uploads\/2026\/04\/FEG-INDEPENDANCEtof.jpeg\",\"contentUrl\":\"https:\/\/mediatopnews.tg\/wp-content\/uploads\/2026\/04\/FEG-INDEPENDANCEtof.jpeg\",\"width\":800,\"height\":600},{\"@type\":\"BreadcrumbList\",\"@id\":\"https:\/\/mediatopnews.tg\/?p=14856#breadcrumb\",\"itemListElement\":[{\"@type\":\"ListItem\",\"position\":1,\"name\":\"Accueil\",\"item\":\"https:\/\/mediatopnews.tg\/\"},{\"@type\":\"ListItem\",\"position\":2,\"name\":\"\u00a0\u00a066EME ANNIVERSAIRE DE L\u2019INDEPENDANCE DE LA REPUBLIQUE TOGOLAISE\u00a0;\u00a0 DISCOURS Du PC, FAURE ESSOZIMNA GNASSINGBE \u2018\u2019Nous avons pos\u00e9 des bases. Nous devons maintenant aller beaucoup plus loin avec plus de discipline, plus de clart\u00e9 mais plus d\u2019impact\u2019\u2019 FEG\"}]},{\"@type\":\"WebSite\",\"@id\":\"https:\/\/mediatopnews.tg\/#website\",\"url\":\"https:\/\/mediatopnews.tg\/\",\"name\":\"R\u00e9c\u00e9piss\u00e9 N\u00b00026\/12-2020\/pl\/P\",\"description\":\"La toile de l&#039;information\",\"publisher\":{\"@id\":\"https:\/\/mediatopnews.tg\/#organization\"},\"potentialAction\":[{\"@type\":\"SearchAction\",\"target\":{\"@type\":\"EntryPoint\",\"urlTemplate\":\"https:\/\/mediatopnews.tg\/?s={search_term_string}\"},\"query-input\":{\"@type\":\"PropertyValueSpecification\",\"valueRequired\":true,\"valueName\":\"search_term_string\"}}],\"inLanguage\":\"fr-FR\"},{\"@type\":\"Organization\",\"@id\":\"https:\/\/mediatopnews.tg\/#organization\",\"name\":\"R\u00e9c\u00e9piss\u00e9 N\u00b00026\/12-2020\/pl\/P\",\"url\":\"https:\/\/mediatopnews.tg\/\",\"logo\":{\"@type\":\"ImageObject\",\"inLanguage\":\"fr-FR\",\"@id\":\"https:\/\/mediatopnews.tg\/#\/schema\/logo\/image\/\",\"url\":\"https:\/\/mediatopnews.tg\/wp-content\/uploads\/2023\/09\/cropped-cropped-WhatsApp-Image-2023-09-04-at-13.18.30-1-1.jpeg\",\"contentUrl\":\"https:\/\/mediatopnews.tg\/wp-content\/uploads\/2023\/09\/cropped-cropped-WhatsApp-Image-2023-09-04-at-13.18.30-1-1.jpeg\",\"width\":174,\"height\":147,\"caption\":\"R\u00e9c\u00e9piss\u00e9 N\u00b00026\/12-2020\/pl\/P\"},\"image\":{\"@id\":\"https:\/\/mediatopnews.tg\/#\/schema\/logo\/image\/\"}},{\"@type\":\"Person\",\"@id\":\"https:\/\/mediatopnews.tg\/#\/schema\/person\/5264fbaa15cdbc3bbc592caa5cb4bac6\",\"name\":\"La R\u00e9daction\",\"image\":{\"@type\":\"ImageObject\",\"inLanguage\":\"fr-FR\",\"@id\":\"https:\/\/mediatopnews.tg\/#\/schema\/person\/image\/\",\"url\":\"https:\/\/secure.gravatar.com\/avatar\/02c45ef53e124da0300332101a595f5186b781ff193f1243a768c52e15756dcc?s=96&d=mm&r=g\",\"contentUrl\":\"https:\/\/secure.gravatar.com\/avatar\/02c45ef53e124da0300332101a595f5186b781ff193f1243a768c52e15756dcc?s=96&d=mm&r=g\",\"caption\":\"La R\u00e9daction\"},\"url\":\"https:\/\/mediatopnews.tg\/?author=2\"}]}<\/script>\n<!-- \/ Yoast SEO plugin. -->","yoast_head_json":{"title":"\u00a0\u00a066EME ANNIVERSAIRE DE L\u2019INDEPENDANCE DE LA REPUBLIQUE TOGOLAISE\u00a0;\u00a0 DISCOURS Du PC, FAURE ESSOZIMNA GNASSINGBE \u2018\u2019Nous avons pos\u00e9 des bases. Nous devons maintenant aller beaucoup plus loin avec plus de discipline, plus de clart\u00e9 mais plus d\u2019impact\u2019\u2019 FEG - R\u00e9c\u00e9piss\u00e9 N\u00b00026\/12-2020\/pl\/P","robots":{"index":"index","follow":"follow","max-snippet":"max-snippet:-1","max-image-preview":"max-image-preview:large","max-video-preview":"max-video-preview:-1"},"canonical":"https:\/\/mediatopnews.tg\/?p=14856","og_locale":"fr_FR","og_type":"article","og_title":"\u00a0\u00a066EME ANNIVERSAIRE DE L\u2019INDEPENDANCE DE LA REPUBLIQUE TOGOLAISE\u00a0;\u00a0 DISCOURS Du PC, FAURE ESSOZIMNA GNASSINGBE \u2018\u2019Nous avons pos\u00e9 des bases. Nous devons maintenant aller beaucoup plus loin avec plus de discipline, plus de clart\u00e9 mais plus d\u2019impact\u2019\u2019 FEG - R\u00e9c\u00e9piss\u00e9 N\u00b00026\/12-2020\/pl\/P","og_description":"\u00a0 \u00c0 l\u2019occasion du 66\u1d49 anniversaire de l\u2019accession du Togo \u00e0 la souverainet\u00e9 internationale, le Pr\u00e9sident du Conseil, Faure Essozimna Gnassingb\u00e9, a adress\u00e9, le 27 avril 2026, un message \u00e0 la Nation. Dans cette allocution, il a rappel\u00e9 la port\u00e9e historique de l\u2019ind\u00e9pendance tout en soulignant les imp\u00e9ratifs actuels de souverainet\u00e9, de r\u00e9silience et de [&hellip;]","og_url":"https:\/\/mediatopnews.tg\/?p=14856","og_site_name":"R\u00e9c\u00e9piss\u00e9 N\u00b00026\/12-2020\/pl\/P","article_published_time":"2026-04-28T05:26:44+00:00","article_modified_time":"2026-04-28T05:30:38+00:00","og_image":[{"width":800,"height":600,"url":"https:\/\/mediatopnews.tg\/wp-content\/uploads\/2026\/04\/FEG-INDEPENDANCEtof.jpeg","type":"image\/jpeg"}],"author":"La R\u00e9daction","twitter_card":"summary_large_image","twitter_misc":{"\u00c9crit par":"La R\u00e9daction","Dur\u00e9e de lecture estim\u00e9e":"8 minutes"},"schema":{"@context":"https:\/\/schema.org","@graph":[{"@type":"Article","@id":"https:\/\/mediatopnews.tg\/?p=14856#article","isPartOf":{"@id":"https:\/\/mediatopnews.tg\/?p=14856"},"author":{"name":"La R\u00e9daction","@id":"https:\/\/mediatopnews.tg\/#\/schema\/person\/5264fbaa15cdbc3bbc592caa5cb4bac6"},"headline":"\u00a0\u00a066EME ANNIVERSAIRE DE L\u2019INDEPENDANCE DE LA REPUBLIQUE TOGOLAISE\u00a0;\u00a0 DISCOURS Du PC, FAURE ESSOZIMNA GNASSINGBE \u2018\u2019Nous avons pos\u00e9 des bases. Nous devons maintenant aller beaucoup plus loin avec plus de discipline, plus de clart\u00e9 mais plus d\u2019impact\u2019\u2019 FEG","datePublished":"2026-04-28T05:26:44+00:00","dateModified":"2026-04-28T05:30:38+00:00","mainEntityOfPage":{"@id":"https:\/\/mediatopnews.tg\/?p=14856"},"wordCount":1731,"commentCount":0,"publisher":{"@id":"https:\/\/mediatopnews.tg\/#organization"},"image":{"@id":"https:\/\/mediatopnews.tg\/?p=14856#primaryimage"},"thumbnailUrl":"https:\/\/mediatopnews.tg\/wp-content\/uploads\/2026\/04\/FEG-INDEPENDANCEtof.jpeg","articleSection":["POLITIQUE"],"inLanguage":"fr-FR","potentialAction":[{"@type":"CommentAction","name":"Comment","target":["https:\/\/mediatopnews.tg\/?p=14856#respond"]}]},{"@type":"WebPage","@id":"https:\/\/mediatopnews.tg\/?p=14856","url":"https:\/\/mediatopnews.tg\/?p=14856","name":"\u00a0\u00a066EME ANNIVERSAIRE DE L\u2019INDEPENDANCE DE LA REPUBLIQUE TOGOLAISE\u00a0;\u00a0 DISCOURS Du PC, FAURE ESSOZIMNA GNASSINGBE \u2018\u2019Nous avons pos\u00e9 des bases. Nous devons maintenant aller beaucoup plus loin avec plus de discipline, plus de clart\u00e9 mais plus d\u2019impact\u2019\u2019 FEG - R\u00e9c\u00e9piss\u00e9 N\u00b00026\/12-2020\/pl\/P","isPartOf":{"@id":"https:\/\/mediatopnews.tg\/#website"},"primaryImageOfPage":{"@id":"https:\/\/mediatopnews.tg\/?p=14856#primaryimage"},"image":{"@id":"https:\/\/mediatopnews.tg\/?p=14856#primaryimage"},"thumbnailUrl":"https:\/\/mediatopnews.tg\/wp-content\/uploads\/2026\/04\/FEG-INDEPENDANCEtof.jpeg","datePublished":"2026-04-28T05:26:44+00:00","dateModified":"2026-04-28T05:30:38+00:00","breadcrumb":{"@id":"https:\/\/mediatopnews.tg\/?p=14856#breadcrumb"},"inLanguage":"fr-FR","potentialAction":[{"@type":"ReadAction","target":["https:\/\/mediatopnews.tg\/?p=14856"]}]},{"@type":"ImageObject","inLanguage":"fr-FR","@id":"https:\/\/mediatopnews.tg\/?p=14856#primaryimage","url":"https:\/\/mediatopnews.tg\/wp-content\/uploads\/2026\/04\/FEG-INDEPENDANCEtof.jpeg","contentUrl":"https:\/\/mediatopnews.tg\/wp-content\/uploads\/2026\/04\/FEG-INDEPENDANCEtof.jpeg","width":800,"height":600},{"@type":"BreadcrumbList","@id":"https:\/\/mediatopnews.tg\/?p=14856#breadcrumb","itemListElement":[{"@type":"ListItem","position":1,"name":"Accueil","item":"https:\/\/mediatopnews.tg\/"},{"@type":"ListItem","position":2,"name":"\u00a0\u00a066EME ANNIVERSAIRE DE L\u2019INDEPENDANCE DE LA REPUBLIQUE TOGOLAISE\u00a0;\u00a0 DISCOURS Du PC, FAURE ESSOZIMNA GNASSINGBE \u2018\u2019Nous avons pos\u00e9 des bases. Nous devons maintenant aller beaucoup plus loin avec plus de discipline, plus de clart\u00e9 mais plus d\u2019impact\u2019\u2019 FEG"}]},{"@type":"WebSite","@id":"https:\/\/mediatopnews.tg\/#website","url":"https:\/\/mediatopnews.tg\/","name":"R\u00e9c\u00e9piss\u00e9 N\u00b00026\/12-2020\/pl\/P","description":"La toile de l&#039;information","publisher":{"@id":"https:\/\/mediatopnews.tg\/#organization"},"potentialAction":[{"@type":"SearchAction","target":{"@type":"EntryPoint","urlTemplate":"https:\/\/mediatopnews.tg\/?s={search_term_string}"},"query-input":{"@type":"PropertyValueSpecification","valueRequired":true,"valueName":"search_term_string"}}],"inLanguage":"fr-FR"},{"@type":"Organization","@id":"https:\/\/mediatopnews.tg\/#organization","name":"R\u00e9c\u00e9piss\u00e9 N\u00b00026\/12-2020\/pl\/P","url":"https:\/\/mediatopnews.tg\/","logo":{"@type":"ImageObject","inLanguage":"fr-FR","@id":"https:\/\/mediatopnews.tg\/#\/schema\/logo\/image\/","url":"https:\/\/mediatopnews.tg\/wp-content\/uploads\/2023\/09\/cropped-cropped-WhatsApp-Image-2023-09-04-at-13.18.30-1-1.jpeg","contentUrl":"https:\/\/mediatopnews.tg\/wp-content\/uploads\/2023\/09\/cropped-cropped-WhatsApp-Image-2023-09-04-at-13.18.30-1-1.jpeg","width":174,"height":147,"caption":"R\u00e9c\u00e9piss\u00e9 N\u00b00026\/12-2020\/pl\/P"},"image":{"@id":"https:\/\/mediatopnews.tg\/#\/schema\/logo\/image\/"}},{"@type":"Person","@id":"https:\/\/mediatopnews.tg\/#\/schema\/person\/5264fbaa15cdbc3bbc592caa5cb4bac6","name":"La R\u00e9daction","image":{"@type":"ImageObject","inLanguage":"fr-FR","@id":"https:\/\/mediatopnews.tg\/#\/schema\/person\/image\/","url":"https:\/\/secure.gravatar.com\/avatar\/02c45ef53e124da0300332101a595f5186b781ff193f1243a768c52e15756dcc?s=96&d=mm&r=g","contentUrl":"https:\/\/secure.gravatar.com\/avatar\/02c45ef53e124da0300332101a595f5186b781ff193f1243a768c52e15756dcc?s=96&d=mm&r=g","caption":"La R\u00e9daction"},"url":"https:\/\/mediatopnews.tg\/?author=2"}]}},"_links":{"self":[{"href":"https:\/\/mediatopnews.tg\/index.php?rest_route=\/wp\/v2\/posts\/14856","targetHints":{"allow":["GET"]}}],"collection":[{"href":"https:\/\/mediatopnews.tg\/index.php?rest_route=\/wp\/v2\/posts"}],"about":[{"href":"https:\/\/mediatopnews.tg\/index.php?rest_route=\/wp\/v2\/types\/post"}],"author":[{"embeddable":true,"href":"https:\/\/mediatopnews.tg\/index.php?rest_route=\/wp\/v2\/users\/2"}],"replies":[{"embeddable":true,"href":"https:\/\/mediatopnews.tg\/index.php?rest_route=%2Fwp%2Fv2%2Fcomments&post=14856"}],"version-history":[{"count":2,"href":"https:\/\/mediatopnews.tg\/index.php?rest_route=\/wp\/v2\/posts\/14856\/revisions"}],"predecessor-version":[{"id":14859,"href":"https:\/\/mediatopnews.tg\/index.php?rest_route=\/wp\/v2\/posts\/14856\/revisions\/14859"}],"wp:featuredmedia":[{"embeddable":true,"href":"https:\/\/mediatopnews.tg\/index.php?rest_route=\/wp\/v2\/media\/14857"}],"wp:attachment":[{"href":"https:\/\/mediatopnews.tg\/index.php?rest_route=%2Fwp%2Fv2%2Fmedia&parent=14856"}],"wp:term":[{"taxonomy":"category","embeddable":true,"href":"https:\/\/mediatopnews.tg\/index.php?rest_route=%2Fwp%2Fv2%2Fcategories&post=14856"},{"taxonomy":"post_tag","embeddable":true,"href":"https:\/\/mediatopnews.tg\/index.php?rest_route=%2Fwp%2Fv2%2Ftags&post=14856"}],"curies":[{"name":"wp","href":"https:\/\/api.w.org\/{rel}","templated":true}]}}