{"id":14860,"date":"2026-04-28T05:38:44","date_gmt":"2026-04-28T05:38:44","guid":{"rendered":"https:\/\/mediatopnews.tg\/?p=14860"},"modified":"2026-04-28T05:38:45","modified_gmt":"2026-04-28T05:38:45","slug":"mecanisation-agricole-le-crma-de-tchitchao-entre-en-service-pour-dynamiser-la-production-dans-la-region","status":"publish","type":"post","link":"https:\/\/mediatopnews.tg\/?p=14860","title":{"rendered":"M\u00e9canisation agricole : le CRMA de Tchitchao entre en service pour dynamiser la production dans la r\u00e9gion"},"content":{"rendered":"\n<p><\/p>\n\n\n\n<p>Le Togo poursuit la modernisation de son agriculture avec la mise en service du Centre r\u00e9gional de m\u00e9canisation agricole (CRMA) de Tchitchao, dans la r\u00e9gion de la Kara. L\u2019infrastructure a \u00e9t\u00e9 officiellement inaugur\u00e9e le 24 avril 2026 par le Pr\u00e9sident du Conseil, Faure Essozimna Gnassingb\u00e9, au lendemain du lancement du centre de Tov\u00e9 dans les Plateaux. Cette nouvelle r\u00e9alisation s\u2019inscrit dans le cadre des c\u00e9l\u00e9brations du 66\u1d49 anniversaire de l\u2019accession du Togo \u00e0 la souverainet\u00e9 internationale et traduit l\u2019ambition des autorit\u00e9s de renforcer durablement la productivit\u00e9 agricole.<\/p>\n\n\n\n<figure class=\"wp-block-image size-full\"><img loading=\"lazy\" decoding=\"async\" width=\"600\" height=\"479\" src=\"https:\/\/mediatopnews.tg\/wp-content\/uploads\/2026\/04\/TOF-BUKUNGOU-1.jpg\" alt=\"\" class=\"wp-image-14861\" srcset=\"https:\/\/mediatopnews.tg\/wp-content\/uploads\/2026\/04\/TOF-BUKUNGOU-1.jpg 600w, https:\/\/mediatopnews.tg\/wp-content\/uploads\/2026\/04\/TOF-BUKUNGOU-1-300x240.jpg 300w\" sizes=\"auto, (max-width: 600px) 100vw, 600px\" \/><\/figure>\n\n\n\n<p>\u00c9rig\u00e9 sur un site d\u2019environ trois hectares, le CRMA de Tchitchao a \u00e9t\u00e9 construit par le Groupe Bonkoungou Distribution (BKG) dans le cadre d\u2019un partenariat public-priv\u00e9 conclu avec l\u2019\u00c9tat togolais pour une dur\u00e9e de 25 ans. Ce mod\u00e8le de coop\u00e9ration vise \u00e0 assurer \u00e0 la fois la construction, l\u2019\u00e9quipement, l\u2019exploitation et la maintenance de la plateforme, afin de garantir la p\u00e9rennit\u00e9 des services offerts aux producteurs.<\/p>\n\n\n\n<p>Le projet se d\u00e9ploie en deux phases compl\u00e9mentaires. La premi\u00e8re, d\u00e9j\u00e0 achev\u00e9e, a permis la r\u00e9alisation des infrastructures de base. Elle comprend notamment trois entrep\u00f4ts d\u2019une capacit\u00e9 globale de 9 000 tonnes destin\u00e9s au stockage des intrants et \u00e9quipements, des b\u00e2timents administratifs, des salles de formation, ainsi que des espaces d\u00e9di\u00e9s aux d\u00e9monstrations et aux travaux pratiques. La seconde phase, consacr\u00e9e \u00e0 l\u2019\u00e9quipement complet du centre, \u00e0 son exploitation et \u00e0 la maintenance, mobilisera un investissement estim\u00e9 \u00e0 plus de 13 milliards de francs CFA.<\/p>\n\n\n\n<p>\u00c0 l\u2019instar du CRMA de Tov\u00e9, cette nouvelle plateforme a pour vocation de moderniser les pratiques agricoles dans la r\u00e9gion de la Kara et d\u2019accro\u00eetre les performances des exploitations, notamment celles implant\u00e9es dans les zones d\u2019am\u00e9nagement agricole planifi\u00e9es (ZAAP). Elle devrait faciliter l\u2019acc\u00e8s des producteurs aux \u00e9quipements modernes, am\u00e9liorer les rendements, r\u00e9duire la p\u00e9nibilit\u00e9 des travaux champ\u00eatres et renforcer la comp\u00e9titivit\u00e9 des fili\u00e8res agricoles locales.<\/p>\n\n\n\n<p>Pour le ministre de l\u2019Agriculture, de l\u2019Hydraulique villageoise et du D\u00e9veloppement rural, Antoine Gb\u00e9gb\u00e9ni L\u00e9kpa, la m\u00e9canisation constitue un levier strat\u00e9gique pour transformer le secteur agricole. Selon lui, ces infrastructures permettront non seulement d\u2019augmenter la production, mais aussi d\u2019attirer davantage de jeunes vers l\u2019agriculture, en la rendant plus rentable et moins contraignante. Il a \u00e9galement soulign\u00e9 que la disponibilit\u00e9 d\u2019\u00e9quipements modernes contribuera \u00e0 r\u00e9duire la d\u00e9pendance du pays aux importations alimentaires.<\/p>\n\n\n\n<p>Le CRMA de Tchitchao offrira ainsi une gamme compl\u00e8te de services aux producteurs. Il s\u2019agira notamment de la vente et de la location de mat\u00e9riels agricoles, de prestations de m\u00e9canisation \u00e0 la demande, de services de maintenance et de r\u00e9paration, de formations techniques aux m\u00e9tiers agricoles, ainsi que d\u2019initiatives de promotion de l\u2019entrepreneuriat rural. Le centre devrait \u00e9galement jouer un r\u00f4le de plateforme d\u2019accompagnement pour les coop\u00e9ratives et les jeunes porteurs de projets agricoles.<\/p>\n\n\n\n<p>Avec l\u2019entr\u00e9e en service successive des centres de Tov\u00e9 et de Tchitchao, le Togo franchit une nouvelle \u00e9tape dans la mise en \u0153uvre de sa strat\u00e9gie de transformation agricole. Ces infrastructures sont appel\u00e9es \u00e0 \u00eatre progressivement d\u00e9ploy\u00e9es dans les autres r\u00e9gions \u00e9conomiques du pays, afin de favoriser l\u2019\u00e9mergence d\u2019une agriculture m\u00e9canis\u00e9e, productive et g\u00e9n\u00e9ratrice de valeur ajout\u00e9e, au service de la s\u00e9curit\u00e9 alimentaire et de la croissance \u00e9conomique nationale.<\/p>\n\n\n\n<p><strong>Dodji KETOHOU<\/strong><\/p>\n\n\n\n<p><\/p>\n","protected":false},"excerpt":{"rendered":"<p>Le Togo poursuit la modernisation de son agriculture avec la mise en service du Centre r\u00e9gional de m\u00e9canisation agricole (CRMA) de Tchitchao, dans la r\u00e9gion de la Kara. L\u2019infrastructure a \u00e9t\u00e9 officiellement inaugur\u00e9e le 24 avril 2026 par le Pr\u00e9sident du Conseil, Faure Essozimna Gnassingb\u00e9, au lendemain du lancement du centre de Tov\u00e9 dans les [&hellip;]<\/p>\n","protected":false},"author":2,"featured_media":14862,"comment_status":"open","ping_status":"closed","sticky":false,"template":"","format":"standard","meta":{"footnotes":""},"categories":[12],"tags":[],"class_list":["post-14860","post","type-post","status-publish","format-standard","has-post-thumbnail","hentry","category-agriculture"],"yoast_head":"<!-- This site is optimized with the Yoast SEO plugin v26.5 - https:\/\/yoast.com\/wordpress\/plugins\/seo\/ -->\n<title>M\u00e9canisation agricole : le CRMA de Tchitchao entre en service pour dynamiser la production dans la r\u00e9gion - R\u00e9c\u00e9piss\u00e9 N\u00b00026\/12-2020\/pl\/P<\/title>\n<meta name=\"robots\" content=\"index, follow, max-snippet:-1, max-image-preview:large, max-video-preview:-1\" \/>\n<link rel=\"canonical\" href=\"https:\/\/mediatopnews.tg\/?p=14860\" \/>\n<meta property=\"og:locale\" content=\"fr_FR\" \/>\n<meta property=\"og:type\" content=\"article\" \/>\n<meta property=\"og:title\" content=\"M\u00e9canisation agricole : le CRMA de Tchitchao entre en service pour dynamiser la production dans la r\u00e9gion - R\u00e9c\u00e9piss\u00e9 N\u00b00026\/12-2020\/pl\/P\" \/>\n<meta property=\"og:description\" content=\"Le Togo poursuit la modernisation de son agriculture avec la mise en service du Centre r\u00e9gional de m\u00e9canisation agricole (CRMA) de Tchitchao, dans la r\u00e9gion de la Kara. L\u2019infrastructure a \u00e9t\u00e9 officiellement inaugur\u00e9e le 24 avril 2026 par le Pr\u00e9sident du Conseil, Faure Essozimna Gnassingb\u00e9, au lendemain du lancement du centre de Tov\u00e9 dans les [&hellip;]\" \/>\n<meta property=\"og:url\" content=\"https:\/\/mediatopnews.tg\/?p=14860\" \/>\n<meta property=\"og:site_name\" content=\"R\u00e9c\u00e9piss\u00e9 N\u00b00026\/12-2020\/pl\/P\" \/>\n<meta property=\"article:published_time\" content=\"2026-04-28T05:38:44+00:00\" \/>\n<meta property=\"article:modified_time\" content=\"2026-04-28T05:38:45+00:00\" \/>\n<meta property=\"og:image\" content=\"https:\/\/mediatopnews.tg\/wp-content\/uploads\/2026\/04\/TOF-TCHI.png\" \/>\n\t<meta property=\"og:image:width\" content=\"509\" \/>\n\t<meta property=\"og:image:height\" content=\"287\" \/>\n\t<meta property=\"og:image:type\" content=\"image\/png\" \/>\n<meta name=\"author\" content=\"La R\u00e9daction\" \/>\n<meta name=\"twitter:card\" content=\"summary_large_image\" \/>\n<meta name=\"twitter:label1\" content=\"\u00c9crit par\" \/>\n\t<meta name=\"twitter:data1\" content=\"La R\u00e9daction\" \/>\n\t<meta name=\"twitter:label2\" content=\"Dur\u00e9e de lecture estim\u00e9e\" \/>\n\t<meta name=\"twitter:data2\" content=\"4 minutes\" \/>\n<script type=\"application\/ld+json\" class=\"yoast-schema-graph\">{\"@context\":\"https:\/\/schema.org\",\"@graph\":[{\"@type\":\"Article\",\"@id\":\"https:\/\/mediatopnews.tg\/?p=14860#article\",\"isPartOf\":{\"@id\":\"https:\/\/mediatopnews.tg\/?p=14860\"},\"author\":{\"name\":\"La R\u00e9daction\",\"@id\":\"https:\/\/mediatopnews.tg\/#\/schema\/person\/5264fbaa15cdbc3bbc592caa5cb4bac6\"},\"headline\":\"M\u00e9canisation agricole : le CRMA de Tchitchao entre en service pour dynamiser la production dans la r\u00e9gion\",\"datePublished\":\"2026-04-28T05:38:44+00:00\",\"dateModified\":\"2026-04-28T05:38:45+00:00\",\"mainEntityOfPage\":{\"@id\":\"https:\/\/mediatopnews.tg\/?p=14860\"},\"wordCount\":612,\"commentCount\":0,\"publisher\":{\"@id\":\"https:\/\/mediatopnews.tg\/#organization\"},\"image\":{\"@id\":\"https:\/\/mediatopnews.tg\/?p=14860#primaryimage\"},\"thumbnailUrl\":\"https:\/\/mediatopnews.tg\/wp-content\/uploads\/2026\/04\/TOF-TCHI.png\",\"articleSection\":[\"AGRICULTURE\"],\"inLanguage\":\"fr-FR\",\"potentialAction\":[{\"@type\":\"CommentAction\",\"name\":\"Comment\",\"target\":[\"https:\/\/mediatopnews.tg\/?p=14860#respond\"]}]},{\"@type\":\"WebPage\",\"@id\":\"https:\/\/mediatopnews.tg\/?p=14860\",\"url\":\"https:\/\/mediatopnews.tg\/?p=14860\",\"name\":\"M\u00e9canisation agricole : le CRMA de Tchitchao entre en service pour dynamiser la production dans la r\u00e9gion - R\u00e9c\u00e9piss\u00e9 N\u00b00026\/12-2020\/pl\/P\",\"isPartOf\":{\"@id\":\"https:\/\/mediatopnews.tg\/#website\"},\"primaryImageOfPage\":{\"@id\":\"https:\/\/mediatopnews.tg\/?p=14860#primaryimage\"},\"image\":{\"@id\":\"https:\/\/mediatopnews.tg\/?p=14860#primaryimage\"},\"thumbnailUrl\":\"https:\/\/mediatopnews.tg\/wp-content\/uploads\/2026\/04\/TOF-TCHI.png\",\"datePublished\":\"2026-04-28T05:38:44+00:00\",\"dateModified\":\"2026-04-28T05:38:45+00:00\",\"breadcrumb\":{\"@id\":\"https:\/\/mediatopnews.tg\/?p=14860#breadcrumb\"},\"inLanguage\":\"fr-FR\",\"potentialAction\":[{\"@type\":\"ReadAction\",\"target\":[\"https:\/\/mediatopnews.tg\/?p=14860\"]}]},{\"@type\":\"ImageObject\",\"inLanguage\":\"fr-FR\",\"@id\":\"https:\/\/mediatopnews.tg\/?p=14860#primaryimage\",\"url\":\"https:\/\/mediatopnews.tg\/wp-content\/uploads\/2026\/04\/TOF-TCHI.png\",\"contentUrl\":\"https:\/\/mediatopnews.tg\/wp-content\/uploads\/2026\/04\/TOF-TCHI.png\",\"width\":509,\"height\":287},{\"@type\":\"BreadcrumbList\",\"@id\":\"https:\/\/mediatopnews.tg\/?p=14860#breadcrumb\",\"itemListElement\":[{\"@type\":\"ListItem\",\"position\":1,\"name\":\"Accueil\",\"item\":\"https:\/\/mediatopnews.tg\/\"},{\"@type\":\"ListItem\",\"position\":2,\"name\":\"M\u00e9canisation agricole : le CRMA de Tchitchao entre en service pour dynamiser la production dans la r\u00e9gion\"}]},{\"@type\":\"WebSite\",\"@id\":\"https:\/\/mediatopnews.tg\/#website\",\"url\":\"https:\/\/mediatopnews.tg\/\",\"name\":\"R\u00e9c\u00e9piss\u00e9 N\u00b00026\/12-2020\/pl\/P\",\"description\":\"La toile de l&#039;information\",\"publisher\":{\"@id\":\"https:\/\/mediatopnews.tg\/#organization\"},\"potentialAction\":[{\"@type\":\"SearchAction\",\"target\":{\"@type\":\"EntryPoint\",\"urlTemplate\":\"https:\/\/mediatopnews.tg\/?s={search_term_string}\"},\"query-input\":{\"@type\":\"PropertyValueSpecification\",\"valueRequired\":true,\"valueName\":\"search_term_string\"}}],\"inLanguage\":\"fr-FR\"},{\"@type\":\"Organization\",\"@id\":\"https:\/\/mediatopnews.tg\/#organization\",\"name\":\"R\u00e9c\u00e9piss\u00e9 N\u00b00026\/12-2020\/pl\/P\",\"url\":\"https:\/\/mediatopnews.tg\/\",\"logo\":{\"@type\":\"ImageObject\",\"inLanguage\":\"fr-FR\",\"@id\":\"https:\/\/mediatopnews.tg\/#\/schema\/logo\/image\/\",\"url\":\"https:\/\/mediatopnews.tg\/wp-content\/uploads\/2023\/09\/cropped-cropped-WhatsApp-Image-2023-09-04-at-13.18.30-1-1.jpeg\",\"contentUrl\":\"https:\/\/mediatopnews.tg\/wp-content\/uploads\/2023\/09\/cropped-cropped-WhatsApp-Image-2023-09-04-at-13.18.30-1-1.jpeg\",\"width\":174,\"height\":147,\"caption\":\"R\u00e9c\u00e9piss\u00e9 N\u00b00026\/12-2020\/pl\/P\"},\"image\":{\"@id\":\"https:\/\/mediatopnews.tg\/#\/schema\/logo\/image\/\"}},{\"@type\":\"Person\",\"@id\":\"https:\/\/mediatopnews.tg\/#\/schema\/person\/5264fbaa15cdbc3bbc592caa5cb4bac6\",\"name\":\"La R\u00e9daction\",\"image\":{\"@type\":\"ImageObject\",\"inLanguage\":\"fr-FR\",\"@id\":\"https:\/\/mediatopnews.tg\/#\/schema\/person\/image\/\",\"url\":\"https:\/\/secure.gravatar.com\/avatar\/02c45ef53e124da0300332101a595f5186b781ff193f1243a768c52e15756dcc?s=96&d=mm&r=g\",\"contentUrl\":\"https:\/\/secure.gravatar.com\/avatar\/02c45ef53e124da0300332101a595f5186b781ff193f1243a768c52e15756dcc?s=96&d=mm&r=g\",\"caption\":\"La R\u00e9daction\"},\"url\":\"https:\/\/mediatopnews.tg\/?author=2\"}]}<\/script>\n<!-- \/ Yoast SEO plugin. -->","yoast_head_json":{"title":"M\u00e9canisation agricole : le CRMA de Tchitchao entre en service pour dynamiser la production dans la r\u00e9gion - R\u00e9c\u00e9piss\u00e9 N\u00b00026\/12-2020\/pl\/P","robots":{"index":"index","follow":"follow","max-snippet":"max-snippet:-1","max-image-preview":"max-image-preview:large","max-video-preview":"max-video-preview:-1"},"canonical":"https:\/\/mediatopnews.tg\/?p=14860","og_locale":"fr_FR","og_type":"article","og_title":"M\u00e9canisation agricole : le CRMA de Tchitchao entre en service pour dynamiser la production dans la r\u00e9gion - R\u00e9c\u00e9piss\u00e9 N\u00b00026\/12-2020\/pl\/P","og_description":"Le Togo poursuit la modernisation de son agriculture avec la mise en service du Centre r\u00e9gional de m\u00e9canisation agricole (CRMA) de Tchitchao, dans la r\u00e9gion de la Kara. L\u2019infrastructure a \u00e9t\u00e9 officiellement inaugur\u00e9e le 24 avril 2026 par le Pr\u00e9sident du Conseil, Faure Essozimna Gnassingb\u00e9, au lendemain du lancement du centre de Tov\u00e9 dans les [&hellip;]","og_url":"https:\/\/mediatopnews.tg\/?p=14860","og_site_name":"R\u00e9c\u00e9piss\u00e9 N\u00b00026\/12-2020\/pl\/P","article_published_time":"2026-04-28T05:38:44+00:00","article_modified_time":"2026-04-28T05:38:45+00:00","og_image":[{"width":509,"height":287,"url":"https:\/\/mediatopnews.tg\/wp-content\/uploads\/2026\/04\/TOF-TCHI.png","type":"image\/png"}],"author":"La R\u00e9daction","twitter_card":"summary_large_image","twitter_misc":{"\u00c9crit par":"La R\u00e9daction","Dur\u00e9e de lecture estim\u00e9e":"4 minutes"},"schema":{"@context":"https:\/\/schema.org","@graph":[{"@type":"Article","@id":"https:\/\/mediatopnews.tg\/?p=14860#article","isPartOf":{"@id":"https:\/\/mediatopnews.tg\/?p=14860"},"author":{"name":"La R\u00e9daction","@id":"https:\/\/mediatopnews.tg\/#\/schema\/person\/5264fbaa15cdbc3bbc592caa5cb4bac6"},"headline":"M\u00e9canisation agricole : le CRMA de Tchitchao entre en service pour dynamiser la production dans la r\u00e9gion","datePublished":"2026-04-28T05:38:44+00:00","dateModified":"2026-04-28T05:38:45+00:00","mainEntityOfPage":{"@id":"https:\/\/mediatopnews.tg\/?p=14860"},"wordCount":612,"commentCount":0,"publisher":{"@id":"https:\/\/mediatopnews.tg\/#organization"},"image":{"@id":"https:\/\/mediatopnews.tg\/?p=14860#primaryimage"},"thumbnailUrl":"https:\/\/mediatopnews.tg\/wp-content\/uploads\/2026\/04\/TOF-TCHI.png","articleSection":["AGRICULTURE"],"inLanguage":"fr-FR","potentialAction":[{"@type":"CommentAction","name":"Comment","target":["https:\/\/mediatopnews.tg\/?p=14860#respond"]}]},{"@type":"WebPage","@id":"https:\/\/mediatopnews.tg\/?p=14860","url":"https:\/\/mediatopnews.tg\/?p=14860","name":"M\u00e9canisation agricole : le CRMA de Tchitchao entre en service pour dynamiser la production dans la r\u00e9gion - R\u00e9c\u00e9piss\u00e9 N\u00b00026\/12-2020\/pl\/P","isPartOf":{"@id":"https:\/\/mediatopnews.tg\/#website"},"primaryImageOfPage":{"@id":"https:\/\/mediatopnews.tg\/?p=14860#primaryimage"},"image":{"@id":"https:\/\/mediatopnews.tg\/?p=14860#primaryimage"},"thumbnailUrl":"https:\/\/mediatopnews.tg\/wp-content\/uploads\/2026\/04\/TOF-TCHI.png","datePublished":"2026-04-28T05:38:44+00:00","dateModified":"2026-04-28T05:38:45+00:00","breadcrumb":{"@id":"https:\/\/mediatopnews.tg\/?p=14860#breadcrumb"},"inLanguage":"fr-FR","potentialAction":[{"@type":"ReadAction","target":["https:\/\/mediatopnews.tg\/?p=14860"]}]},{"@type":"ImageObject","inLanguage":"fr-FR","@id":"https:\/\/mediatopnews.tg\/?p=14860#primaryimage","url":"https:\/\/mediatopnews.tg\/wp-content\/uploads\/2026\/04\/TOF-TCHI.png","contentUrl":"https:\/\/mediatopnews.tg\/wp-content\/uploads\/2026\/04\/TOF-TCHI.png","width":509,"height":287},{"@type":"BreadcrumbList","@id":"https:\/\/mediatopnews.tg\/?p=14860#breadcrumb","itemListElement":[{"@type":"ListItem","position":1,"name":"Accueil","item":"https:\/\/mediatopnews.tg\/"},{"@type":"ListItem","position":2,"name":"M\u00e9canisation agricole : le CRMA de Tchitchao entre en service pour dynamiser la production dans la r\u00e9gion"}]},{"@type":"WebSite","@id":"https:\/\/mediatopnews.tg\/#website","url":"https:\/\/mediatopnews.tg\/","name":"R\u00e9c\u00e9piss\u00e9 N\u00b00026\/12-2020\/pl\/P","description":"La toile de l&#039;information","publisher":{"@id":"https:\/\/mediatopnews.tg\/#organization"},"potentialAction":[{"@type":"SearchAction","target":{"@type":"EntryPoint","urlTemplate":"https:\/\/mediatopnews.tg\/?s={search_term_string}"},"query-input":{"@type":"PropertyValueSpecification","valueRequired":true,"valueName":"search_term_string"}}],"inLanguage":"fr-FR"},{"@type":"Organization","@id":"https:\/\/mediatopnews.tg\/#organization","name":"R\u00e9c\u00e9piss\u00e9 N\u00b00026\/12-2020\/pl\/P","url":"https:\/\/mediatopnews.tg\/","logo":{"@type":"ImageObject","inLanguage":"fr-FR","@id":"https:\/\/mediatopnews.tg\/#\/schema\/logo\/image\/","url":"https:\/\/mediatopnews.tg\/wp-content\/uploads\/2023\/09\/cropped-cropped-WhatsApp-Image-2023-09-04-at-13.18.30-1-1.jpeg","contentUrl":"https:\/\/mediatopnews.tg\/wp-content\/uploads\/2023\/09\/cropped-cropped-WhatsApp-Image-2023-09-04-at-13.18.30-1-1.jpeg","width":174,"height":147,"caption":"R\u00e9c\u00e9piss\u00e9 N\u00b00026\/12-2020\/pl\/P"},"image":{"@id":"https:\/\/mediatopnews.tg\/#\/schema\/logo\/image\/"}},{"@type":"Person","@id":"https:\/\/mediatopnews.tg\/#\/schema\/person\/5264fbaa15cdbc3bbc592caa5cb4bac6","name":"La R\u00e9daction","image":{"@type":"ImageObject","inLanguage":"fr-FR","@id":"https:\/\/mediatopnews.tg\/#\/schema\/person\/image\/","url":"https:\/\/secure.gravatar.com\/avatar\/02c45ef53e124da0300332101a595f5186b781ff193f1243a768c52e15756dcc?s=96&d=mm&r=g","contentUrl":"https:\/\/secure.gravatar.com\/avatar\/02c45ef53e124da0300332101a595f5186b781ff193f1243a768c52e15756dcc?s=96&d=mm&r=g","caption":"La R\u00e9daction"},"url":"https:\/\/mediatopnews.tg\/?author=2"}]}},"_links":{"self":[{"href":"https:\/\/mediatopnews.tg\/index.php?rest_route=\/wp\/v2\/posts\/14860","targetHints":{"allow":["GET"]}}],"collection":[{"href":"https:\/\/mediatopnews.tg\/index.php?rest_route=\/wp\/v2\/posts"}],"about":[{"href":"https:\/\/mediatopnews.tg\/index.php?rest_route=\/wp\/v2\/types\/post"}],"author":[{"embeddable":true,"href":"https:\/\/mediatopnews.tg\/index.php?rest_route=\/wp\/v2\/users\/2"}],"replies":[{"embeddable":true,"href":"https:\/\/mediatopnews.tg\/index.php?rest_route=%2Fwp%2Fv2%2Fcomments&post=14860"}],"version-history":[{"count":1,"href":"https:\/\/mediatopnews.tg\/index.php?rest_route=\/wp\/v2\/posts\/14860\/revisions"}],"predecessor-version":[{"id":14863,"href":"https:\/\/mediatopnews.tg\/index.php?rest_route=\/wp\/v2\/posts\/14860\/revisions\/14863"}],"wp:featuredmedia":[{"embeddable":true,"href":"https:\/\/mediatopnews.tg\/index.php?rest_route=\/wp\/v2\/media\/14862"}],"wp:attachment":[{"href":"https:\/\/mediatopnews.tg\/index.php?rest_route=%2Fwp%2Fv2%2Fmedia&parent=14860"}],"wp:term":[{"taxonomy":"category","embeddable":true,"href":"https:\/\/mediatopnews.tg\/index.php?rest_route=%2Fwp%2Fv2%2Fcategories&post=14860"},{"taxonomy":"post_tag","embeddable":true,"href":"https:\/\/mediatopnews.tg\/index.php?rest_route=%2Fwp%2Fv2%2Ftags&post=14860"}],"curies":[{"name":"wp","href":"https:\/\/api.w.org\/{rel}","templated":true}]}}