{"id":14868,"date":"2026-04-28T05:54:41","date_gmt":"2026-04-28T05:54:41","guid":{"rendered":"https:\/\/mediatopnews.tg\/?p=14868"},"modified":"2026-04-28T05:54:42","modified_gmt":"2026-04-28T05:54:42","slug":"66%e1%b5%89-anniversaire-de-lindependance-du-togo-le-president-du-conseil-ravive-la-flamme-nationale","status":"publish","type":"post","link":"https:\/\/mediatopnews.tg\/?p=14868","title":{"rendered":"66\u1d49 anniversaire de l\u2019ind\u00e9pendance du Togo : \u00a0le Pr\u00e9sident du Conseil ravive la flamme nationale"},"content":{"rendered":"\n<p><\/p>\n\n\n\n<p>A la veille des c\u00e9l\u00e9brations marquant le 66\u1d49 anniversaire de l\u2019accession du Togo \u00e0 la souverainet\u00e9 internationale, le Pr\u00e9sident du Conseil, Faure Essozimna Gnassingb\u00e9, a proc\u00e9d\u00e9 \u00e0 la ranimation de la flamme de l\u2019ind\u00e9pendance.<\/p>\n\n\n\n<figure class=\"wp-block-image size-full\"><img loading=\"lazy\" decoding=\"async\" width=\"800\" height=\"769\" src=\"https:\/\/mediatopnews.tg\/wp-content\/uploads\/2026\/04\/TOF-RALLUMAGE.jpeg\" alt=\"\" class=\"wp-image-14869\" srcset=\"https:\/\/mediatopnews.tg\/wp-content\/uploads\/2026\/04\/TOF-RALLUMAGE.jpeg 800w, https:\/\/mediatopnews.tg\/wp-content\/uploads\/2026\/04\/TOF-RALLUMAGE-300x288.jpeg 300w, https:\/\/mediatopnews.tg\/wp-content\/uploads\/2026\/04\/TOF-RALLUMAGE-768x738.jpeg 768w\" sizes=\"auto, (max-width: 800px) 100vw, 800px\" \/><\/figure>\n\n\n\n<p>Cette c\u00e9r\u00e9monie, d\u2019une forte port\u00e9e symbolique, a rassembl\u00e9 les pr\u00e9sidents des institutions de la R\u00e9publique, les autorit\u00e9s politiques, administratives, militaires et traditionnelles, ainsi que les repr\u00e9sentants du corps diplomatique. Tous ont assist\u00e9 \u00e0 ce geste solennel par lequel le peuple togolais r\u00e9affirme son attachement aux id\u00e9aux de libert\u00e9, de souverainet\u00e9 et d\u2019unit\u00e9.<\/p>\n\n\n\n<p>Au-del\u00e0 de sa dimension protocolaire, cette c\u00e9r\u00e9monie honore la m\u00e9moire des figures h\u00e9ro\u00efques qui, au prix de lourds sacrifices, ont permis la naissance de la nation togolaise. Elle s\u2019inscrit \u00e9galement dans la vision d\u2019un Togo r\u00e9solument tourn\u00e9 vers l\u2019avenir et profond\u00e9ment ancr\u00e9 dans son histoire.<\/p>\n\n\n\n<p>A la fin de la c\u00e9r\u00e9monie, le Pr\u00e9sident du Conseil est all\u00e9 \u00e0 la rencontre des populations \u00e9galement pr\u00e9sentes. Dans une atmosph\u00e8re empreinte de convivialit\u00e9, il les a f\u00e9licit\u00e9es pour leur importante mobilisation et l\u2019enthousiasme dont elles ont fait preuve en ce lieu charg\u00e9 de symboles.<\/p>\n","protected":false},"excerpt":{"rendered":"<p>A la veille des c\u00e9l\u00e9brations marquant le 66\u1d49 anniversaire de l\u2019accession du Togo \u00e0 la souverainet\u00e9 internationale, le Pr\u00e9sident du Conseil, Faure Essozimna Gnassingb\u00e9, a proc\u00e9d\u00e9 \u00e0 la ranimation de la flamme de l\u2019ind\u00e9pendance. Cette c\u00e9r\u00e9monie, d\u2019une forte port\u00e9e symbolique, a rassembl\u00e9 les pr\u00e9sidents des institutions de la R\u00e9publique, les autorit\u00e9s politiques, administratives, militaires et [&hellip;]<\/p>\n","protected":false},"author":2,"featured_media":14869,"comment_status":"open","ping_status":"closed","sticky":false,"template":"","format":"standard","meta":{"footnotes":""},"categories":[1],"tags":[],"class_list":["post-14868","post","type-post","status-publish","format-standard","has-post-thumbnail","hentry","category-politique"],"yoast_head":"<!-- This site is optimized with the Yoast SEO plugin v26.5 - https:\/\/yoast.com\/wordpress\/plugins\/seo\/ -->\n<title>66\u1d49 anniversaire de l\u2019ind\u00e9pendance du Togo : \u00a0le Pr\u00e9sident du Conseil ravive la flamme nationale - R\u00e9c\u00e9piss\u00e9 N\u00b00026\/12-2020\/pl\/P<\/title>\n<meta name=\"robots\" content=\"index, follow, max-snippet:-1, max-image-preview:large, max-video-preview:-1\" \/>\n<link rel=\"canonical\" href=\"https:\/\/mediatopnews.tg\/?p=14868\" \/>\n<meta property=\"og:locale\" content=\"fr_FR\" \/>\n<meta property=\"og:type\" content=\"article\" \/>\n<meta property=\"og:title\" content=\"66\u1d49 anniversaire de l\u2019ind\u00e9pendance du Togo : \u00a0le Pr\u00e9sident du Conseil ravive la flamme nationale - R\u00e9c\u00e9piss\u00e9 N\u00b00026\/12-2020\/pl\/P\" \/>\n<meta property=\"og:description\" content=\"A la veille des c\u00e9l\u00e9brations marquant le 66\u1d49 anniversaire de l\u2019accession du Togo \u00e0 la souverainet\u00e9 internationale, le Pr\u00e9sident du Conseil, Faure Essozimna Gnassingb\u00e9, a proc\u00e9d\u00e9 \u00e0 la ranimation de la flamme de l\u2019ind\u00e9pendance. Cette c\u00e9r\u00e9monie, d\u2019une forte port\u00e9e symbolique, a rassembl\u00e9 les pr\u00e9sidents des institutions de la R\u00e9publique, les autorit\u00e9s politiques, administratives, militaires et [&hellip;]\" \/>\n<meta property=\"og:url\" content=\"https:\/\/mediatopnews.tg\/?p=14868\" \/>\n<meta property=\"og:site_name\" content=\"R\u00e9c\u00e9piss\u00e9 N\u00b00026\/12-2020\/pl\/P\" \/>\n<meta property=\"article:published_time\" content=\"2026-04-28T05:54:41+00:00\" \/>\n<meta property=\"article:modified_time\" content=\"2026-04-28T05:54:42+00:00\" \/>\n<meta property=\"og:image\" content=\"https:\/\/mediatopnews.tg\/wp-content\/uploads\/2026\/04\/TOF-RALLUMAGE.jpeg\" \/>\n\t<meta property=\"og:image:width\" content=\"800\" \/>\n\t<meta property=\"og:image:height\" content=\"769\" \/>\n\t<meta property=\"og:image:type\" content=\"image\/jpeg\" \/>\n<meta name=\"author\" content=\"La R\u00e9daction\" \/>\n<meta name=\"twitter:card\" content=\"summary_large_image\" \/>\n<meta name=\"twitter:label1\" content=\"\u00c9crit par\" \/>\n\t<meta name=\"twitter:data1\" content=\"La R\u00e9daction\" \/>\n\t<meta name=\"twitter:label2\" content=\"Dur\u00e9e de lecture estim\u00e9e\" \/>\n\t<meta name=\"twitter:data2\" content=\"2 minutes\" \/>\n<script type=\"application\/ld+json\" class=\"yoast-schema-graph\">{\"@context\":\"https:\/\/schema.org\",\"@graph\":[{\"@type\":\"Article\",\"@id\":\"https:\/\/mediatopnews.tg\/?p=14868#article\",\"isPartOf\":{\"@id\":\"https:\/\/mediatopnews.tg\/?p=14868\"},\"author\":{\"name\":\"La R\u00e9daction\",\"@id\":\"https:\/\/mediatopnews.tg\/#\/schema\/person\/5264fbaa15cdbc3bbc592caa5cb4bac6\"},\"headline\":\"66\u1d49 anniversaire de l\u2019ind\u00e9pendance du Togo : \u00a0le Pr\u00e9sident du Conseil ravive la flamme nationale\",\"datePublished\":\"2026-04-28T05:54:41+00:00\",\"dateModified\":\"2026-04-28T05:54:42+00:00\",\"mainEntityOfPage\":{\"@id\":\"https:\/\/mediatopnews.tg\/?p=14868\"},\"wordCount\":224,\"commentCount\":0,\"publisher\":{\"@id\":\"https:\/\/mediatopnews.tg\/#organization\"},\"image\":{\"@id\":\"https:\/\/mediatopnews.tg\/?p=14868#primaryimage\"},\"thumbnailUrl\":\"https:\/\/mediatopnews.tg\/wp-content\/uploads\/2026\/04\/TOF-RALLUMAGE.jpeg\",\"articleSection\":[\"POLITIQUE\"],\"inLanguage\":\"fr-FR\",\"potentialAction\":[{\"@type\":\"CommentAction\",\"name\":\"Comment\",\"target\":[\"https:\/\/mediatopnews.tg\/?p=14868#respond\"]}]},{\"@type\":\"WebPage\",\"@id\":\"https:\/\/mediatopnews.tg\/?p=14868\",\"url\":\"https:\/\/mediatopnews.tg\/?p=14868\",\"name\":\"66\u1d49 anniversaire de l\u2019ind\u00e9pendance du Togo : \u00a0le Pr\u00e9sident du Conseil ravive la flamme nationale - R\u00e9c\u00e9piss\u00e9 N\u00b00026\/12-2020\/pl\/P\",\"isPartOf\":{\"@id\":\"https:\/\/mediatopnews.tg\/#website\"},\"primaryImageOfPage\":{\"@id\":\"https:\/\/mediatopnews.tg\/?p=14868#primaryimage\"},\"image\":{\"@id\":\"https:\/\/mediatopnews.tg\/?p=14868#primaryimage\"},\"thumbnailUrl\":\"https:\/\/mediatopnews.tg\/wp-content\/uploads\/2026\/04\/TOF-RALLUMAGE.jpeg\",\"datePublished\":\"2026-04-28T05:54:41+00:00\",\"dateModified\":\"2026-04-28T05:54:42+00:00\",\"breadcrumb\":{\"@id\":\"https:\/\/mediatopnews.tg\/?p=14868#breadcrumb\"},\"inLanguage\":\"fr-FR\",\"potentialAction\":[{\"@type\":\"ReadAction\",\"target\":[\"https:\/\/mediatopnews.tg\/?p=14868\"]}]},{\"@type\":\"ImageObject\",\"inLanguage\":\"fr-FR\",\"@id\":\"https:\/\/mediatopnews.tg\/?p=14868#primaryimage\",\"url\":\"https:\/\/mediatopnews.tg\/wp-content\/uploads\/2026\/04\/TOF-RALLUMAGE.jpeg\",\"contentUrl\":\"https:\/\/mediatopnews.tg\/wp-content\/uploads\/2026\/04\/TOF-RALLUMAGE.jpeg\",\"width\":800,\"height\":769},{\"@type\":\"BreadcrumbList\",\"@id\":\"https:\/\/mediatopnews.tg\/?p=14868#breadcrumb\",\"itemListElement\":[{\"@type\":\"ListItem\",\"position\":1,\"name\":\"Accueil\",\"item\":\"https:\/\/mediatopnews.tg\/\"},{\"@type\":\"ListItem\",\"position\":2,\"name\":\"66\u1d49 anniversaire de l\u2019ind\u00e9pendance du Togo : \u00a0le Pr\u00e9sident du Conseil ravive la flamme nationale\"}]},{\"@type\":\"WebSite\",\"@id\":\"https:\/\/mediatopnews.tg\/#website\",\"url\":\"https:\/\/mediatopnews.tg\/\",\"name\":\"R\u00e9c\u00e9piss\u00e9 N\u00b00026\/12-2020\/pl\/P\",\"description\":\"La toile de l&#039;information\",\"publisher\":{\"@id\":\"https:\/\/mediatopnews.tg\/#organization\"},\"potentialAction\":[{\"@type\":\"SearchAction\",\"target\":{\"@type\":\"EntryPoint\",\"urlTemplate\":\"https:\/\/mediatopnews.tg\/?s={search_term_string}\"},\"query-input\":{\"@type\":\"PropertyValueSpecification\",\"valueRequired\":true,\"valueName\":\"search_term_string\"}}],\"inLanguage\":\"fr-FR\"},{\"@type\":\"Organization\",\"@id\":\"https:\/\/mediatopnews.tg\/#organization\",\"name\":\"R\u00e9c\u00e9piss\u00e9 N\u00b00026\/12-2020\/pl\/P\",\"url\":\"https:\/\/mediatopnews.tg\/\",\"logo\":{\"@type\":\"ImageObject\",\"inLanguage\":\"fr-FR\",\"@id\":\"https:\/\/mediatopnews.tg\/#\/schema\/logo\/image\/\",\"url\":\"https:\/\/mediatopnews.tg\/wp-content\/uploads\/2023\/09\/cropped-cropped-WhatsApp-Image-2023-09-04-at-13.18.30-1-1.jpeg\",\"contentUrl\":\"https:\/\/mediatopnews.tg\/wp-content\/uploads\/2023\/09\/cropped-cropped-WhatsApp-Image-2023-09-04-at-13.18.30-1-1.jpeg\",\"width\":174,\"height\":147,\"caption\":\"R\u00e9c\u00e9piss\u00e9 N\u00b00026\/12-2020\/pl\/P\"},\"image\":{\"@id\":\"https:\/\/mediatopnews.tg\/#\/schema\/logo\/image\/\"}},{\"@type\":\"Person\",\"@id\":\"https:\/\/mediatopnews.tg\/#\/schema\/person\/5264fbaa15cdbc3bbc592caa5cb4bac6\",\"name\":\"La R\u00e9daction\",\"image\":{\"@type\":\"ImageObject\",\"inLanguage\":\"fr-FR\",\"@id\":\"https:\/\/mediatopnews.tg\/#\/schema\/person\/image\/\",\"url\":\"https:\/\/secure.gravatar.com\/avatar\/02c45ef53e124da0300332101a595f5186b781ff193f1243a768c52e15756dcc?s=96&d=mm&r=g\",\"contentUrl\":\"https:\/\/secure.gravatar.com\/avatar\/02c45ef53e124da0300332101a595f5186b781ff193f1243a768c52e15756dcc?s=96&d=mm&r=g\",\"caption\":\"La R\u00e9daction\"},\"url\":\"https:\/\/mediatopnews.tg\/?author=2\"}]}<\/script>\n<!-- \/ Yoast SEO plugin. -->","yoast_head_json":{"title":"66\u1d49 anniversaire de l\u2019ind\u00e9pendance du Togo : \u00a0le Pr\u00e9sident du Conseil ravive la flamme nationale - R\u00e9c\u00e9piss\u00e9 N\u00b00026\/12-2020\/pl\/P","robots":{"index":"index","follow":"follow","max-snippet":"max-snippet:-1","max-image-preview":"max-image-preview:large","max-video-preview":"max-video-preview:-1"},"canonical":"https:\/\/mediatopnews.tg\/?p=14868","og_locale":"fr_FR","og_type":"article","og_title":"66\u1d49 anniversaire de l\u2019ind\u00e9pendance du Togo : \u00a0le Pr\u00e9sident du Conseil ravive la flamme nationale - R\u00e9c\u00e9piss\u00e9 N\u00b00026\/12-2020\/pl\/P","og_description":"A la veille des c\u00e9l\u00e9brations marquant le 66\u1d49 anniversaire de l\u2019accession du Togo \u00e0 la souverainet\u00e9 internationale, le Pr\u00e9sident du Conseil, Faure Essozimna Gnassingb\u00e9, a proc\u00e9d\u00e9 \u00e0 la ranimation de la flamme de l\u2019ind\u00e9pendance. Cette c\u00e9r\u00e9monie, d\u2019une forte port\u00e9e symbolique, a rassembl\u00e9 les pr\u00e9sidents des institutions de la R\u00e9publique, les autorit\u00e9s politiques, administratives, militaires et [&hellip;]","og_url":"https:\/\/mediatopnews.tg\/?p=14868","og_site_name":"R\u00e9c\u00e9piss\u00e9 N\u00b00026\/12-2020\/pl\/P","article_published_time":"2026-04-28T05:54:41+00:00","article_modified_time":"2026-04-28T05:54:42+00:00","og_image":[{"width":800,"height":769,"url":"https:\/\/mediatopnews.tg\/wp-content\/uploads\/2026\/04\/TOF-RALLUMAGE.jpeg","type":"image\/jpeg"}],"author":"La R\u00e9daction","twitter_card":"summary_large_image","twitter_misc":{"\u00c9crit par":"La R\u00e9daction","Dur\u00e9e de lecture estim\u00e9e":"2 minutes"},"schema":{"@context":"https:\/\/schema.org","@graph":[{"@type":"Article","@id":"https:\/\/mediatopnews.tg\/?p=14868#article","isPartOf":{"@id":"https:\/\/mediatopnews.tg\/?p=14868"},"author":{"name":"La R\u00e9daction","@id":"https:\/\/mediatopnews.tg\/#\/schema\/person\/5264fbaa15cdbc3bbc592caa5cb4bac6"},"headline":"66\u1d49 anniversaire de l\u2019ind\u00e9pendance du Togo : \u00a0le Pr\u00e9sident du Conseil ravive la flamme nationale","datePublished":"2026-04-28T05:54:41+00:00","dateModified":"2026-04-28T05:54:42+00:00","mainEntityOfPage":{"@id":"https:\/\/mediatopnews.tg\/?p=14868"},"wordCount":224,"commentCount":0,"publisher":{"@id":"https:\/\/mediatopnews.tg\/#organization"},"image":{"@id":"https:\/\/mediatopnews.tg\/?p=14868#primaryimage"},"thumbnailUrl":"https:\/\/mediatopnews.tg\/wp-content\/uploads\/2026\/04\/TOF-RALLUMAGE.jpeg","articleSection":["POLITIQUE"],"inLanguage":"fr-FR","potentialAction":[{"@type":"CommentAction","name":"Comment","target":["https:\/\/mediatopnews.tg\/?p=14868#respond"]}]},{"@type":"WebPage","@id":"https:\/\/mediatopnews.tg\/?p=14868","url":"https:\/\/mediatopnews.tg\/?p=14868","name":"66\u1d49 anniversaire de l\u2019ind\u00e9pendance du Togo : \u00a0le Pr\u00e9sident du Conseil ravive la flamme nationale - R\u00e9c\u00e9piss\u00e9 N\u00b00026\/12-2020\/pl\/P","isPartOf":{"@id":"https:\/\/mediatopnews.tg\/#website"},"primaryImageOfPage":{"@id":"https:\/\/mediatopnews.tg\/?p=14868#primaryimage"},"image":{"@id":"https:\/\/mediatopnews.tg\/?p=14868#primaryimage"},"thumbnailUrl":"https:\/\/mediatopnews.tg\/wp-content\/uploads\/2026\/04\/TOF-RALLUMAGE.jpeg","datePublished":"2026-04-28T05:54:41+00:00","dateModified":"2026-04-28T05:54:42+00:00","breadcrumb":{"@id":"https:\/\/mediatopnews.tg\/?p=14868#breadcrumb"},"inLanguage":"fr-FR","potentialAction":[{"@type":"ReadAction","target":["https:\/\/mediatopnews.tg\/?p=14868"]}]},{"@type":"ImageObject","inLanguage":"fr-FR","@id":"https:\/\/mediatopnews.tg\/?p=14868#primaryimage","url":"https:\/\/mediatopnews.tg\/wp-content\/uploads\/2026\/04\/TOF-RALLUMAGE.jpeg","contentUrl":"https:\/\/mediatopnews.tg\/wp-content\/uploads\/2026\/04\/TOF-RALLUMAGE.jpeg","width":800,"height":769},{"@type":"BreadcrumbList","@id":"https:\/\/mediatopnews.tg\/?p=14868#breadcrumb","itemListElement":[{"@type":"ListItem","position":1,"name":"Accueil","item":"https:\/\/mediatopnews.tg\/"},{"@type":"ListItem","position":2,"name":"66\u1d49 anniversaire de l\u2019ind\u00e9pendance du Togo : \u00a0le Pr\u00e9sident du Conseil ravive la flamme nationale"}]},{"@type":"WebSite","@id":"https:\/\/mediatopnews.tg\/#website","url":"https:\/\/mediatopnews.tg\/","name":"R\u00e9c\u00e9piss\u00e9 N\u00b00026\/12-2020\/pl\/P","description":"La toile de l&#039;information","publisher":{"@id":"https:\/\/mediatopnews.tg\/#organization"},"potentialAction":[{"@type":"SearchAction","target":{"@type":"EntryPoint","urlTemplate":"https:\/\/mediatopnews.tg\/?s={search_term_string}"},"query-input":{"@type":"PropertyValueSpecification","valueRequired":true,"valueName":"search_term_string"}}],"inLanguage":"fr-FR"},{"@type":"Organization","@id":"https:\/\/mediatopnews.tg\/#organization","name":"R\u00e9c\u00e9piss\u00e9 N\u00b00026\/12-2020\/pl\/P","url":"https:\/\/mediatopnews.tg\/","logo":{"@type":"ImageObject","inLanguage":"fr-FR","@id":"https:\/\/mediatopnews.tg\/#\/schema\/logo\/image\/","url":"https:\/\/mediatopnews.tg\/wp-content\/uploads\/2023\/09\/cropped-cropped-WhatsApp-Image-2023-09-04-at-13.18.30-1-1.jpeg","contentUrl":"https:\/\/mediatopnews.tg\/wp-content\/uploads\/2023\/09\/cropped-cropped-WhatsApp-Image-2023-09-04-at-13.18.30-1-1.jpeg","width":174,"height":147,"caption":"R\u00e9c\u00e9piss\u00e9 N\u00b00026\/12-2020\/pl\/P"},"image":{"@id":"https:\/\/mediatopnews.tg\/#\/schema\/logo\/image\/"}},{"@type":"Person","@id":"https:\/\/mediatopnews.tg\/#\/schema\/person\/5264fbaa15cdbc3bbc592caa5cb4bac6","name":"La R\u00e9daction","image":{"@type":"ImageObject","inLanguage":"fr-FR","@id":"https:\/\/mediatopnews.tg\/#\/schema\/person\/image\/","url":"https:\/\/secure.gravatar.com\/avatar\/02c45ef53e124da0300332101a595f5186b781ff193f1243a768c52e15756dcc?s=96&d=mm&r=g","contentUrl":"https:\/\/secure.gravatar.com\/avatar\/02c45ef53e124da0300332101a595f5186b781ff193f1243a768c52e15756dcc?s=96&d=mm&r=g","caption":"La R\u00e9daction"},"url":"https:\/\/mediatopnews.tg\/?author=2"}]}},"_links":{"self":[{"href":"https:\/\/mediatopnews.tg\/index.php?rest_route=\/wp\/v2\/posts\/14868","targetHints":{"allow":["GET"]}}],"collection":[{"href":"https:\/\/mediatopnews.tg\/index.php?rest_route=\/wp\/v2\/posts"}],"about":[{"href":"https:\/\/mediatopnews.tg\/index.php?rest_route=\/wp\/v2\/types\/post"}],"author":[{"embeddable":true,"href":"https:\/\/mediatopnews.tg\/index.php?rest_route=\/wp\/v2\/users\/2"}],"replies":[{"embeddable":true,"href":"https:\/\/mediatopnews.tg\/index.php?rest_route=%2Fwp%2Fv2%2Fcomments&post=14868"}],"version-history":[{"count":1,"href":"https:\/\/mediatopnews.tg\/index.php?rest_route=\/wp\/v2\/posts\/14868\/revisions"}],"predecessor-version":[{"id":14870,"href":"https:\/\/mediatopnews.tg\/index.php?rest_route=\/wp\/v2\/posts\/14868\/revisions\/14870"}],"wp:featuredmedia":[{"embeddable":true,"href":"https:\/\/mediatopnews.tg\/index.php?rest_route=\/wp\/v2\/media\/14869"}],"wp:attachment":[{"href":"https:\/\/mediatopnews.tg\/index.php?rest_route=%2Fwp%2Fv2%2Fmedia&parent=14868"}],"wp:term":[{"taxonomy":"category","embeddable":true,"href":"https:\/\/mediatopnews.tg\/index.php?rest_route=%2Fwp%2Fv2%2Fcategories&post=14868"},{"taxonomy":"post_tag","embeddable":true,"href":"https:\/\/mediatopnews.tg\/index.php?rest_route=%2Fwp%2Fv2%2Ftags&post=14868"}],"curies":[{"name":"wp","href":"https:\/\/api.w.org\/{rel}","templated":true}]}}