{"id":14878,"date":"2026-04-28T06:19:15","date_gmt":"2026-04-28T06:19:15","guid":{"rendered":"https:\/\/mediatopnews.tg\/?p=14878"},"modified":"2026-04-28T06:19:16","modified_gmt":"2026-04-28T06:19:16","slug":"kozah-tournee-dechange-de-lambassadeur-du-festival-de-lindependance-avec-les-artistes","status":"publish","type":"post","link":"https:\/\/mediatopnews.tg\/?p=14878","title":{"rendered":"KOZAH\/ TOURNEE D\u2019ECHANGE DE L\u2019AMBASSADEUR DU FESTIVAL DE L\u2019INDEPENDANCE AVEC LES ARTISTES"},"content":{"rendered":"\n<p><\/p>\n\n\n\n<p>L\u2019artiste compositeur et chanteur Santrinos Raphael a \u00e9chang\u00e9 avec certains artistes chanteurs et compositeurs de la r\u00e9gion de la Kara lors d\u2019un master class le dimanche 26 avril \u00e0 Kara.<\/p>\n\n\n\n<p>Cette rencontre est une initiative de l\u2019artiste lui-m\u00eame visant \u00e0 se rapprocher de ses confr\u00e8res du septentrion pour discuter par rapport aux d\u00e9fis li\u00e9s \u00e0 la carri\u00e8re artistique ainsi que les difficult\u00e9s personnelles que rencontre chaque artiste dans son domaine. Elle s\u2019inscrit dans le cadre de la c\u00e9l\u00e9bration du 66<sup>\u00e8me<\/sup> anniversaire de l\u2019ind\u00e9pendance du Togo \u00e0 travers le Festival de l\u2019ind\u00e9pendance.<\/p>\n\n\n\n<figure class=\"wp-block-image size-large\"><img loading=\"lazy\" decoding=\"async\" width=\"1024\" height=\"682\" src=\"https:\/\/mediatopnews.tg\/wp-content\/uploads\/2026\/04\/TOF-KARA-FEST-1024x682.jpeg\" alt=\"\" class=\"wp-image-14879\" srcset=\"https:\/\/mediatopnews.tg\/wp-content\/uploads\/2026\/04\/TOF-KARA-FEST-1024x682.jpeg 1024w, https:\/\/mediatopnews.tg\/wp-content\/uploads\/2026\/04\/TOF-KARA-FEST-300x200.jpeg 300w, https:\/\/mediatopnews.tg\/wp-content\/uploads\/2026\/04\/TOF-KARA-FEST-768x512.jpeg 768w, https:\/\/mediatopnews.tg\/wp-content\/uploads\/2026\/04\/TOF-KARA-FEST.jpeg 1280w\" sizes=\"auto, (max-width: 1024px) 100vw, 1024px\" \/><\/figure>\n\n\n\n<p>Il s\u2019est agi, d\u2019un moment de de formation \u00e0 travers les partages d\u2019exp\u00e9riences et les quelques strat\u00e9gies plausibles \u00e0 adopter pour r\u00e9ussir sa carri\u00e8re artistique.<\/p>\n\n\n\n<p>Les \u00e9changes ont consist\u00e9 \u00e0 savoir comment s\u2019y prendre face aux barri\u00e8res, notamment la&nbsp; production artistique, la communication autour des projets, le comportement avec les fans et bien d\u2019autres choses. Ces \u00e9changes ont ainsi permis aux participants de mieux se positionner face \u00e0 leur art et de savoir les rouages qu\u2019ils ignoraient.<\/p>\n\n\n\n<p>L\u2019ambassadeur du festival de l\u2019ind\u00e9pendance Santrinos Raphael a exprim\u00e9 sa satisfaction &nbsp;au terme de la rencontre. Il dit en ces termes&nbsp;:&nbsp;\u00ab&nbsp;Ce qui a \u00e9t\u00e9 bien c\u2019est que il n y a pas que moi qui a partag\u00e9 mon exp\u00e9rience mais j\u2019ai aussi appris des autres. J\u2019ai appr\u00e9ci\u00e9 la pr\u00e9sence des ain\u00e9s griots qui ont eux aussi t\u00e9moign\u00e9 de leur art&nbsp;\u00bb. C\u2019est l\u2019aubaine pour nous de donner plus de chance \u00e0 nos confr\u00e8re pour accroitre leur visibilit\u00e9. Quelques soit les situations, il y a toujours un moyen de s\u2019en sortir. Le premier avantage de l\u2019artiste c\u2019est sa communaut\u00e9 et donc les artistes doivent cr\u00e9er une bonne base \u00e0 travers leurs communaut\u00e9s pour booster la carri\u00e8re. Nous travaillons d\u00e9j\u00e0 sur des projets et bient\u00f4t l\u2019\u00e9closion permettra d\u2019inclure plusieurs artistes. A-t-il soulign\u00e9.<\/p>\n\n\n\n<figure class=\"wp-block-image size-large\"><img loading=\"lazy\" decoding=\"async\" width=\"1024\" height=\"682\" src=\"https:\/\/mediatopnews.tg\/wp-content\/uploads\/2026\/04\/TOF-FESTIV--1024x682.jpeg\" alt=\"\" class=\"wp-image-14880\" srcset=\"https:\/\/mediatopnews.tg\/wp-content\/uploads\/2026\/04\/TOF-FESTIV--1024x682.jpeg 1024w, https:\/\/mediatopnews.tg\/wp-content\/uploads\/2026\/04\/TOF-FESTIV--300x200.jpeg 300w, https:\/\/mediatopnews.tg\/wp-content\/uploads\/2026\/04\/TOF-FESTIV--768x512.jpeg 768w, https:\/\/mediatopnews.tg\/wp-content\/uploads\/2026\/04\/TOF-FESTIV-.jpeg 1280w\" sizes=\"auto, (max-width: 1024px) 100vw, 1024px\" \/><\/figure>\n\n\n\n<p>Tom le griot, participant, a t\u00e9moign\u00e9 de sa gratitude aux organisateurs de cet \u00e9v\u00e8nement. A Santrinos, nous avons soumis nos difficult\u00e9s et il a pu toucher du doigt les g\u00e9n\u00e9ralit\u00e9s en nous proposant des pistes de solutions. En soulevant le probl\u00e8me de non visibilit\u00e9 des griots, il nous a de par son exp\u00e9rience donn\u00e9 des conseils nous permettant de mieux avancer. Tom a formul\u00e9 le v\u0153u que de tels rencontre puissent se perp\u00e9tu\u00e9es pour permettre aux cadets de mieux connaitre la voie.<\/p>\n\n\n\n<p>Il faut rappeler que la m\u00eame activit\u00e9 s\u2019est d\u00e9roul\u00e9e dans les autres chefs-lieux de r\u00e9gions du Togo.<\/p>\n\n\n\n<p><strong>TEDIHOU Esso-Edokim Roland.<\/strong><\/p>\n\n\n\n<p><\/p>\n","protected":false},"excerpt":{"rendered":"<p>L\u2019artiste compositeur et chanteur Santrinos Raphael a \u00e9chang\u00e9 avec certains artistes chanteurs et compositeurs de la r\u00e9gion de la Kara lors d\u2019un master class le dimanche 26 avril \u00e0 Kara. Cette rencontre est une initiative de l\u2019artiste lui-m\u00eame visant \u00e0 se rapprocher de ses confr\u00e8res du septentrion pour discuter par rapport aux d\u00e9fis li\u00e9s \u00e0 [&hellip;]<\/p>\n","protected":false},"author":2,"featured_media":14879,"comment_status":"open","ping_status":"closed","sticky":false,"template":"","format":"standard","meta":{"footnotes":""},"categories":[3],"tags":[],"class_list":["post-14878","post","type-post","status-publish","format-standard","has-post-thumbnail","hentry","category-societe"],"yoast_head":"<!-- This site is optimized with the Yoast SEO plugin v26.5 - https:\/\/yoast.com\/wordpress\/plugins\/seo\/ -->\n<title>KOZAH\/ TOURNEE D\u2019ECHANGE DE L\u2019AMBASSADEUR DU FESTIVAL DE L\u2019INDEPENDANCE AVEC LES ARTISTES - R\u00e9c\u00e9piss\u00e9 N\u00b00026\/12-2020\/pl\/P<\/title>\n<meta name=\"robots\" content=\"index, follow, max-snippet:-1, max-image-preview:large, max-video-preview:-1\" \/>\n<link rel=\"canonical\" href=\"https:\/\/mediatopnews.tg\/?p=14878\" \/>\n<meta property=\"og:locale\" content=\"fr_FR\" \/>\n<meta property=\"og:type\" content=\"article\" \/>\n<meta property=\"og:title\" content=\"KOZAH\/ TOURNEE D\u2019ECHANGE DE L\u2019AMBASSADEUR DU FESTIVAL DE L\u2019INDEPENDANCE AVEC LES ARTISTES - R\u00e9c\u00e9piss\u00e9 N\u00b00026\/12-2020\/pl\/P\" \/>\n<meta property=\"og:description\" content=\"L\u2019artiste compositeur et chanteur Santrinos Raphael a \u00e9chang\u00e9 avec certains artistes chanteurs et compositeurs de la r\u00e9gion de la Kara lors d\u2019un master class le dimanche 26 avril \u00e0 Kara. Cette rencontre est une initiative de l\u2019artiste lui-m\u00eame visant \u00e0 se rapprocher de ses confr\u00e8res du septentrion pour discuter par rapport aux d\u00e9fis li\u00e9s \u00e0 [&hellip;]\" \/>\n<meta property=\"og:url\" content=\"https:\/\/mediatopnews.tg\/?p=14878\" \/>\n<meta property=\"og:site_name\" content=\"R\u00e9c\u00e9piss\u00e9 N\u00b00026\/12-2020\/pl\/P\" \/>\n<meta property=\"article:published_time\" content=\"2026-04-28T06:19:15+00:00\" \/>\n<meta property=\"article:modified_time\" content=\"2026-04-28T06:19:16+00:00\" \/>\n<meta property=\"og:image\" content=\"https:\/\/mediatopnews.tg\/wp-content\/uploads\/2026\/04\/TOF-KARA-FEST.jpeg\" \/>\n\t<meta property=\"og:image:width\" content=\"1280\" \/>\n\t<meta property=\"og:image:height\" content=\"853\" \/>\n\t<meta property=\"og:image:type\" content=\"image\/jpeg\" \/>\n<meta name=\"author\" content=\"La R\u00e9daction\" \/>\n<meta name=\"twitter:card\" content=\"summary_large_image\" \/>\n<meta name=\"twitter:label1\" content=\"\u00c9crit par\" \/>\n\t<meta name=\"twitter:data1\" content=\"La R\u00e9daction\" \/>\n\t<meta name=\"twitter:label2\" content=\"Dur\u00e9e de lecture estim\u00e9e\" \/>\n\t<meta name=\"twitter:data2\" content=\"3 minutes\" \/>\n<script type=\"application\/ld+json\" class=\"yoast-schema-graph\">{\"@context\":\"https:\/\/schema.org\",\"@graph\":[{\"@type\":\"Article\",\"@id\":\"https:\/\/mediatopnews.tg\/?p=14878#article\",\"isPartOf\":{\"@id\":\"https:\/\/mediatopnews.tg\/?p=14878\"},\"author\":{\"name\":\"La R\u00e9daction\",\"@id\":\"https:\/\/mediatopnews.tg\/#\/schema\/person\/5264fbaa15cdbc3bbc592caa5cb4bac6\"},\"headline\":\"KOZAH\/ TOURNEE D\u2019ECHANGE DE L\u2019AMBASSADEUR DU FESTIVAL DE L\u2019INDEPENDANCE AVEC LES ARTISTES\",\"datePublished\":\"2026-04-28T06:19:15+00:00\",\"dateModified\":\"2026-04-28T06:19:16+00:00\",\"mainEntityOfPage\":{\"@id\":\"https:\/\/mediatopnews.tg\/?p=14878\"},\"wordCount\":478,\"commentCount\":0,\"publisher\":{\"@id\":\"https:\/\/mediatopnews.tg\/#organization\"},\"image\":{\"@id\":\"https:\/\/mediatopnews.tg\/?p=14878#primaryimage\"},\"thumbnailUrl\":\"https:\/\/mediatopnews.tg\/wp-content\/uploads\/2026\/04\/TOF-KARA-FEST.jpeg\",\"articleSection\":[\"SOCIETE\"],\"inLanguage\":\"fr-FR\",\"potentialAction\":[{\"@type\":\"CommentAction\",\"name\":\"Comment\",\"target\":[\"https:\/\/mediatopnews.tg\/?p=14878#respond\"]}]},{\"@type\":\"WebPage\",\"@id\":\"https:\/\/mediatopnews.tg\/?p=14878\",\"url\":\"https:\/\/mediatopnews.tg\/?p=14878\",\"name\":\"KOZAH\/ TOURNEE D\u2019ECHANGE DE L\u2019AMBASSADEUR DU FESTIVAL DE L\u2019INDEPENDANCE AVEC LES ARTISTES - R\u00e9c\u00e9piss\u00e9 N\u00b00026\/12-2020\/pl\/P\",\"isPartOf\":{\"@id\":\"https:\/\/mediatopnews.tg\/#website\"},\"primaryImageOfPage\":{\"@id\":\"https:\/\/mediatopnews.tg\/?p=14878#primaryimage\"},\"image\":{\"@id\":\"https:\/\/mediatopnews.tg\/?p=14878#primaryimage\"},\"thumbnailUrl\":\"https:\/\/mediatopnews.tg\/wp-content\/uploads\/2026\/04\/TOF-KARA-FEST.jpeg\",\"datePublished\":\"2026-04-28T06:19:15+00:00\",\"dateModified\":\"2026-04-28T06:19:16+00:00\",\"breadcrumb\":{\"@id\":\"https:\/\/mediatopnews.tg\/?p=14878#breadcrumb\"},\"inLanguage\":\"fr-FR\",\"potentialAction\":[{\"@type\":\"ReadAction\",\"target\":[\"https:\/\/mediatopnews.tg\/?p=14878\"]}]},{\"@type\":\"ImageObject\",\"inLanguage\":\"fr-FR\",\"@id\":\"https:\/\/mediatopnews.tg\/?p=14878#primaryimage\",\"url\":\"https:\/\/mediatopnews.tg\/wp-content\/uploads\/2026\/04\/TOF-KARA-FEST.jpeg\",\"contentUrl\":\"https:\/\/mediatopnews.tg\/wp-content\/uploads\/2026\/04\/TOF-KARA-FEST.jpeg\",\"width\":1280,\"height\":853},{\"@type\":\"BreadcrumbList\",\"@id\":\"https:\/\/mediatopnews.tg\/?p=14878#breadcrumb\",\"itemListElement\":[{\"@type\":\"ListItem\",\"position\":1,\"name\":\"Accueil\",\"item\":\"https:\/\/mediatopnews.tg\/\"},{\"@type\":\"ListItem\",\"position\":2,\"name\":\"KOZAH\/ TOURNEE D\u2019ECHANGE DE L\u2019AMBASSADEUR DU FESTIVAL DE L\u2019INDEPENDANCE AVEC LES ARTISTES\"}]},{\"@type\":\"WebSite\",\"@id\":\"https:\/\/mediatopnews.tg\/#website\",\"url\":\"https:\/\/mediatopnews.tg\/\",\"name\":\"R\u00e9c\u00e9piss\u00e9 N\u00b00026\/12-2020\/pl\/P\",\"description\":\"La toile de l&#039;information\",\"publisher\":{\"@id\":\"https:\/\/mediatopnews.tg\/#organization\"},\"potentialAction\":[{\"@type\":\"SearchAction\",\"target\":{\"@type\":\"EntryPoint\",\"urlTemplate\":\"https:\/\/mediatopnews.tg\/?s={search_term_string}\"},\"query-input\":{\"@type\":\"PropertyValueSpecification\",\"valueRequired\":true,\"valueName\":\"search_term_string\"}}],\"inLanguage\":\"fr-FR\"},{\"@type\":\"Organization\",\"@id\":\"https:\/\/mediatopnews.tg\/#organization\",\"name\":\"R\u00e9c\u00e9piss\u00e9 N\u00b00026\/12-2020\/pl\/P\",\"url\":\"https:\/\/mediatopnews.tg\/\",\"logo\":{\"@type\":\"ImageObject\",\"inLanguage\":\"fr-FR\",\"@id\":\"https:\/\/mediatopnews.tg\/#\/schema\/logo\/image\/\",\"url\":\"https:\/\/mediatopnews.tg\/wp-content\/uploads\/2023\/09\/cropped-cropped-WhatsApp-Image-2023-09-04-at-13.18.30-1-1.jpeg\",\"contentUrl\":\"https:\/\/mediatopnews.tg\/wp-content\/uploads\/2023\/09\/cropped-cropped-WhatsApp-Image-2023-09-04-at-13.18.30-1-1.jpeg\",\"width\":174,\"height\":147,\"caption\":\"R\u00e9c\u00e9piss\u00e9 N\u00b00026\/12-2020\/pl\/P\"},\"image\":{\"@id\":\"https:\/\/mediatopnews.tg\/#\/schema\/logo\/image\/\"}},{\"@type\":\"Person\",\"@id\":\"https:\/\/mediatopnews.tg\/#\/schema\/person\/5264fbaa15cdbc3bbc592caa5cb4bac6\",\"name\":\"La R\u00e9daction\",\"image\":{\"@type\":\"ImageObject\",\"inLanguage\":\"fr-FR\",\"@id\":\"https:\/\/mediatopnews.tg\/#\/schema\/person\/image\/\",\"url\":\"https:\/\/secure.gravatar.com\/avatar\/02c45ef53e124da0300332101a595f5186b781ff193f1243a768c52e15756dcc?s=96&d=mm&r=g\",\"contentUrl\":\"https:\/\/secure.gravatar.com\/avatar\/02c45ef53e124da0300332101a595f5186b781ff193f1243a768c52e15756dcc?s=96&d=mm&r=g\",\"caption\":\"La R\u00e9daction\"},\"url\":\"https:\/\/mediatopnews.tg\/?author=2\"}]}<\/script>\n<!-- \/ Yoast SEO plugin. -->","yoast_head_json":{"title":"KOZAH\/ TOURNEE D\u2019ECHANGE DE L\u2019AMBASSADEUR DU FESTIVAL DE L\u2019INDEPENDANCE AVEC LES ARTISTES - R\u00e9c\u00e9piss\u00e9 N\u00b00026\/12-2020\/pl\/P","robots":{"index":"index","follow":"follow","max-snippet":"max-snippet:-1","max-image-preview":"max-image-preview:large","max-video-preview":"max-video-preview:-1"},"canonical":"https:\/\/mediatopnews.tg\/?p=14878","og_locale":"fr_FR","og_type":"article","og_title":"KOZAH\/ TOURNEE D\u2019ECHANGE DE L\u2019AMBASSADEUR DU FESTIVAL DE L\u2019INDEPENDANCE AVEC LES ARTISTES - R\u00e9c\u00e9piss\u00e9 N\u00b00026\/12-2020\/pl\/P","og_description":"L\u2019artiste compositeur et chanteur Santrinos Raphael a \u00e9chang\u00e9 avec certains artistes chanteurs et compositeurs de la r\u00e9gion de la Kara lors d\u2019un master class le dimanche 26 avril \u00e0 Kara. Cette rencontre est une initiative de l\u2019artiste lui-m\u00eame visant \u00e0 se rapprocher de ses confr\u00e8res du septentrion pour discuter par rapport aux d\u00e9fis li\u00e9s \u00e0 [&hellip;]","og_url":"https:\/\/mediatopnews.tg\/?p=14878","og_site_name":"R\u00e9c\u00e9piss\u00e9 N\u00b00026\/12-2020\/pl\/P","article_published_time":"2026-04-28T06:19:15+00:00","article_modified_time":"2026-04-28T06:19:16+00:00","og_image":[{"width":1280,"height":853,"url":"https:\/\/mediatopnews.tg\/wp-content\/uploads\/2026\/04\/TOF-KARA-FEST.jpeg","type":"image\/jpeg"}],"author":"La R\u00e9daction","twitter_card":"summary_large_image","twitter_misc":{"\u00c9crit par":"La R\u00e9daction","Dur\u00e9e de lecture estim\u00e9e":"3 minutes"},"schema":{"@context":"https:\/\/schema.org","@graph":[{"@type":"Article","@id":"https:\/\/mediatopnews.tg\/?p=14878#article","isPartOf":{"@id":"https:\/\/mediatopnews.tg\/?p=14878"},"author":{"name":"La R\u00e9daction","@id":"https:\/\/mediatopnews.tg\/#\/schema\/person\/5264fbaa15cdbc3bbc592caa5cb4bac6"},"headline":"KOZAH\/ TOURNEE D\u2019ECHANGE DE L\u2019AMBASSADEUR DU FESTIVAL DE L\u2019INDEPENDANCE AVEC LES ARTISTES","datePublished":"2026-04-28T06:19:15+00:00","dateModified":"2026-04-28T06:19:16+00:00","mainEntityOfPage":{"@id":"https:\/\/mediatopnews.tg\/?p=14878"},"wordCount":478,"commentCount":0,"publisher":{"@id":"https:\/\/mediatopnews.tg\/#organization"},"image":{"@id":"https:\/\/mediatopnews.tg\/?p=14878#primaryimage"},"thumbnailUrl":"https:\/\/mediatopnews.tg\/wp-content\/uploads\/2026\/04\/TOF-KARA-FEST.jpeg","articleSection":["SOCIETE"],"inLanguage":"fr-FR","potentialAction":[{"@type":"CommentAction","name":"Comment","target":["https:\/\/mediatopnews.tg\/?p=14878#respond"]}]},{"@type":"WebPage","@id":"https:\/\/mediatopnews.tg\/?p=14878","url":"https:\/\/mediatopnews.tg\/?p=14878","name":"KOZAH\/ TOURNEE D\u2019ECHANGE DE L\u2019AMBASSADEUR DU FESTIVAL DE L\u2019INDEPENDANCE AVEC LES ARTISTES - R\u00e9c\u00e9piss\u00e9 N\u00b00026\/12-2020\/pl\/P","isPartOf":{"@id":"https:\/\/mediatopnews.tg\/#website"},"primaryImageOfPage":{"@id":"https:\/\/mediatopnews.tg\/?p=14878#primaryimage"},"image":{"@id":"https:\/\/mediatopnews.tg\/?p=14878#primaryimage"},"thumbnailUrl":"https:\/\/mediatopnews.tg\/wp-content\/uploads\/2026\/04\/TOF-KARA-FEST.jpeg","datePublished":"2026-04-28T06:19:15+00:00","dateModified":"2026-04-28T06:19:16+00:00","breadcrumb":{"@id":"https:\/\/mediatopnews.tg\/?p=14878#breadcrumb"},"inLanguage":"fr-FR","potentialAction":[{"@type":"ReadAction","target":["https:\/\/mediatopnews.tg\/?p=14878"]}]},{"@type":"ImageObject","inLanguage":"fr-FR","@id":"https:\/\/mediatopnews.tg\/?p=14878#primaryimage","url":"https:\/\/mediatopnews.tg\/wp-content\/uploads\/2026\/04\/TOF-KARA-FEST.jpeg","contentUrl":"https:\/\/mediatopnews.tg\/wp-content\/uploads\/2026\/04\/TOF-KARA-FEST.jpeg","width":1280,"height":853},{"@type":"BreadcrumbList","@id":"https:\/\/mediatopnews.tg\/?p=14878#breadcrumb","itemListElement":[{"@type":"ListItem","position":1,"name":"Accueil","item":"https:\/\/mediatopnews.tg\/"},{"@type":"ListItem","position":2,"name":"KOZAH\/ TOURNEE D\u2019ECHANGE DE L\u2019AMBASSADEUR DU FESTIVAL DE L\u2019INDEPENDANCE AVEC LES ARTISTES"}]},{"@type":"WebSite","@id":"https:\/\/mediatopnews.tg\/#website","url":"https:\/\/mediatopnews.tg\/","name":"R\u00e9c\u00e9piss\u00e9 N\u00b00026\/12-2020\/pl\/P","description":"La toile de l&#039;information","publisher":{"@id":"https:\/\/mediatopnews.tg\/#organization"},"potentialAction":[{"@type":"SearchAction","target":{"@type":"EntryPoint","urlTemplate":"https:\/\/mediatopnews.tg\/?s={search_term_string}"},"query-input":{"@type":"PropertyValueSpecification","valueRequired":true,"valueName":"search_term_string"}}],"inLanguage":"fr-FR"},{"@type":"Organization","@id":"https:\/\/mediatopnews.tg\/#organization","name":"R\u00e9c\u00e9piss\u00e9 N\u00b00026\/12-2020\/pl\/P","url":"https:\/\/mediatopnews.tg\/","logo":{"@type":"ImageObject","inLanguage":"fr-FR","@id":"https:\/\/mediatopnews.tg\/#\/schema\/logo\/image\/","url":"https:\/\/mediatopnews.tg\/wp-content\/uploads\/2023\/09\/cropped-cropped-WhatsApp-Image-2023-09-04-at-13.18.30-1-1.jpeg","contentUrl":"https:\/\/mediatopnews.tg\/wp-content\/uploads\/2023\/09\/cropped-cropped-WhatsApp-Image-2023-09-04-at-13.18.30-1-1.jpeg","width":174,"height":147,"caption":"R\u00e9c\u00e9piss\u00e9 N\u00b00026\/12-2020\/pl\/P"},"image":{"@id":"https:\/\/mediatopnews.tg\/#\/schema\/logo\/image\/"}},{"@type":"Person","@id":"https:\/\/mediatopnews.tg\/#\/schema\/person\/5264fbaa15cdbc3bbc592caa5cb4bac6","name":"La R\u00e9daction","image":{"@type":"ImageObject","inLanguage":"fr-FR","@id":"https:\/\/mediatopnews.tg\/#\/schema\/person\/image\/","url":"https:\/\/secure.gravatar.com\/avatar\/02c45ef53e124da0300332101a595f5186b781ff193f1243a768c52e15756dcc?s=96&d=mm&r=g","contentUrl":"https:\/\/secure.gravatar.com\/avatar\/02c45ef53e124da0300332101a595f5186b781ff193f1243a768c52e15756dcc?s=96&d=mm&r=g","caption":"La R\u00e9daction"},"url":"https:\/\/mediatopnews.tg\/?author=2"}]}},"_links":{"self":[{"href":"https:\/\/mediatopnews.tg\/index.php?rest_route=\/wp\/v2\/posts\/14878","targetHints":{"allow":["GET"]}}],"collection":[{"href":"https:\/\/mediatopnews.tg\/index.php?rest_route=\/wp\/v2\/posts"}],"about":[{"href":"https:\/\/mediatopnews.tg\/index.php?rest_route=\/wp\/v2\/types\/post"}],"author":[{"embeddable":true,"href":"https:\/\/mediatopnews.tg\/index.php?rest_route=\/wp\/v2\/users\/2"}],"replies":[{"embeddable":true,"href":"https:\/\/mediatopnews.tg\/index.php?rest_route=%2Fwp%2Fv2%2Fcomments&post=14878"}],"version-history":[{"count":1,"href":"https:\/\/mediatopnews.tg\/index.php?rest_route=\/wp\/v2\/posts\/14878\/revisions"}],"predecessor-version":[{"id":14881,"href":"https:\/\/mediatopnews.tg\/index.php?rest_route=\/wp\/v2\/posts\/14878\/revisions\/14881"}],"wp:featuredmedia":[{"embeddable":true,"href":"https:\/\/mediatopnews.tg\/index.php?rest_route=\/wp\/v2\/media\/14879"}],"wp:attachment":[{"href":"https:\/\/mediatopnews.tg\/index.php?rest_route=%2Fwp%2Fv2%2Fmedia&parent=14878"}],"wp:term":[{"taxonomy":"category","embeddable":true,"href":"https:\/\/mediatopnews.tg\/index.php?rest_route=%2Fwp%2Fv2%2Fcategories&post=14878"},{"taxonomy":"post_tag","embeddable":true,"href":"https:\/\/mediatopnews.tg\/index.php?rest_route=%2Fwp%2Fv2%2Ftags&post=14878"}],"curies":[{"name":"wp","href":"https:\/\/api.w.org\/{rel}","templated":true}]}}