{"id":14882,"date":"2026-04-28T06:24:23","date_gmt":"2026-04-28T06:24:23","guid":{"rendered":"https:\/\/mediatopnews.tg\/?p=14882"},"modified":"2026-04-28T06:24:24","modified_gmt":"2026-04-28T06:24:24","slug":"accession-du-togo-a-la-souverainete-internationale-larmee-reaffirme-son-engagement-a-la-protection-et-a-la-stabilite-du-pays","status":"publish","type":"post","link":"https:\/\/mediatopnews.tg\/?p=14882","title":{"rendered":"Accession du Togo \u00e0 la souverainet\u00e9 internationale : L\u2019Arm\u00e9e r\u00e9affirme son engagement \u00e0 la protection et \u00e0 la stabilit\u00e9 du pays"},"content":{"rendered":"\n<p><\/p>\n\n\n\n<p><strong>Le peuple togolais a c\u00e9l\u00e9br\u00e9, le lundi 27 avril sur l\u2019ensemble du territoire national, les 66 ans d\u2019ind\u00e9pendance de son pays. L\u2019arm\u00e9e, en tenue de parade, a r\u00e9affirm\u00e9 son r\u00f4le dans la protection et la stabilit\u00e9 du Togo.<\/strong><\/p>\n\n\n\n<p>Dans un d\u00e9cor r\u00e9publicain orchestr\u00e9, la parade a permis aux Forces arm\u00e9es togolaises (FAT) de d\u00e9montrer leurs capacit\u00e9s op\u00e9rationnelles \u00e0 travers des d\u00e9fil\u00e9s p\u00e9destres, motoris\u00e9s et a\u00e9riens. Elle a mis en exergue une arm\u00e9e modernis\u00e9e et courageuse, dot\u00e9e de nouveaux \u00e9quipements pour la d\u00e9fense du pays.<\/p>\n\n\n\n<figure class=\"wp-block-image size-full\"><img loading=\"lazy\" decoding=\"async\" width=\"740\" height=\"298\" src=\"https:\/\/mediatopnews.tg\/wp-content\/uploads\/2026\/04\/TOF-COMBAT.png\" alt=\"\" class=\"wp-image-14883\" srcset=\"https:\/\/mediatopnews.tg\/wp-content\/uploads\/2026\/04\/TOF-COMBAT.png 740w, https:\/\/mediatopnews.tg\/wp-content\/uploads\/2026\/04\/TOF-COMBAT-300x121.png 300w\" sizes=\"auto, (max-width: 740px) 100vw, 740px\" \/><\/figure>\n\n\n\n<p>La mont\u00e9e en puissance des unit\u00e9s togolaises s\u2019inscrit dans une vision strat\u00e9gique ax\u00e9e sur la modernisation des FAT, afin de r\u00e9pondre efficacement aux menaces s\u00e9curitaires contemporaines. Cette approche repose sur un triptyque : le renforcement de la r\u00e9ponse militaire, la mise en \u0153uvre des actions de d\u00e9veloppement au profit des populations vuln\u00e9rables, et le raffermissement du lien arm\u00e9e-nation, fond\u00e9 sur la coh\u00e9sion sociale et l\u2019unit\u00e9 nationale.<\/p>\n\n\n\n<p>Dans ce contexte, l\u2019ann\u00e9e 2026 est marqu\u00e9e par la poursuite du devoir de m\u00e9moire engag\u00e9 depuis 2025, en hommage \u00e0 feu G\u00e9n\u00e9ral Gnassingb\u00e9 Eyad\u00e9ma, p\u00e8re de la nation et b\u00e2tisseur des FAT, disparu il y a vingt un ans et l\u2019engagement qui guident ses missions.<\/p>\n\n\n\n<p>A travers ce d\u00e9fil\u00e9 militaire, les Forces de d\u00e9fense et de s\u00e9curit\u00e9 marquent ainsi leur attachement \u00e0 la d\u00e9mocratie, au renforcement des relations entre l\u2019arm\u00e9e et la nation, ainsi que leur adh\u00e9sion \u00e0 la vision du Pr\u00e9sident du Conseil.<\/p>\n\n\n\n<p>Les festivit\u00e9s se sont d\u00e9roul\u00e9es sous le th\u00e8me \u00ab&nbsp;Hospitalit\u00e9 et m\u00e9diation au service d\u2019une diplomatie active pour la paix, la s\u00e9curit\u00e9 et le progr\u00e8s socio-\u00e9conomique des nations&nbsp;\u00bb. Selon le gouvernement, ce th\u00e8me met en lumi\u00e8re, l\u2019essence m\u00eame de la nation togolaise : une terre d\u2019hospitalit\u00e9, de dialogue et de m\u00e9diation. Fid\u00e8le \u00e0 ses traditions de paix et d\u2019ouverture, le Togo s\u2019affirme aujourd\u2019hui comme un acteur majeur d\u2019une diplomatie proactive, engag\u00e9e pour la stabilit\u00e9 r\u00e9gionale, la s\u00e9curit\u00e9 collective et le d\u00e9veloppement harmonieux des nations.<\/p>\n\n\n\n<p><\/p>\n","protected":false},"excerpt":{"rendered":"<p>Le peuple togolais a c\u00e9l\u00e9br\u00e9, le lundi 27 avril sur l\u2019ensemble du territoire national, les 66 ans d\u2019ind\u00e9pendance de son pays. L\u2019arm\u00e9e, en tenue de parade, a r\u00e9affirm\u00e9 son r\u00f4le dans la protection et la stabilit\u00e9 du Togo. Dans un d\u00e9cor r\u00e9publicain orchestr\u00e9, la parade a permis aux Forces arm\u00e9es togolaises (FAT) de d\u00e9montrer leurs [&hellip;]<\/p>\n","protected":false},"author":2,"featured_media":14883,"comment_status":"open","ping_status":"closed","sticky":false,"template":"","format":"standard","meta":{"footnotes":""},"categories":[1],"tags":[],"class_list":["post-14882","post","type-post","status-publish","format-standard","has-post-thumbnail","hentry","category-politique"],"yoast_head":"<!-- This site is optimized with the Yoast SEO plugin v26.5 - https:\/\/yoast.com\/wordpress\/plugins\/seo\/ -->\n<title>Accession du Togo \u00e0 la souverainet\u00e9 internationale : L\u2019Arm\u00e9e r\u00e9affirme son engagement \u00e0 la protection et \u00e0 la stabilit\u00e9 du pays - R\u00e9c\u00e9piss\u00e9 N\u00b00026\/12-2020\/pl\/P<\/title>\n<meta name=\"robots\" content=\"index, follow, max-snippet:-1, max-image-preview:large, max-video-preview:-1\" \/>\n<link rel=\"canonical\" href=\"https:\/\/mediatopnews.tg\/?p=14882\" \/>\n<meta property=\"og:locale\" content=\"fr_FR\" \/>\n<meta property=\"og:type\" content=\"article\" \/>\n<meta property=\"og:title\" content=\"Accession du Togo \u00e0 la souverainet\u00e9 internationale : L\u2019Arm\u00e9e r\u00e9affirme son engagement \u00e0 la protection et \u00e0 la stabilit\u00e9 du pays - R\u00e9c\u00e9piss\u00e9 N\u00b00026\/12-2020\/pl\/P\" \/>\n<meta property=\"og:description\" content=\"Le peuple togolais a c\u00e9l\u00e9br\u00e9, le lundi 27 avril sur l\u2019ensemble du territoire national, les 66 ans d\u2019ind\u00e9pendance de son pays. L\u2019arm\u00e9e, en tenue de parade, a r\u00e9affirm\u00e9 son r\u00f4le dans la protection et la stabilit\u00e9 du Togo. Dans un d\u00e9cor r\u00e9publicain orchestr\u00e9, la parade a permis aux Forces arm\u00e9es togolaises (FAT) de d\u00e9montrer leurs [&hellip;]\" \/>\n<meta property=\"og:url\" content=\"https:\/\/mediatopnews.tg\/?p=14882\" \/>\n<meta property=\"og:site_name\" content=\"R\u00e9c\u00e9piss\u00e9 N\u00b00026\/12-2020\/pl\/P\" \/>\n<meta property=\"article:published_time\" content=\"2026-04-28T06:24:23+00:00\" \/>\n<meta property=\"article:modified_time\" content=\"2026-04-28T06:24:24+00:00\" \/>\n<meta property=\"og:image\" content=\"https:\/\/mediatopnews.tg\/wp-content\/uploads\/2026\/04\/TOF-COMBAT.png\" \/>\n\t<meta property=\"og:image:width\" content=\"740\" \/>\n\t<meta property=\"og:image:height\" content=\"298\" \/>\n\t<meta property=\"og:image:type\" content=\"image\/png\" \/>\n<meta name=\"author\" content=\"La R\u00e9daction\" \/>\n<meta name=\"twitter:card\" content=\"summary_large_image\" \/>\n<meta name=\"twitter:label1\" content=\"\u00c9crit par\" \/>\n\t<meta name=\"twitter:data1\" content=\"La R\u00e9daction\" \/>\n\t<meta name=\"twitter:label2\" content=\"Dur\u00e9e de lecture estim\u00e9e\" \/>\n\t<meta name=\"twitter:data2\" content=\"3 minutes\" \/>\n<script type=\"application\/ld+json\" class=\"yoast-schema-graph\">{\"@context\":\"https:\/\/schema.org\",\"@graph\":[{\"@type\":\"Article\",\"@id\":\"https:\/\/mediatopnews.tg\/?p=14882#article\",\"isPartOf\":{\"@id\":\"https:\/\/mediatopnews.tg\/?p=14882\"},\"author\":{\"name\":\"La R\u00e9daction\",\"@id\":\"https:\/\/mediatopnews.tg\/#\/schema\/person\/5264fbaa15cdbc3bbc592caa5cb4bac6\"},\"headline\":\"Accession du Togo \u00e0 la souverainet\u00e9 internationale : L\u2019Arm\u00e9e r\u00e9affirme son engagement \u00e0 la protection et \u00e0 la stabilit\u00e9 du pays\",\"datePublished\":\"2026-04-28T06:24:23+00:00\",\"dateModified\":\"2026-04-28T06:24:24+00:00\",\"mainEntityOfPage\":{\"@id\":\"https:\/\/mediatopnews.tg\/?p=14882\"},\"wordCount\":407,\"commentCount\":0,\"publisher\":{\"@id\":\"https:\/\/mediatopnews.tg\/#organization\"},\"image\":{\"@id\":\"https:\/\/mediatopnews.tg\/?p=14882#primaryimage\"},\"thumbnailUrl\":\"https:\/\/mediatopnews.tg\/wp-content\/uploads\/2026\/04\/TOF-COMBAT.png\",\"articleSection\":[\"POLITIQUE\"],\"inLanguage\":\"fr-FR\",\"potentialAction\":[{\"@type\":\"CommentAction\",\"name\":\"Comment\",\"target\":[\"https:\/\/mediatopnews.tg\/?p=14882#respond\"]}]},{\"@type\":\"WebPage\",\"@id\":\"https:\/\/mediatopnews.tg\/?p=14882\",\"url\":\"https:\/\/mediatopnews.tg\/?p=14882\",\"name\":\"Accession du Togo \u00e0 la souverainet\u00e9 internationale : L\u2019Arm\u00e9e r\u00e9affirme son engagement \u00e0 la protection et \u00e0 la stabilit\u00e9 du pays - R\u00e9c\u00e9piss\u00e9 N\u00b00026\/12-2020\/pl\/P\",\"isPartOf\":{\"@id\":\"https:\/\/mediatopnews.tg\/#website\"},\"primaryImageOfPage\":{\"@id\":\"https:\/\/mediatopnews.tg\/?p=14882#primaryimage\"},\"image\":{\"@id\":\"https:\/\/mediatopnews.tg\/?p=14882#primaryimage\"},\"thumbnailUrl\":\"https:\/\/mediatopnews.tg\/wp-content\/uploads\/2026\/04\/TOF-COMBAT.png\",\"datePublished\":\"2026-04-28T06:24:23+00:00\",\"dateModified\":\"2026-04-28T06:24:24+00:00\",\"breadcrumb\":{\"@id\":\"https:\/\/mediatopnews.tg\/?p=14882#breadcrumb\"},\"inLanguage\":\"fr-FR\",\"potentialAction\":[{\"@type\":\"ReadAction\",\"target\":[\"https:\/\/mediatopnews.tg\/?p=14882\"]}]},{\"@type\":\"ImageObject\",\"inLanguage\":\"fr-FR\",\"@id\":\"https:\/\/mediatopnews.tg\/?p=14882#primaryimage\",\"url\":\"https:\/\/mediatopnews.tg\/wp-content\/uploads\/2026\/04\/TOF-COMBAT.png\",\"contentUrl\":\"https:\/\/mediatopnews.tg\/wp-content\/uploads\/2026\/04\/TOF-COMBAT.png\",\"width\":740,\"height\":298},{\"@type\":\"BreadcrumbList\",\"@id\":\"https:\/\/mediatopnews.tg\/?p=14882#breadcrumb\",\"itemListElement\":[{\"@type\":\"ListItem\",\"position\":1,\"name\":\"Accueil\",\"item\":\"https:\/\/mediatopnews.tg\/\"},{\"@type\":\"ListItem\",\"position\":2,\"name\":\"Accession du Togo \u00e0 la souverainet\u00e9 internationale : L\u2019Arm\u00e9e r\u00e9affirme son engagement \u00e0 la protection et \u00e0 la stabilit\u00e9 du pays\"}]},{\"@type\":\"WebSite\",\"@id\":\"https:\/\/mediatopnews.tg\/#website\",\"url\":\"https:\/\/mediatopnews.tg\/\",\"name\":\"R\u00e9c\u00e9piss\u00e9 N\u00b00026\/12-2020\/pl\/P\",\"description\":\"La toile de l&#039;information\",\"publisher\":{\"@id\":\"https:\/\/mediatopnews.tg\/#organization\"},\"potentialAction\":[{\"@type\":\"SearchAction\",\"target\":{\"@type\":\"EntryPoint\",\"urlTemplate\":\"https:\/\/mediatopnews.tg\/?s={search_term_string}\"},\"query-input\":{\"@type\":\"PropertyValueSpecification\",\"valueRequired\":true,\"valueName\":\"search_term_string\"}}],\"inLanguage\":\"fr-FR\"},{\"@type\":\"Organization\",\"@id\":\"https:\/\/mediatopnews.tg\/#organization\",\"name\":\"R\u00e9c\u00e9piss\u00e9 N\u00b00026\/12-2020\/pl\/P\",\"url\":\"https:\/\/mediatopnews.tg\/\",\"logo\":{\"@type\":\"ImageObject\",\"inLanguage\":\"fr-FR\",\"@id\":\"https:\/\/mediatopnews.tg\/#\/schema\/logo\/image\/\",\"url\":\"https:\/\/mediatopnews.tg\/wp-content\/uploads\/2023\/09\/cropped-cropped-WhatsApp-Image-2023-09-04-at-13.18.30-1-1.jpeg\",\"contentUrl\":\"https:\/\/mediatopnews.tg\/wp-content\/uploads\/2023\/09\/cropped-cropped-WhatsApp-Image-2023-09-04-at-13.18.30-1-1.jpeg\",\"width\":174,\"height\":147,\"caption\":\"R\u00e9c\u00e9piss\u00e9 N\u00b00026\/12-2020\/pl\/P\"},\"image\":{\"@id\":\"https:\/\/mediatopnews.tg\/#\/schema\/logo\/image\/\"}},{\"@type\":\"Person\",\"@id\":\"https:\/\/mediatopnews.tg\/#\/schema\/person\/5264fbaa15cdbc3bbc592caa5cb4bac6\",\"name\":\"La R\u00e9daction\",\"image\":{\"@type\":\"ImageObject\",\"inLanguage\":\"fr-FR\",\"@id\":\"https:\/\/mediatopnews.tg\/#\/schema\/person\/image\/\",\"url\":\"https:\/\/secure.gravatar.com\/avatar\/02c45ef53e124da0300332101a595f5186b781ff193f1243a768c52e15756dcc?s=96&d=mm&r=g\",\"contentUrl\":\"https:\/\/secure.gravatar.com\/avatar\/02c45ef53e124da0300332101a595f5186b781ff193f1243a768c52e15756dcc?s=96&d=mm&r=g\",\"caption\":\"La R\u00e9daction\"},\"url\":\"https:\/\/mediatopnews.tg\/?author=2\"}]}<\/script>\n<!-- \/ Yoast SEO plugin. -->","yoast_head_json":{"title":"Accession du Togo \u00e0 la souverainet\u00e9 internationale : L\u2019Arm\u00e9e r\u00e9affirme son engagement \u00e0 la protection et \u00e0 la stabilit\u00e9 du pays - R\u00e9c\u00e9piss\u00e9 N\u00b00026\/12-2020\/pl\/P","robots":{"index":"index","follow":"follow","max-snippet":"max-snippet:-1","max-image-preview":"max-image-preview:large","max-video-preview":"max-video-preview:-1"},"canonical":"https:\/\/mediatopnews.tg\/?p=14882","og_locale":"fr_FR","og_type":"article","og_title":"Accession du Togo \u00e0 la souverainet\u00e9 internationale : L\u2019Arm\u00e9e r\u00e9affirme son engagement \u00e0 la protection et \u00e0 la stabilit\u00e9 du pays - R\u00e9c\u00e9piss\u00e9 N\u00b00026\/12-2020\/pl\/P","og_description":"Le peuple togolais a c\u00e9l\u00e9br\u00e9, le lundi 27 avril sur l\u2019ensemble du territoire national, les 66 ans d\u2019ind\u00e9pendance de son pays. L\u2019arm\u00e9e, en tenue de parade, a r\u00e9affirm\u00e9 son r\u00f4le dans la protection et la stabilit\u00e9 du Togo. Dans un d\u00e9cor r\u00e9publicain orchestr\u00e9, la parade a permis aux Forces arm\u00e9es togolaises (FAT) de d\u00e9montrer leurs [&hellip;]","og_url":"https:\/\/mediatopnews.tg\/?p=14882","og_site_name":"R\u00e9c\u00e9piss\u00e9 N\u00b00026\/12-2020\/pl\/P","article_published_time":"2026-04-28T06:24:23+00:00","article_modified_time":"2026-04-28T06:24:24+00:00","og_image":[{"width":740,"height":298,"url":"https:\/\/mediatopnews.tg\/wp-content\/uploads\/2026\/04\/TOF-COMBAT.png","type":"image\/png"}],"author":"La R\u00e9daction","twitter_card":"summary_large_image","twitter_misc":{"\u00c9crit par":"La R\u00e9daction","Dur\u00e9e de lecture estim\u00e9e":"3 minutes"},"schema":{"@context":"https:\/\/schema.org","@graph":[{"@type":"Article","@id":"https:\/\/mediatopnews.tg\/?p=14882#article","isPartOf":{"@id":"https:\/\/mediatopnews.tg\/?p=14882"},"author":{"name":"La R\u00e9daction","@id":"https:\/\/mediatopnews.tg\/#\/schema\/person\/5264fbaa15cdbc3bbc592caa5cb4bac6"},"headline":"Accession du Togo \u00e0 la souverainet\u00e9 internationale : L\u2019Arm\u00e9e r\u00e9affirme son engagement \u00e0 la protection et \u00e0 la stabilit\u00e9 du pays","datePublished":"2026-04-28T06:24:23+00:00","dateModified":"2026-04-28T06:24:24+00:00","mainEntityOfPage":{"@id":"https:\/\/mediatopnews.tg\/?p=14882"},"wordCount":407,"commentCount":0,"publisher":{"@id":"https:\/\/mediatopnews.tg\/#organization"},"image":{"@id":"https:\/\/mediatopnews.tg\/?p=14882#primaryimage"},"thumbnailUrl":"https:\/\/mediatopnews.tg\/wp-content\/uploads\/2026\/04\/TOF-COMBAT.png","articleSection":["POLITIQUE"],"inLanguage":"fr-FR","potentialAction":[{"@type":"CommentAction","name":"Comment","target":["https:\/\/mediatopnews.tg\/?p=14882#respond"]}]},{"@type":"WebPage","@id":"https:\/\/mediatopnews.tg\/?p=14882","url":"https:\/\/mediatopnews.tg\/?p=14882","name":"Accession du Togo \u00e0 la souverainet\u00e9 internationale : L\u2019Arm\u00e9e r\u00e9affirme son engagement \u00e0 la protection et \u00e0 la stabilit\u00e9 du pays - R\u00e9c\u00e9piss\u00e9 N\u00b00026\/12-2020\/pl\/P","isPartOf":{"@id":"https:\/\/mediatopnews.tg\/#website"},"primaryImageOfPage":{"@id":"https:\/\/mediatopnews.tg\/?p=14882#primaryimage"},"image":{"@id":"https:\/\/mediatopnews.tg\/?p=14882#primaryimage"},"thumbnailUrl":"https:\/\/mediatopnews.tg\/wp-content\/uploads\/2026\/04\/TOF-COMBAT.png","datePublished":"2026-04-28T06:24:23+00:00","dateModified":"2026-04-28T06:24:24+00:00","breadcrumb":{"@id":"https:\/\/mediatopnews.tg\/?p=14882#breadcrumb"},"inLanguage":"fr-FR","potentialAction":[{"@type":"ReadAction","target":["https:\/\/mediatopnews.tg\/?p=14882"]}]},{"@type":"ImageObject","inLanguage":"fr-FR","@id":"https:\/\/mediatopnews.tg\/?p=14882#primaryimage","url":"https:\/\/mediatopnews.tg\/wp-content\/uploads\/2026\/04\/TOF-COMBAT.png","contentUrl":"https:\/\/mediatopnews.tg\/wp-content\/uploads\/2026\/04\/TOF-COMBAT.png","width":740,"height":298},{"@type":"BreadcrumbList","@id":"https:\/\/mediatopnews.tg\/?p=14882#breadcrumb","itemListElement":[{"@type":"ListItem","position":1,"name":"Accueil","item":"https:\/\/mediatopnews.tg\/"},{"@type":"ListItem","position":2,"name":"Accession du Togo \u00e0 la souverainet\u00e9 internationale : L\u2019Arm\u00e9e r\u00e9affirme son engagement \u00e0 la protection et \u00e0 la stabilit\u00e9 du pays"}]},{"@type":"WebSite","@id":"https:\/\/mediatopnews.tg\/#website","url":"https:\/\/mediatopnews.tg\/","name":"R\u00e9c\u00e9piss\u00e9 N\u00b00026\/12-2020\/pl\/P","description":"La toile de l&#039;information","publisher":{"@id":"https:\/\/mediatopnews.tg\/#organization"},"potentialAction":[{"@type":"SearchAction","target":{"@type":"EntryPoint","urlTemplate":"https:\/\/mediatopnews.tg\/?s={search_term_string}"},"query-input":{"@type":"PropertyValueSpecification","valueRequired":true,"valueName":"search_term_string"}}],"inLanguage":"fr-FR"},{"@type":"Organization","@id":"https:\/\/mediatopnews.tg\/#organization","name":"R\u00e9c\u00e9piss\u00e9 N\u00b00026\/12-2020\/pl\/P","url":"https:\/\/mediatopnews.tg\/","logo":{"@type":"ImageObject","inLanguage":"fr-FR","@id":"https:\/\/mediatopnews.tg\/#\/schema\/logo\/image\/","url":"https:\/\/mediatopnews.tg\/wp-content\/uploads\/2023\/09\/cropped-cropped-WhatsApp-Image-2023-09-04-at-13.18.30-1-1.jpeg","contentUrl":"https:\/\/mediatopnews.tg\/wp-content\/uploads\/2023\/09\/cropped-cropped-WhatsApp-Image-2023-09-04-at-13.18.30-1-1.jpeg","width":174,"height":147,"caption":"R\u00e9c\u00e9piss\u00e9 N\u00b00026\/12-2020\/pl\/P"},"image":{"@id":"https:\/\/mediatopnews.tg\/#\/schema\/logo\/image\/"}},{"@type":"Person","@id":"https:\/\/mediatopnews.tg\/#\/schema\/person\/5264fbaa15cdbc3bbc592caa5cb4bac6","name":"La R\u00e9daction","image":{"@type":"ImageObject","inLanguage":"fr-FR","@id":"https:\/\/mediatopnews.tg\/#\/schema\/person\/image\/","url":"https:\/\/secure.gravatar.com\/avatar\/02c45ef53e124da0300332101a595f5186b781ff193f1243a768c52e15756dcc?s=96&d=mm&r=g","contentUrl":"https:\/\/secure.gravatar.com\/avatar\/02c45ef53e124da0300332101a595f5186b781ff193f1243a768c52e15756dcc?s=96&d=mm&r=g","caption":"La R\u00e9daction"},"url":"https:\/\/mediatopnews.tg\/?author=2"}]}},"_links":{"self":[{"href":"https:\/\/mediatopnews.tg\/index.php?rest_route=\/wp\/v2\/posts\/14882","targetHints":{"allow":["GET"]}}],"collection":[{"href":"https:\/\/mediatopnews.tg\/index.php?rest_route=\/wp\/v2\/posts"}],"about":[{"href":"https:\/\/mediatopnews.tg\/index.php?rest_route=\/wp\/v2\/types\/post"}],"author":[{"embeddable":true,"href":"https:\/\/mediatopnews.tg\/index.php?rest_route=\/wp\/v2\/users\/2"}],"replies":[{"embeddable":true,"href":"https:\/\/mediatopnews.tg\/index.php?rest_route=%2Fwp%2Fv2%2Fcomments&post=14882"}],"version-history":[{"count":1,"href":"https:\/\/mediatopnews.tg\/index.php?rest_route=\/wp\/v2\/posts\/14882\/revisions"}],"predecessor-version":[{"id":14884,"href":"https:\/\/mediatopnews.tg\/index.php?rest_route=\/wp\/v2\/posts\/14882\/revisions\/14884"}],"wp:featuredmedia":[{"embeddable":true,"href":"https:\/\/mediatopnews.tg\/index.php?rest_route=\/wp\/v2\/media\/14883"}],"wp:attachment":[{"href":"https:\/\/mediatopnews.tg\/index.php?rest_route=%2Fwp%2Fv2%2Fmedia&parent=14882"}],"wp:term":[{"taxonomy":"category","embeddable":true,"href":"https:\/\/mediatopnews.tg\/index.php?rest_route=%2Fwp%2Fv2%2Fcategories&post=14882"},{"taxonomy":"post_tag","embeddable":true,"href":"https:\/\/mediatopnews.tg\/index.php?rest_route=%2Fwp%2Fv2%2Ftags&post=14882"}],"curies":[{"name":"wp","href":"https:\/\/api.w.org\/{rel}","templated":true}]}}