{"id":14885,"date":"2026-04-28T08:22:03","date_gmt":"2026-04-28T08:22:03","guid":{"rendered":"https:\/\/mediatopnews.tg\/?p=14885"},"modified":"2026-04-28T08:22:05","modified_gmt":"2026-04-28T08:22:05","slug":"66eme-anniversaire-de-lindependance-du-togo-et-responsabilite-collective-jose-amoussou-salue-la-vision-de-faure-gnassingbe-et-appelle-la-jeunesse-a-sen-approprier","status":"publish","type":"post","link":"https:\/\/mediatopnews.tg\/?p=14885","title":{"rendered":"66\u00e8me anniversaire de l&rsquo;Ind\u00e9pendance du Togo et responsabilit\u00e9 collective : Jos\u00e9 Amoussou salue la vision de Faure Gnassingb\u00e9 et appelle la jeunesse \u00e0 s\u2019en approprier"},"content":{"rendered":"\n<p><\/p>\n\n\n\n<p>\u00c0 l\u2019occasion du 66\u1d49 anniversaire de l\u2019ind\u00e9pendance du Togo, le message \u00e0 la Nation d\u00e9livr\u00e9 par le Pr\u00e9sident du Conseil, Faure Essozimna Gnassingb\u00e9, s\u2019inscrit dans une d\u00e9marche strat\u00e9gique qui d\u00e9passe la c\u00e9l\u00e9bration m\u00e9morielle pour projeter le pays vers une consolidation durable de sa souverainet\u00e9. \u00c0 travers une architecture discursive structur\u00e9e autour de cinq messages essentiels et d\u2019une trilogie programmatique \u2014 \u00ab Prot\u00e9ger, Rassembler, Transformer \u00bb \u2014 le chef de l\u2019ex\u00e9cutif fixe les bases d\u2019une nouvelle phase de d\u00e9veloppement national.<\/p>\n\n\n\n<figure class=\"wp-block-image size-large\"><img loading=\"lazy\" decoding=\"async\" width=\"768\" height=\"1024\" src=\"https:\/\/mediatopnews.tg\/wp-content\/uploads\/2026\/04\/WhatsApp-Image-2026-04-28-at-09.56.50-768x1024.jpeg\" alt=\"\" class=\"wp-image-14886\" srcset=\"https:\/\/mediatopnews.tg\/wp-content\/uploads\/2026\/04\/WhatsApp-Image-2026-04-28-at-09.56.50-768x1024.jpeg 768w, https:\/\/mediatopnews.tg\/wp-content\/uploads\/2026\/04\/WhatsApp-Image-2026-04-28-at-09.56.50-225x300.jpeg 225w, https:\/\/mediatopnews.tg\/wp-content\/uploads\/2026\/04\/WhatsApp-Image-2026-04-28-at-09.56.50.jpeg 960w\" sizes=\"auto, (max-width: 768px) 100vw, 768px\" \/><\/figure>\n\n\n\n<p>Dans cette dynamique, le pr\u00e9sident de la Coalition jeunesse unie pour le renouveau (CJUR-Togo), Jos\u00e9 Amoussou, invite l\u2019opinion publique togolaise, et particuli\u00e8rement la jeunesse, \u00e0 effectuer une lecture attentive de cette allocution qu\u2019il consid\u00e8re comme \u00ab un cap clair pour l\u2019avenir du pays \u00bb. Selon lui, le discours pr\u00e9sidentiel traduit une volont\u00e9 affirm\u00e9e de lier l\u2019ind\u00e9pendance politique \u00e0 une transformation concr\u00e8te des conditions de vie des populations.<\/p>\n\n\n\n<p>Pour Jos\u00e9 Amoussou, le premier enseignement majeur r\u00e9side dans la red\u00e9finition de l\u2019ind\u00e9pendance comme une responsabilit\u00e9 permanente. En insistant sur la n\u00e9cessit\u00e9 de produire localement, de renforcer les institutions et d\u2019assurer la coh\u00e9sion sociale, le Pr\u00e9sident du Conseil replace la souverainet\u00e9 au c\u0153ur des politiques publiques. Cette approche, estime-t-il, constitue une invitation directe \u00e0 l\u2019engagement citoyen, notamment des jeunes, dans la construction d\u2019une \u00e9conomie plus autonome et r\u00e9siliente.<\/p>\n\n\n\n<figure class=\"wp-block-image size-full\"><img loading=\"lazy\" decoding=\"async\" width=\"800\" height=\"600\" src=\"https:\/\/mediatopnews.tg\/wp-content\/uploads\/2026\/04\/FEG-INDEPENDANCEtof.jpeg\" alt=\"\" class=\"wp-image-14857\" srcset=\"https:\/\/mediatopnews.tg\/wp-content\/uploads\/2026\/04\/FEG-INDEPENDANCEtof.jpeg 800w, https:\/\/mediatopnews.tg\/wp-content\/uploads\/2026\/04\/FEG-INDEPENDANCEtof-300x225.jpeg 300w, https:\/\/mediatopnews.tg\/wp-content\/uploads\/2026\/04\/FEG-INDEPENDANCEtof-768x576.jpeg 768w\" sizes=\"auto, (max-width: 800px) 100vw, 800px\" \/><\/figure>\n\n\n\n<p>Le deuxi\u00e8me axe mis en exergue, celui de la souverainet\u00e9 et de la r\u00e9silience, appara\u00eet \u00e9galement comme un signal fort dans un contexte r\u00e9gional marqu\u00e9 par des d\u00e9fis s\u00e9curitaires et \u00e9conomiques. Pour le pr\u00e9sident de la CJUR-Togo, cette orientation conforte la n\u00e9cessit\u00e9 d\u2019une jeunesse form\u00e9e, responsable et engag\u00e9e dans les secteurs strat\u00e9giques, capables de r\u00e9duire les d\u00e9pendances et d\u2019accompagner les r\u00e9formes structurelles engag\u00e9es.<\/p>\n\n\n\n<p>Mais c\u2019est surtout le troisi\u00e8me message du chef de l\u2019ex\u00e9cutif \u2014 \u00ab l\u2019ind\u00e9pendance ne prend tout son sens que si elle am\u00e9liore la vie quotidienne \u00bb \u2014 qui retient l\u2019attention de Jos\u00e9 Amoussou. \u00c0 ses yeux, cette d\u00e9claration traduit une gouvernance centr\u00e9e sur les r\u00e9sultats, avec des priorit\u00e9s clairement identifi\u00e9es : emploi des jeunes, acc\u00e8s aux services sociaux de base, \u00e9quit\u00e9 territoriale et dignit\u00e9 sociale. Autant d\u2019orientations qui interpellent directement les forces vives de la nation.<\/p>\n\n\n\n<p>L\u2019analyse de la trilogie \u00ab Prot\u00e9ger, Rassembler, Transformer \u00bb r\u00e9v\u00e8le, selon lui, une vision coh\u00e9rente du d\u00e9veloppement int\u00e9gral du Togo. Prot\u00e9ger, c\u2019est garantir la stabilit\u00e9 indispensable \u00e0 l\u2019investissement et \u00e0 la croissance ; rassembler, c\u2019est consolider la coh\u00e9sion nationale et r\u00e9duire les disparit\u00e9s ; transformer, enfin, c\u2019est moderniser l\u2019\u00e9conomie et cr\u00e9er davantage d\u2019opportunit\u00e9s pour la jeunesse. Pour le leader de la CJUR-Togo, ces trois piliers constituent une boussole strat\u00e9gique que les jeunes doivent s\u2019approprier pour participer activement \u00e0 la transformation du pays.<\/p>\n\n\n\n<p>Dans cette perspective, Jos\u00e9 Amoussou appelle la jeunesse togolaise \u00e0 d\u00e9passer la simple comm\u00e9moration de l\u2019ind\u00e9pendance pour en faire un levier d\u2019action. Il exhorte les jeunes \u00e0 saisir les opportunit\u00e9s offertes par les r\u00e9formes en cours, notamment dans les secteurs de l\u2019agriculture modernis\u00e9e, de l\u2019industrialisation, de la formation professionnelle et de l\u2019innovation.<\/p>\n\n\n\n<p>Pour lui, la phase de concertation annonc\u00e9e par le Pr\u00e9sident du Conseil ouvre un espace in\u00e9dit de participation citoyenne. \u00ab La jeunesse doit prendre toute sa place dans l\u2019\u00e9laboration et la mise en \u0153uvre de cette feuille de route \u00bb, soutient-il, estimant que l\u2019avenir du Togo d\u00e9pendra de la capacit\u00e9 collective \u00e0 traduire cette vision en initiatives concr\u00e8tes sur le terrain.<\/p>\n\n\n\n<p>Au-del\u00e0 de l\u2019analyse politique, le pr\u00e9sident de la CJUR-Togo voit dans ce discours un appel \u00e0 la responsabilit\u00e9 nationale. Il encourage l\u2019opinion togolaise \u00e0 en tirer les meilleurs enseignements afin d\u2019accompagner la marche du pays vers un d\u00e9veloppement inclusif, durable et souverain. Une lecture qui, selon lui, doit inspirer une mobilisation collective autour des priorit\u00e9s d\u00e9finies par le chef de l\u2019ex\u00e9cutif.<\/p>\n\n\n\n<p>Dans cette dynamique, conclut-il, la jeunesse togolaise est appel\u00e9e \u00e0 devenir le moteur de la transformation nationale, en s\u2019appropriant les orientations pr\u00e9sidentielles pour contribuer activement \u00e0 l\u2019\u00e9dification d\u2019un Togo plus fort, plus uni et r\u00e9solument tourn\u00e9 vers l\u2019avenir.<\/p>\n\n\n\n<p><strong>AA<\/strong><\/p>\n\n\n\n<p><\/p>\n","protected":false},"excerpt":{"rendered":"<p>\u00c0 l\u2019occasion du 66\u1d49 anniversaire de l\u2019ind\u00e9pendance du Togo, le message \u00e0 la Nation d\u00e9livr\u00e9 par le Pr\u00e9sident du Conseil, Faure Essozimna Gnassingb\u00e9, s\u2019inscrit dans une d\u00e9marche strat\u00e9gique qui d\u00e9passe la c\u00e9l\u00e9bration m\u00e9morielle pour projeter le pays vers une consolidation durable de sa souverainet\u00e9. \u00c0 travers une architecture discursive structur\u00e9e autour de cinq messages essentiels [&hellip;]<\/p>\n","protected":false},"author":2,"featured_media":14886,"comment_status":"open","ping_status":"closed","sticky":false,"template":"","format":"standard","meta":{"footnotes":""},"categories":[3],"tags":[],"class_list":["post-14885","post","type-post","status-publish","format-standard","has-post-thumbnail","hentry","category-societe"],"yoast_head":"<!-- This site is optimized with the Yoast SEO plugin v26.5 - https:\/\/yoast.com\/wordpress\/plugins\/seo\/ -->\n<title>66\u00e8me anniversaire de l&#039;Ind\u00e9pendance du Togo et responsabilit\u00e9 collective : Jos\u00e9 Amoussou salue la vision de Faure Gnassingb\u00e9 et appelle la jeunesse \u00e0 s\u2019en approprier - R\u00e9c\u00e9piss\u00e9 N\u00b00026\/12-2020\/pl\/P<\/title>\n<meta name=\"robots\" content=\"index, follow, max-snippet:-1, max-image-preview:large, max-video-preview:-1\" \/>\n<link rel=\"canonical\" href=\"https:\/\/mediatopnews.tg\/?p=14885\" \/>\n<meta property=\"og:locale\" content=\"fr_FR\" \/>\n<meta property=\"og:type\" content=\"article\" \/>\n<meta property=\"og:title\" content=\"66\u00e8me anniversaire de l&#039;Ind\u00e9pendance du Togo et responsabilit\u00e9 collective : Jos\u00e9 Amoussou salue la vision de Faure Gnassingb\u00e9 et appelle la jeunesse \u00e0 s\u2019en approprier - R\u00e9c\u00e9piss\u00e9 N\u00b00026\/12-2020\/pl\/P\" \/>\n<meta property=\"og:description\" content=\"\u00c0 l\u2019occasion du 66\u1d49 anniversaire de l\u2019ind\u00e9pendance du Togo, le message \u00e0 la Nation d\u00e9livr\u00e9 par le Pr\u00e9sident du Conseil, Faure Essozimna Gnassingb\u00e9, s\u2019inscrit dans une d\u00e9marche strat\u00e9gique qui d\u00e9passe la c\u00e9l\u00e9bration m\u00e9morielle pour projeter le pays vers une consolidation durable de sa souverainet\u00e9. \u00c0 travers une architecture discursive structur\u00e9e autour de cinq messages essentiels [&hellip;]\" \/>\n<meta property=\"og:url\" content=\"https:\/\/mediatopnews.tg\/?p=14885\" \/>\n<meta property=\"og:site_name\" content=\"R\u00e9c\u00e9piss\u00e9 N\u00b00026\/12-2020\/pl\/P\" \/>\n<meta property=\"article:published_time\" content=\"2026-04-28T08:22:03+00:00\" \/>\n<meta property=\"article:modified_time\" content=\"2026-04-28T08:22:05+00:00\" \/>\n<meta property=\"og:image\" content=\"https:\/\/mediatopnews.tg\/wp-content\/uploads\/2026\/04\/WhatsApp-Image-2026-04-28-at-09.56.50.jpeg\" \/>\n\t<meta property=\"og:image:width\" content=\"960\" \/>\n\t<meta property=\"og:image:height\" content=\"1280\" \/>\n\t<meta property=\"og:image:type\" content=\"image\/jpeg\" \/>\n<meta name=\"author\" content=\"La R\u00e9daction\" \/>\n<meta name=\"twitter:card\" content=\"summary_large_image\" \/>\n<meta name=\"twitter:label1\" content=\"\u00c9crit par\" \/>\n\t<meta name=\"twitter:data1\" content=\"La R\u00e9daction\" \/>\n\t<meta name=\"twitter:label2\" content=\"Dur\u00e9e de lecture estim\u00e9e\" \/>\n\t<meta name=\"twitter:data2\" content=\"4 minutes\" \/>\n<script type=\"application\/ld+json\" class=\"yoast-schema-graph\">{\"@context\":\"https:\/\/schema.org\",\"@graph\":[{\"@type\":\"Article\",\"@id\":\"https:\/\/mediatopnews.tg\/?p=14885#article\",\"isPartOf\":{\"@id\":\"https:\/\/mediatopnews.tg\/?p=14885\"},\"author\":{\"name\":\"La R\u00e9daction\",\"@id\":\"https:\/\/mediatopnews.tg\/#\/schema\/person\/5264fbaa15cdbc3bbc592caa5cb4bac6\"},\"headline\":\"66\u00e8me anniversaire de l&rsquo;Ind\u00e9pendance du Togo et responsabilit\u00e9 collective : Jos\u00e9 Amoussou salue la vision de Faure Gnassingb\u00e9 et appelle la jeunesse \u00e0 s\u2019en approprier\",\"datePublished\":\"2026-04-28T08:22:03+00:00\",\"dateModified\":\"2026-04-28T08:22:05+00:00\",\"mainEntityOfPage\":{\"@id\":\"https:\/\/mediatopnews.tg\/?p=14885\"},\"wordCount\":768,\"commentCount\":0,\"publisher\":{\"@id\":\"https:\/\/mediatopnews.tg\/#organization\"},\"image\":{\"@id\":\"https:\/\/mediatopnews.tg\/?p=14885#primaryimage\"},\"thumbnailUrl\":\"https:\/\/mediatopnews.tg\/wp-content\/uploads\/2026\/04\/WhatsApp-Image-2026-04-28-at-09.56.50.jpeg\",\"articleSection\":[\"SOCIETE\"],\"inLanguage\":\"fr-FR\",\"potentialAction\":[{\"@type\":\"CommentAction\",\"name\":\"Comment\",\"target\":[\"https:\/\/mediatopnews.tg\/?p=14885#respond\"]}]},{\"@type\":\"WebPage\",\"@id\":\"https:\/\/mediatopnews.tg\/?p=14885\",\"url\":\"https:\/\/mediatopnews.tg\/?p=14885\",\"name\":\"66\u00e8me anniversaire de l'Ind\u00e9pendance du Togo et responsabilit\u00e9 collective : Jos\u00e9 Amoussou salue la vision de Faure Gnassingb\u00e9 et appelle la jeunesse \u00e0 s\u2019en approprier - R\u00e9c\u00e9piss\u00e9 N\u00b00026\/12-2020\/pl\/P\",\"isPartOf\":{\"@id\":\"https:\/\/mediatopnews.tg\/#website\"},\"primaryImageOfPage\":{\"@id\":\"https:\/\/mediatopnews.tg\/?p=14885#primaryimage\"},\"image\":{\"@id\":\"https:\/\/mediatopnews.tg\/?p=14885#primaryimage\"},\"thumbnailUrl\":\"https:\/\/mediatopnews.tg\/wp-content\/uploads\/2026\/04\/WhatsApp-Image-2026-04-28-at-09.56.50.jpeg\",\"datePublished\":\"2026-04-28T08:22:03+00:00\",\"dateModified\":\"2026-04-28T08:22:05+00:00\",\"breadcrumb\":{\"@id\":\"https:\/\/mediatopnews.tg\/?p=14885#breadcrumb\"},\"inLanguage\":\"fr-FR\",\"potentialAction\":[{\"@type\":\"ReadAction\",\"target\":[\"https:\/\/mediatopnews.tg\/?p=14885\"]}]},{\"@type\":\"ImageObject\",\"inLanguage\":\"fr-FR\",\"@id\":\"https:\/\/mediatopnews.tg\/?p=14885#primaryimage\",\"url\":\"https:\/\/mediatopnews.tg\/wp-content\/uploads\/2026\/04\/WhatsApp-Image-2026-04-28-at-09.56.50.jpeg\",\"contentUrl\":\"https:\/\/mediatopnews.tg\/wp-content\/uploads\/2026\/04\/WhatsApp-Image-2026-04-28-at-09.56.50.jpeg\",\"width\":960,\"height\":1280},{\"@type\":\"BreadcrumbList\",\"@id\":\"https:\/\/mediatopnews.tg\/?p=14885#breadcrumb\",\"itemListElement\":[{\"@type\":\"ListItem\",\"position\":1,\"name\":\"Accueil\",\"item\":\"https:\/\/mediatopnews.tg\/\"},{\"@type\":\"ListItem\",\"position\":2,\"name\":\"66\u00e8me anniversaire de l&rsquo;Ind\u00e9pendance du Togo et responsabilit\u00e9 collective : Jos\u00e9 Amoussou salue la vision de Faure Gnassingb\u00e9 et appelle la jeunesse \u00e0 s\u2019en approprier\"}]},{\"@type\":\"WebSite\",\"@id\":\"https:\/\/mediatopnews.tg\/#website\",\"url\":\"https:\/\/mediatopnews.tg\/\",\"name\":\"R\u00e9c\u00e9piss\u00e9 N\u00b00026\/12-2020\/pl\/P\",\"description\":\"La toile de l&#039;information\",\"publisher\":{\"@id\":\"https:\/\/mediatopnews.tg\/#organization\"},\"potentialAction\":[{\"@type\":\"SearchAction\",\"target\":{\"@type\":\"EntryPoint\",\"urlTemplate\":\"https:\/\/mediatopnews.tg\/?s={search_term_string}\"},\"query-input\":{\"@type\":\"PropertyValueSpecification\",\"valueRequired\":true,\"valueName\":\"search_term_string\"}}],\"inLanguage\":\"fr-FR\"},{\"@type\":\"Organization\",\"@id\":\"https:\/\/mediatopnews.tg\/#organization\",\"name\":\"R\u00e9c\u00e9piss\u00e9 N\u00b00026\/12-2020\/pl\/P\",\"url\":\"https:\/\/mediatopnews.tg\/\",\"logo\":{\"@type\":\"ImageObject\",\"inLanguage\":\"fr-FR\",\"@id\":\"https:\/\/mediatopnews.tg\/#\/schema\/logo\/image\/\",\"url\":\"https:\/\/mediatopnews.tg\/wp-content\/uploads\/2023\/09\/cropped-cropped-WhatsApp-Image-2023-09-04-at-13.18.30-1-1.jpeg\",\"contentUrl\":\"https:\/\/mediatopnews.tg\/wp-content\/uploads\/2023\/09\/cropped-cropped-WhatsApp-Image-2023-09-04-at-13.18.30-1-1.jpeg\",\"width\":174,\"height\":147,\"caption\":\"R\u00e9c\u00e9piss\u00e9 N\u00b00026\/12-2020\/pl\/P\"},\"image\":{\"@id\":\"https:\/\/mediatopnews.tg\/#\/schema\/logo\/image\/\"}},{\"@type\":\"Person\",\"@id\":\"https:\/\/mediatopnews.tg\/#\/schema\/person\/5264fbaa15cdbc3bbc592caa5cb4bac6\",\"name\":\"La R\u00e9daction\",\"image\":{\"@type\":\"ImageObject\",\"inLanguage\":\"fr-FR\",\"@id\":\"https:\/\/mediatopnews.tg\/#\/schema\/person\/image\/\",\"url\":\"https:\/\/secure.gravatar.com\/avatar\/02c45ef53e124da0300332101a595f5186b781ff193f1243a768c52e15756dcc?s=96&d=mm&r=g\",\"contentUrl\":\"https:\/\/secure.gravatar.com\/avatar\/02c45ef53e124da0300332101a595f5186b781ff193f1243a768c52e15756dcc?s=96&d=mm&r=g\",\"caption\":\"La R\u00e9daction\"},\"url\":\"https:\/\/mediatopnews.tg\/?author=2\"}]}<\/script>\n<!-- \/ Yoast SEO plugin. -->","yoast_head_json":{"title":"66\u00e8me anniversaire de l'Ind\u00e9pendance du Togo et responsabilit\u00e9 collective : Jos\u00e9 Amoussou salue la vision de Faure Gnassingb\u00e9 et appelle la jeunesse \u00e0 s\u2019en approprier - R\u00e9c\u00e9piss\u00e9 N\u00b00026\/12-2020\/pl\/P","robots":{"index":"index","follow":"follow","max-snippet":"max-snippet:-1","max-image-preview":"max-image-preview:large","max-video-preview":"max-video-preview:-1"},"canonical":"https:\/\/mediatopnews.tg\/?p=14885","og_locale":"fr_FR","og_type":"article","og_title":"66\u00e8me anniversaire de l'Ind\u00e9pendance du Togo et responsabilit\u00e9 collective : Jos\u00e9 Amoussou salue la vision de Faure Gnassingb\u00e9 et appelle la jeunesse \u00e0 s\u2019en approprier - R\u00e9c\u00e9piss\u00e9 N\u00b00026\/12-2020\/pl\/P","og_description":"\u00c0 l\u2019occasion du 66\u1d49 anniversaire de l\u2019ind\u00e9pendance du Togo, le message \u00e0 la Nation d\u00e9livr\u00e9 par le Pr\u00e9sident du Conseil, Faure Essozimna Gnassingb\u00e9, s\u2019inscrit dans une d\u00e9marche strat\u00e9gique qui d\u00e9passe la c\u00e9l\u00e9bration m\u00e9morielle pour projeter le pays vers une consolidation durable de sa souverainet\u00e9. \u00c0 travers une architecture discursive structur\u00e9e autour de cinq messages essentiels [&hellip;]","og_url":"https:\/\/mediatopnews.tg\/?p=14885","og_site_name":"R\u00e9c\u00e9piss\u00e9 N\u00b00026\/12-2020\/pl\/P","article_published_time":"2026-04-28T08:22:03+00:00","article_modified_time":"2026-04-28T08:22:05+00:00","og_image":[{"width":960,"height":1280,"url":"https:\/\/mediatopnews.tg\/wp-content\/uploads\/2026\/04\/WhatsApp-Image-2026-04-28-at-09.56.50.jpeg","type":"image\/jpeg"}],"author":"La R\u00e9daction","twitter_card":"summary_large_image","twitter_misc":{"\u00c9crit par":"La R\u00e9daction","Dur\u00e9e de lecture estim\u00e9e":"4 minutes"},"schema":{"@context":"https:\/\/schema.org","@graph":[{"@type":"Article","@id":"https:\/\/mediatopnews.tg\/?p=14885#article","isPartOf":{"@id":"https:\/\/mediatopnews.tg\/?p=14885"},"author":{"name":"La R\u00e9daction","@id":"https:\/\/mediatopnews.tg\/#\/schema\/person\/5264fbaa15cdbc3bbc592caa5cb4bac6"},"headline":"66\u00e8me anniversaire de l&rsquo;Ind\u00e9pendance du Togo et responsabilit\u00e9 collective : Jos\u00e9 Amoussou salue la vision de Faure Gnassingb\u00e9 et appelle la jeunesse \u00e0 s\u2019en approprier","datePublished":"2026-04-28T08:22:03+00:00","dateModified":"2026-04-28T08:22:05+00:00","mainEntityOfPage":{"@id":"https:\/\/mediatopnews.tg\/?p=14885"},"wordCount":768,"commentCount":0,"publisher":{"@id":"https:\/\/mediatopnews.tg\/#organization"},"image":{"@id":"https:\/\/mediatopnews.tg\/?p=14885#primaryimage"},"thumbnailUrl":"https:\/\/mediatopnews.tg\/wp-content\/uploads\/2026\/04\/WhatsApp-Image-2026-04-28-at-09.56.50.jpeg","articleSection":["SOCIETE"],"inLanguage":"fr-FR","potentialAction":[{"@type":"CommentAction","name":"Comment","target":["https:\/\/mediatopnews.tg\/?p=14885#respond"]}]},{"@type":"WebPage","@id":"https:\/\/mediatopnews.tg\/?p=14885","url":"https:\/\/mediatopnews.tg\/?p=14885","name":"66\u00e8me anniversaire de l'Ind\u00e9pendance du Togo et responsabilit\u00e9 collective : Jos\u00e9 Amoussou salue la vision de Faure Gnassingb\u00e9 et appelle la jeunesse \u00e0 s\u2019en approprier - R\u00e9c\u00e9piss\u00e9 N\u00b00026\/12-2020\/pl\/P","isPartOf":{"@id":"https:\/\/mediatopnews.tg\/#website"},"primaryImageOfPage":{"@id":"https:\/\/mediatopnews.tg\/?p=14885#primaryimage"},"image":{"@id":"https:\/\/mediatopnews.tg\/?p=14885#primaryimage"},"thumbnailUrl":"https:\/\/mediatopnews.tg\/wp-content\/uploads\/2026\/04\/WhatsApp-Image-2026-04-28-at-09.56.50.jpeg","datePublished":"2026-04-28T08:22:03+00:00","dateModified":"2026-04-28T08:22:05+00:00","breadcrumb":{"@id":"https:\/\/mediatopnews.tg\/?p=14885#breadcrumb"},"inLanguage":"fr-FR","potentialAction":[{"@type":"ReadAction","target":["https:\/\/mediatopnews.tg\/?p=14885"]}]},{"@type":"ImageObject","inLanguage":"fr-FR","@id":"https:\/\/mediatopnews.tg\/?p=14885#primaryimage","url":"https:\/\/mediatopnews.tg\/wp-content\/uploads\/2026\/04\/WhatsApp-Image-2026-04-28-at-09.56.50.jpeg","contentUrl":"https:\/\/mediatopnews.tg\/wp-content\/uploads\/2026\/04\/WhatsApp-Image-2026-04-28-at-09.56.50.jpeg","width":960,"height":1280},{"@type":"BreadcrumbList","@id":"https:\/\/mediatopnews.tg\/?p=14885#breadcrumb","itemListElement":[{"@type":"ListItem","position":1,"name":"Accueil","item":"https:\/\/mediatopnews.tg\/"},{"@type":"ListItem","position":2,"name":"66\u00e8me anniversaire de l&rsquo;Ind\u00e9pendance du Togo et responsabilit\u00e9 collective : Jos\u00e9 Amoussou salue la vision de Faure Gnassingb\u00e9 et appelle la jeunesse \u00e0 s\u2019en approprier"}]},{"@type":"WebSite","@id":"https:\/\/mediatopnews.tg\/#website","url":"https:\/\/mediatopnews.tg\/","name":"R\u00e9c\u00e9piss\u00e9 N\u00b00026\/12-2020\/pl\/P","description":"La toile de l&#039;information","publisher":{"@id":"https:\/\/mediatopnews.tg\/#organization"},"potentialAction":[{"@type":"SearchAction","target":{"@type":"EntryPoint","urlTemplate":"https:\/\/mediatopnews.tg\/?s={search_term_string}"},"query-input":{"@type":"PropertyValueSpecification","valueRequired":true,"valueName":"search_term_string"}}],"inLanguage":"fr-FR"},{"@type":"Organization","@id":"https:\/\/mediatopnews.tg\/#organization","name":"R\u00e9c\u00e9piss\u00e9 N\u00b00026\/12-2020\/pl\/P","url":"https:\/\/mediatopnews.tg\/","logo":{"@type":"ImageObject","inLanguage":"fr-FR","@id":"https:\/\/mediatopnews.tg\/#\/schema\/logo\/image\/","url":"https:\/\/mediatopnews.tg\/wp-content\/uploads\/2023\/09\/cropped-cropped-WhatsApp-Image-2023-09-04-at-13.18.30-1-1.jpeg","contentUrl":"https:\/\/mediatopnews.tg\/wp-content\/uploads\/2023\/09\/cropped-cropped-WhatsApp-Image-2023-09-04-at-13.18.30-1-1.jpeg","width":174,"height":147,"caption":"R\u00e9c\u00e9piss\u00e9 N\u00b00026\/12-2020\/pl\/P"},"image":{"@id":"https:\/\/mediatopnews.tg\/#\/schema\/logo\/image\/"}},{"@type":"Person","@id":"https:\/\/mediatopnews.tg\/#\/schema\/person\/5264fbaa15cdbc3bbc592caa5cb4bac6","name":"La R\u00e9daction","image":{"@type":"ImageObject","inLanguage":"fr-FR","@id":"https:\/\/mediatopnews.tg\/#\/schema\/person\/image\/","url":"https:\/\/secure.gravatar.com\/avatar\/02c45ef53e124da0300332101a595f5186b781ff193f1243a768c52e15756dcc?s=96&d=mm&r=g","contentUrl":"https:\/\/secure.gravatar.com\/avatar\/02c45ef53e124da0300332101a595f5186b781ff193f1243a768c52e15756dcc?s=96&d=mm&r=g","caption":"La R\u00e9daction"},"url":"https:\/\/mediatopnews.tg\/?author=2"}]}},"_links":{"self":[{"href":"https:\/\/mediatopnews.tg\/index.php?rest_route=\/wp\/v2\/posts\/14885","targetHints":{"allow":["GET"]}}],"collection":[{"href":"https:\/\/mediatopnews.tg\/index.php?rest_route=\/wp\/v2\/posts"}],"about":[{"href":"https:\/\/mediatopnews.tg\/index.php?rest_route=\/wp\/v2\/types\/post"}],"author":[{"embeddable":true,"href":"https:\/\/mediatopnews.tg\/index.php?rest_route=\/wp\/v2\/users\/2"}],"replies":[{"embeddable":true,"href":"https:\/\/mediatopnews.tg\/index.php?rest_route=%2Fwp%2Fv2%2Fcomments&post=14885"}],"version-history":[{"count":1,"href":"https:\/\/mediatopnews.tg\/index.php?rest_route=\/wp\/v2\/posts\/14885\/revisions"}],"predecessor-version":[{"id":14887,"href":"https:\/\/mediatopnews.tg\/index.php?rest_route=\/wp\/v2\/posts\/14885\/revisions\/14887"}],"wp:featuredmedia":[{"embeddable":true,"href":"https:\/\/mediatopnews.tg\/index.php?rest_route=\/wp\/v2\/media\/14886"}],"wp:attachment":[{"href":"https:\/\/mediatopnews.tg\/index.php?rest_route=%2Fwp%2Fv2%2Fmedia&parent=14885"}],"wp:term":[{"taxonomy":"category","embeddable":true,"href":"https:\/\/mediatopnews.tg\/index.php?rest_route=%2Fwp%2Fv2%2Fcategories&post=14885"},{"taxonomy":"post_tag","embeddable":true,"href":"https:\/\/mediatopnews.tg\/index.php?rest_route=%2Fwp%2Fv2%2Ftags&post=14885"}],"curies":[{"name":"wp","href":"https:\/\/api.w.org\/{rel}","templated":true}]}}