{"id":14888,"date":"2026-04-28T17:41:42","date_gmt":"2026-04-28T17:41:42","guid":{"rendered":"https:\/\/mediatopnews.tg\/?p=14888"},"modified":"2026-04-28T17:41:44","modified_gmt":"2026-04-28T17:41:44","slug":"66%e1%b5%89-anniversaire-de-lindependance-faure-gnassingbe-place-le-bonheur-des-togolais-au-coeur-dune-souverainete-utile","status":"publish","type":"post","link":"https:\/\/mediatopnews.tg\/?p=14888","title":{"rendered":"66\u1d49 anniversaire de l\u2019ind\u00e9pendance : Faure Gnassingb\u00e9 place le bonheur des Togolais au c\u0153ur d\u2019une souverainet\u00e9 utile"},"content":{"rendered":"\n<p><\/p>\n\n\n\n<p>\u00c0 l\u2019occasion du 66\u1d49 anniversaire de l\u2019ind\u00e9pendance du Togo, le Pr\u00e9sident du Conseil, Faure Essozimna Gnassingb\u00e9, a livr\u00e9 un message \u00e0 forte port\u00e9e politique et sociale, recentrant la c\u00e9l\u00e9bration nationale sur une ambition claire : faire de l\u2019ind\u00e9pendance un levier concret d\u2019am\u00e9lioration du quotidien des Togolais. Au-del\u00e0 de l\u2019hommage historique, le discours s\u2019inscrit dans une dynamique de projection, articul\u00e9e autour d\u2019une souverainet\u00e9 pragmatique, d\u2019une coh\u00e9sion renforc\u00e9e et d\u2019une transformation orient\u00e9e vers le bien-\u00eatre collectif.<\/p>\n\n\n\n<figure class=\"wp-block-image size-full\"><img loading=\"lazy\" decoding=\"async\" width=\"800\" height=\"600\" src=\"https:\/\/mediatopnews.tg\/wp-content\/uploads\/2026\/04\/FEG-INDEPENDANCEtof.jpeg\" alt=\"\" class=\"wp-image-14857\" srcset=\"https:\/\/mediatopnews.tg\/wp-content\/uploads\/2026\/04\/FEG-INDEPENDANCEtof.jpeg 800w, https:\/\/mediatopnews.tg\/wp-content\/uploads\/2026\/04\/FEG-INDEPENDANCEtof-300x225.jpeg 300w, https:\/\/mediatopnews.tg\/wp-content\/uploads\/2026\/04\/FEG-INDEPENDANCEtof-768x576.jpeg 768w\" sizes=\"auto, (max-width: 800px) 100vw, 800px\" \/><\/figure>\n\n\n\n<p>D\u00e8s l\u2019entame, le chef de l\u2019ex\u00e9cutif installe un ton solennel et rassembleur. En rappelant que l\u2019ind\u00e9pendance est \u00ab un moment fondateur, un moment de courage et de dignit\u00e9 \u00bb, il r\u00e9active la m\u00e9moire nationale tout en d\u00e9passant la simple comm\u00e9moration. Le propos prend rapidement une dimension prospective : l\u2019ind\u00e9pendance n\u2019est pas pr\u00e9sent\u00e9e comme un acquis fig\u00e9, mais comme une responsabilit\u00e9 permanente. Cette approche traduit une volont\u00e9 politique de faire \u00e9voluer la souverainet\u00e9 vers une notion op\u00e9rationnelle, mesurable dans la vie des citoyens.<\/p>\n\n\n\n<p>L\u2019un des axes majeurs de ce discours r\u00e9side dans l\u2019id\u00e9e d\u2019une ind\u00e9pendance utile, directement li\u00e9e \u00e0 l\u2019am\u00e9lioration des conditions de vie. En affirmant que \u00ab l\u2019ind\u00e9pendance ne prend tout son sens que si elle am\u00e9liore la vie quotidienne \u00bb, le Pr\u00e9sident du Conseil \u00e9tablit un lien clair entre souverainet\u00e9 nationale et bonheur des populations. L\u2019emploi, l\u2019acc\u00e8s \u00e0 l\u2019eau potable, \u00e0 l\u2019\u00e9lectricit\u00e9, \u00e0 la sant\u00e9, \u00e0 l\u2019\u00e9ducation ou encore l\u2019\u00e9quit\u00e9 territoriale sont pr\u00e9sent\u00e9s comme les v\u00e9ritables indicateurs d\u2019une ind\u00e9pendance r\u00e9ussie. Cette orientation place le citoyen au centre de l\u2019action publique et traduit une vision sociale du d\u00e9veloppement.<\/p>\n\n\n\n<p>Le discours insiste \u00e9galement sur la n\u00e9cessit\u00e9 d\u2019une souverainet\u00e9 r\u00e9siliente dans un environnement international instable. La s\u00e9curit\u00e9, la r\u00e9duction des d\u00e9pendances strat\u00e9giques et la capacit\u00e9 \u00e0 faire face aux chocs \u00e9conomiques et climatiques sont mises en avant comme des conditions indispensables pour garantir la stabilit\u00e9 du pays et la tranquillit\u00e9 des populations. Cette approche souligne que la paix et la s\u00e9curit\u00e9 constituent le socle du bien-\u00eatre collectif.<\/p>\n\n\n\n<p>L\u2019annonce d\u2019une nouvelle feuille de route structur\u00e9e autour de trois priorit\u00e9s \u2013 Prot\u00e9ger, Rassembler et Transformer \u2013 constitue le c\u0153ur strat\u00e9gique de l\u2019intervention. \u00c0 travers le concept de protection, le Pr\u00e9sident du Conseil met en avant la s\u00e9curit\u00e9 des territoires, la dignit\u00e9 des conditions de vie et la pr\u00e9paration face aux d\u00e9fis futurs. Cette priorit\u00e9 vise directement la s\u00e9r\u00e9nit\u00e9 des citoyens, condition essentielle du bonheur collectif.<\/p>\n\n\n\n<p>La deuxi\u00e8me exigence, \u00ab Rassembler \u00bb, met l\u2019accent sur la coh\u00e9sion nationale et la r\u00e9duction des in\u00e9galit\u00e9s. Le discours valorise une vision inclusive du d\u00e9veloppement, o\u00f9 chaque r\u00e9gion, chaque cat\u00e9gorie sociale et chaque citoyen trouve sa place. L\u2019accent est mis sur la lutte contre la pauvret\u00e9, la confiance dans les institutions et le renforcement du lien entre l\u2019\u00c9tat et les populations. Cette orientation traduit une volont\u00e9 de b\u00e2tir une soci\u00e9t\u00e9 plus \u00e9quilibr\u00e9e, plus juste et plus solidaire.<\/p>\n\n\n\n<p>La troisi\u00e8me priorit\u00e9, \u00ab Transformer \u00bb, projette le Togo dans une dynamique \u00e9conomique porteuse d\u2019opportunit\u00e9s. Modernisation de l\u2019agriculture, industrialisation, formation des jeunes, d\u00e9veloppement des infrastructures et cr\u00e9ation de valeur locale sont autant d\u2019axes destin\u00e9s \u00e0 am\u00e9liorer durablement le niveau de vie des populations. Le discours insiste sur une transformation qui cr\u00e9e de l\u2019emploi, d\u00e9veloppe les comp\u00e9tences et g\u00e9n\u00e8re des richesses au profit des Togolais.<\/p>\n\n\n\n<p>Le message pr\u00e9sidentiel se distingue \u00e9galement par son appel \u00e0 la mobilisation collective. L\u2019avenir du Togo, souligne-t-il, ne peut se construire sans l\u2019implication de tous : institutions, secteur priv\u00e9, soci\u00e9t\u00e9 civile et partenaires. Cette d\u00e9marche participative vise \u00e0 renforcer l\u2019appropriation nationale du projet de d\u00e9veloppement et \u00e0 consolider la confiance entre l\u2019\u00c9tat et les citoyens.<\/p>\n\n\n\n<p>Au final, cette allocution s\u2019inscrit dans une vision d\u2019une ind\u00e9pendance tourn\u00e9e vers le bonheur des Togolais. En liant souverainet\u00e9, progr\u00e8s social et transformation \u00e9conomique, le Pr\u00e9sident du Conseil esquisse un projet national fond\u00e9 sur la s\u00e9curit\u00e9, la coh\u00e9sion et la prosp\u00e9rit\u00e9 partag\u00e9e. Le discours met ainsi en relief une ambition claire : faire de l\u2019ind\u00e9pendance non seulement un symbole historique, mais un instrument concret de bien-\u00eatre pour chaque Togolaise et chaque Togolais.<\/p>\n\n\n\n<p>AA<\/p>\n","protected":false},"excerpt":{"rendered":"<p>\u00c0 l\u2019occasion du 66\u1d49 anniversaire de l\u2019ind\u00e9pendance du Togo, le Pr\u00e9sident du Conseil, Faure Essozimna Gnassingb\u00e9, a livr\u00e9 un message \u00e0 forte port\u00e9e politique et sociale, recentrant la c\u00e9l\u00e9bration nationale sur une ambition claire : faire de l\u2019ind\u00e9pendance un levier concret d\u2019am\u00e9lioration du quotidien des Togolais. Au-del\u00e0 de l\u2019hommage historique, le discours s\u2019inscrit dans une [&hellip;]<\/p>\n","protected":false},"author":2,"featured_media":14857,"comment_status":"open","ping_status":"closed","sticky":false,"template":"","format":"standard","meta":{"footnotes":""},"categories":[1],"tags":[],"class_list":["post-14888","post","type-post","status-publish","format-standard","has-post-thumbnail","hentry","category-politique"],"yoast_head":"<!-- This site is optimized with the Yoast SEO plugin v26.5 - https:\/\/yoast.com\/wordpress\/plugins\/seo\/ -->\n<title>66\u1d49 anniversaire de l\u2019ind\u00e9pendance : Faure Gnassingb\u00e9 place le bonheur des Togolais au c\u0153ur d\u2019une souverainet\u00e9 utile - R\u00e9c\u00e9piss\u00e9 N\u00b00026\/12-2020\/pl\/P<\/title>\n<meta name=\"robots\" content=\"index, follow, max-snippet:-1, max-image-preview:large, max-video-preview:-1\" \/>\n<link rel=\"canonical\" href=\"https:\/\/mediatopnews.tg\/?p=14888\" \/>\n<meta property=\"og:locale\" content=\"fr_FR\" \/>\n<meta property=\"og:type\" content=\"article\" \/>\n<meta property=\"og:title\" content=\"66\u1d49 anniversaire de l\u2019ind\u00e9pendance : Faure Gnassingb\u00e9 place le bonheur des Togolais au c\u0153ur d\u2019une souverainet\u00e9 utile - R\u00e9c\u00e9piss\u00e9 N\u00b00026\/12-2020\/pl\/P\" \/>\n<meta property=\"og:description\" content=\"\u00c0 l\u2019occasion du 66\u1d49 anniversaire de l\u2019ind\u00e9pendance du Togo, le Pr\u00e9sident du Conseil, Faure Essozimna Gnassingb\u00e9, a livr\u00e9 un message \u00e0 forte port\u00e9e politique et sociale, recentrant la c\u00e9l\u00e9bration nationale sur une ambition claire : faire de l\u2019ind\u00e9pendance un levier concret d\u2019am\u00e9lioration du quotidien des Togolais. Au-del\u00e0 de l\u2019hommage historique, le discours s\u2019inscrit dans une [&hellip;]\" \/>\n<meta property=\"og:url\" content=\"https:\/\/mediatopnews.tg\/?p=14888\" \/>\n<meta property=\"og:site_name\" content=\"R\u00e9c\u00e9piss\u00e9 N\u00b00026\/12-2020\/pl\/P\" \/>\n<meta property=\"article:published_time\" content=\"2026-04-28T17:41:42+00:00\" \/>\n<meta property=\"article:modified_time\" content=\"2026-04-28T17:41:44+00:00\" \/>\n<meta property=\"og:image\" content=\"https:\/\/mediatopnews.tg\/wp-content\/uploads\/2026\/04\/FEG-INDEPENDANCEtof.jpeg\" \/>\n\t<meta property=\"og:image:width\" content=\"800\" \/>\n\t<meta property=\"og:image:height\" content=\"600\" \/>\n\t<meta property=\"og:image:type\" content=\"image\/jpeg\" \/>\n<meta name=\"author\" content=\"La R\u00e9daction\" \/>\n<meta name=\"twitter:card\" content=\"summary_large_image\" \/>\n<meta name=\"twitter:label1\" content=\"\u00c9crit par\" \/>\n\t<meta name=\"twitter:data1\" content=\"La R\u00e9daction\" \/>\n\t<meta name=\"twitter:label2\" content=\"Dur\u00e9e de lecture estim\u00e9e\" \/>\n\t<meta name=\"twitter:data2\" content=\"4 minutes\" \/>\n<script type=\"application\/ld+json\" class=\"yoast-schema-graph\">{\"@context\":\"https:\/\/schema.org\",\"@graph\":[{\"@type\":\"Article\",\"@id\":\"https:\/\/mediatopnews.tg\/?p=14888#article\",\"isPartOf\":{\"@id\":\"https:\/\/mediatopnews.tg\/?p=14888\"},\"author\":{\"name\":\"La R\u00e9daction\",\"@id\":\"https:\/\/mediatopnews.tg\/#\/schema\/person\/5264fbaa15cdbc3bbc592caa5cb4bac6\"},\"headline\":\"66\u1d49 anniversaire de l\u2019ind\u00e9pendance : Faure Gnassingb\u00e9 place le bonheur des Togolais au c\u0153ur d\u2019une souverainet\u00e9 utile\",\"datePublished\":\"2026-04-28T17:41:42+00:00\",\"dateModified\":\"2026-04-28T17:41:44+00:00\",\"mainEntityOfPage\":{\"@id\":\"https:\/\/mediatopnews.tg\/?p=14888\"},\"wordCount\":783,\"commentCount\":0,\"publisher\":{\"@id\":\"https:\/\/mediatopnews.tg\/#organization\"},\"image\":{\"@id\":\"https:\/\/mediatopnews.tg\/?p=14888#primaryimage\"},\"thumbnailUrl\":\"https:\/\/mediatopnews.tg\/wp-content\/uploads\/2026\/04\/FEG-INDEPENDANCEtof.jpeg\",\"articleSection\":[\"POLITIQUE\"],\"inLanguage\":\"fr-FR\",\"potentialAction\":[{\"@type\":\"CommentAction\",\"name\":\"Comment\",\"target\":[\"https:\/\/mediatopnews.tg\/?p=14888#respond\"]}]},{\"@type\":\"WebPage\",\"@id\":\"https:\/\/mediatopnews.tg\/?p=14888\",\"url\":\"https:\/\/mediatopnews.tg\/?p=14888\",\"name\":\"66\u1d49 anniversaire de l\u2019ind\u00e9pendance : Faure Gnassingb\u00e9 place le bonheur des Togolais au c\u0153ur d\u2019une souverainet\u00e9 utile - R\u00e9c\u00e9piss\u00e9 N\u00b00026\/12-2020\/pl\/P\",\"isPartOf\":{\"@id\":\"https:\/\/mediatopnews.tg\/#website\"},\"primaryImageOfPage\":{\"@id\":\"https:\/\/mediatopnews.tg\/?p=14888#primaryimage\"},\"image\":{\"@id\":\"https:\/\/mediatopnews.tg\/?p=14888#primaryimage\"},\"thumbnailUrl\":\"https:\/\/mediatopnews.tg\/wp-content\/uploads\/2026\/04\/FEG-INDEPENDANCEtof.jpeg\",\"datePublished\":\"2026-04-28T17:41:42+00:00\",\"dateModified\":\"2026-04-28T17:41:44+00:00\",\"breadcrumb\":{\"@id\":\"https:\/\/mediatopnews.tg\/?p=14888#breadcrumb\"},\"inLanguage\":\"fr-FR\",\"potentialAction\":[{\"@type\":\"ReadAction\",\"target\":[\"https:\/\/mediatopnews.tg\/?p=14888\"]}]},{\"@type\":\"ImageObject\",\"inLanguage\":\"fr-FR\",\"@id\":\"https:\/\/mediatopnews.tg\/?p=14888#primaryimage\",\"url\":\"https:\/\/mediatopnews.tg\/wp-content\/uploads\/2026\/04\/FEG-INDEPENDANCEtof.jpeg\",\"contentUrl\":\"https:\/\/mediatopnews.tg\/wp-content\/uploads\/2026\/04\/FEG-INDEPENDANCEtof.jpeg\",\"width\":800,\"height\":600},{\"@type\":\"BreadcrumbList\",\"@id\":\"https:\/\/mediatopnews.tg\/?p=14888#breadcrumb\",\"itemListElement\":[{\"@type\":\"ListItem\",\"position\":1,\"name\":\"Accueil\",\"item\":\"https:\/\/mediatopnews.tg\/\"},{\"@type\":\"ListItem\",\"position\":2,\"name\":\"66\u1d49 anniversaire de l\u2019ind\u00e9pendance : Faure Gnassingb\u00e9 place le bonheur des Togolais au c\u0153ur d\u2019une souverainet\u00e9 utile\"}]},{\"@type\":\"WebSite\",\"@id\":\"https:\/\/mediatopnews.tg\/#website\",\"url\":\"https:\/\/mediatopnews.tg\/\",\"name\":\"R\u00e9c\u00e9piss\u00e9 N\u00b00026\/12-2020\/pl\/P\",\"description\":\"La toile de l&#039;information\",\"publisher\":{\"@id\":\"https:\/\/mediatopnews.tg\/#organization\"},\"potentialAction\":[{\"@type\":\"SearchAction\",\"target\":{\"@type\":\"EntryPoint\",\"urlTemplate\":\"https:\/\/mediatopnews.tg\/?s={search_term_string}\"},\"query-input\":{\"@type\":\"PropertyValueSpecification\",\"valueRequired\":true,\"valueName\":\"search_term_string\"}}],\"inLanguage\":\"fr-FR\"},{\"@type\":\"Organization\",\"@id\":\"https:\/\/mediatopnews.tg\/#organization\",\"name\":\"R\u00e9c\u00e9piss\u00e9 N\u00b00026\/12-2020\/pl\/P\",\"url\":\"https:\/\/mediatopnews.tg\/\",\"logo\":{\"@type\":\"ImageObject\",\"inLanguage\":\"fr-FR\",\"@id\":\"https:\/\/mediatopnews.tg\/#\/schema\/logo\/image\/\",\"url\":\"https:\/\/mediatopnews.tg\/wp-content\/uploads\/2023\/09\/cropped-cropped-WhatsApp-Image-2023-09-04-at-13.18.30-1-1.jpeg\",\"contentUrl\":\"https:\/\/mediatopnews.tg\/wp-content\/uploads\/2023\/09\/cropped-cropped-WhatsApp-Image-2023-09-04-at-13.18.30-1-1.jpeg\",\"width\":174,\"height\":147,\"caption\":\"R\u00e9c\u00e9piss\u00e9 N\u00b00026\/12-2020\/pl\/P\"},\"image\":{\"@id\":\"https:\/\/mediatopnews.tg\/#\/schema\/logo\/image\/\"}},{\"@type\":\"Person\",\"@id\":\"https:\/\/mediatopnews.tg\/#\/schema\/person\/5264fbaa15cdbc3bbc592caa5cb4bac6\",\"name\":\"La R\u00e9daction\",\"image\":{\"@type\":\"ImageObject\",\"inLanguage\":\"fr-FR\",\"@id\":\"https:\/\/mediatopnews.tg\/#\/schema\/person\/image\/\",\"url\":\"https:\/\/secure.gravatar.com\/avatar\/02c45ef53e124da0300332101a595f5186b781ff193f1243a768c52e15756dcc?s=96&d=mm&r=g\",\"contentUrl\":\"https:\/\/secure.gravatar.com\/avatar\/02c45ef53e124da0300332101a595f5186b781ff193f1243a768c52e15756dcc?s=96&d=mm&r=g\",\"caption\":\"La R\u00e9daction\"},\"url\":\"https:\/\/mediatopnews.tg\/?author=2\"}]}<\/script>\n<!-- \/ Yoast SEO plugin. -->","yoast_head_json":{"title":"66\u1d49 anniversaire de l\u2019ind\u00e9pendance : Faure Gnassingb\u00e9 place le bonheur des Togolais au c\u0153ur d\u2019une souverainet\u00e9 utile - R\u00e9c\u00e9piss\u00e9 N\u00b00026\/12-2020\/pl\/P","robots":{"index":"index","follow":"follow","max-snippet":"max-snippet:-1","max-image-preview":"max-image-preview:large","max-video-preview":"max-video-preview:-1"},"canonical":"https:\/\/mediatopnews.tg\/?p=14888","og_locale":"fr_FR","og_type":"article","og_title":"66\u1d49 anniversaire de l\u2019ind\u00e9pendance : Faure Gnassingb\u00e9 place le bonheur des Togolais au c\u0153ur d\u2019une souverainet\u00e9 utile - R\u00e9c\u00e9piss\u00e9 N\u00b00026\/12-2020\/pl\/P","og_description":"\u00c0 l\u2019occasion du 66\u1d49 anniversaire de l\u2019ind\u00e9pendance du Togo, le Pr\u00e9sident du Conseil, Faure Essozimna Gnassingb\u00e9, a livr\u00e9 un message \u00e0 forte port\u00e9e politique et sociale, recentrant la c\u00e9l\u00e9bration nationale sur une ambition claire : faire de l\u2019ind\u00e9pendance un levier concret d\u2019am\u00e9lioration du quotidien des Togolais. Au-del\u00e0 de l\u2019hommage historique, le discours s\u2019inscrit dans une [&hellip;]","og_url":"https:\/\/mediatopnews.tg\/?p=14888","og_site_name":"R\u00e9c\u00e9piss\u00e9 N\u00b00026\/12-2020\/pl\/P","article_published_time":"2026-04-28T17:41:42+00:00","article_modified_time":"2026-04-28T17:41:44+00:00","og_image":[{"width":800,"height":600,"url":"https:\/\/mediatopnews.tg\/wp-content\/uploads\/2026\/04\/FEG-INDEPENDANCEtof.jpeg","type":"image\/jpeg"}],"author":"La R\u00e9daction","twitter_card":"summary_large_image","twitter_misc":{"\u00c9crit par":"La R\u00e9daction","Dur\u00e9e de lecture estim\u00e9e":"4 minutes"},"schema":{"@context":"https:\/\/schema.org","@graph":[{"@type":"Article","@id":"https:\/\/mediatopnews.tg\/?p=14888#article","isPartOf":{"@id":"https:\/\/mediatopnews.tg\/?p=14888"},"author":{"name":"La R\u00e9daction","@id":"https:\/\/mediatopnews.tg\/#\/schema\/person\/5264fbaa15cdbc3bbc592caa5cb4bac6"},"headline":"66\u1d49 anniversaire de l\u2019ind\u00e9pendance : Faure Gnassingb\u00e9 place le bonheur des Togolais au c\u0153ur d\u2019une souverainet\u00e9 utile","datePublished":"2026-04-28T17:41:42+00:00","dateModified":"2026-04-28T17:41:44+00:00","mainEntityOfPage":{"@id":"https:\/\/mediatopnews.tg\/?p=14888"},"wordCount":783,"commentCount":0,"publisher":{"@id":"https:\/\/mediatopnews.tg\/#organization"},"image":{"@id":"https:\/\/mediatopnews.tg\/?p=14888#primaryimage"},"thumbnailUrl":"https:\/\/mediatopnews.tg\/wp-content\/uploads\/2026\/04\/FEG-INDEPENDANCEtof.jpeg","articleSection":["POLITIQUE"],"inLanguage":"fr-FR","potentialAction":[{"@type":"CommentAction","name":"Comment","target":["https:\/\/mediatopnews.tg\/?p=14888#respond"]}]},{"@type":"WebPage","@id":"https:\/\/mediatopnews.tg\/?p=14888","url":"https:\/\/mediatopnews.tg\/?p=14888","name":"66\u1d49 anniversaire de l\u2019ind\u00e9pendance : Faure Gnassingb\u00e9 place le bonheur des Togolais au c\u0153ur d\u2019une souverainet\u00e9 utile - R\u00e9c\u00e9piss\u00e9 N\u00b00026\/12-2020\/pl\/P","isPartOf":{"@id":"https:\/\/mediatopnews.tg\/#website"},"primaryImageOfPage":{"@id":"https:\/\/mediatopnews.tg\/?p=14888#primaryimage"},"image":{"@id":"https:\/\/mediatopnews.tg\/?p=14888#primaryimage"},"thumbnailUrl":"https:\/\/mediatopnews.tg\/wp-content\/uploads\/2026\/04\/FEG-INDEPENDANCEtof.jpeg","datePublished":"2026-04-28T17:41:42+00:00","dateModified":"2026-04-28T17:41:44+00:00","breadcrumb":{"@id":"https:\/\/mediatopnews.tg\/?p=14888#breadcrumb"},"inLanguage":"fr-FR","potentialAction":[{"@type":"ReadAction","target":["https:\/\/mediatopnews.tg\/?p=14888"]}]},{"@type":"ImageObject","inLanguage":"fr-FR","@id":"https:\/\/mediatopnews.tg\/?p=14888#primaryimage","url":"https:\/\/mediatopnews.tg\/wp-content\/uploads\/2026\/04\/FEG-INDEPENDANCEtof.jpeg","contentUrl":"https:\/\/mediatopnews.tg\/wp-content\/uploads\/2026\/04\/FEG-INDEPENDANCEtof.jpeg","width":800,"height":600},{"@type":"BreadcrumbList","@id":"https:\/\/mediatopnews.tg\/?p=14888#breadcrumb","itemListElement":[{"@type":"ListItem","position":1,"name":"Accueil","item":"https:\/\/mediatopnews.tg\/"},{"@type":"ListItem","position":2,"name":"66\u1d49 anniversaire de l\u2019ind\u00e9pendance : Faure Gnassingb\u00e9 place le bonheur des Togolais au c\u0153ur d\u2019une souverainet\u00e9 utile"}]},{"@type":"WebSite","@id":"https:\/\/mediatopnews.tg\/#website","url":"https:\/\/mediatopnews.tg\/","name":"R\u00e9c\u00e9piss\u00e9 N\u00b00026\/12-2020\/pl\/P","description":"La toile de l&#039;information","publisher":{"@id":"https:\/\/mediatopnews.tg\/#organization"},"potentialAction":[{"@type":"SearchAction","target":{"@type":"EntryPoint","urlTemplate":"https:\/\/mediatopnews.tg\/?s={search_term_string}"},"query-input":{"@type":"PropertyValueSpecification","valueRequired":true,"valueName":"search_term_string"}}],"inLanguage":"fr-FR"},{"@type":"Organization","@id":"https:\/\/mediatopnews.tg\/#organization","name":"R\u00e9c\u00e9piss\u00e9 N\u00b00026\/12-2020\/pl\/P","url":"https:\/\/mediatopnews.tg\/","logo":{"@type":"ImageObject","inLanguage":"fr-FR","@id":"https:\/\/mediatopnews.tg\/#\/schema\/logo\/image\/","url":"https:\/\/mediatopnews.tg\/wp-content\/uploads\/2023\/09\/cropped-cropped-WhatsApp-Image-2023-09-04-at-13.18.30-1-1.jpeg","contentUrl":"https:\/\/mediatopnews.tg\/wp-content\/uploads\/2023\/09\/cropped-cropped-WhatsApp-Image-2023-09-04-at-13.18.30-1-1.jpeg","width":174,"height":147,"caption":"R\u00e9c\u00e9piss\u00e9 N\u00b00026\/12-2020\/pl\/P"},"image":{"@id":"https:\/\/mediatopnews.tg\/#\/schema\/logo\/image\/"}},{"@type":"Person","@id":"https:\/\/mediatopnews.tg\/#\/schema\/person\/5264fbaa15cdbc3bbc592caa5cb4bac6","name":"La R\u00e9daction","image":{"@type":"ImageObject","inLanguage":"fr-FR","@id":"https:\/\/mediatopnews.tg\/#\/schema\/person\/image\/","url":"https:\/\/secure.gravatar.com\/avatar\/02c45ef53e124da0300332101a595f5186b781ff193f1243a768c52e15756dcc?s=96&d=mm&r=g","contentUrl":"https:\/\/secure.gravatar.com\/avatar\/02c45ef53e124da0300332101a595f5186b781ff193f1243a768c52e15756dcc?s=96&d=mm&r=g","caption":"La R\u00e9daction"},"url":"https:\/\/mediatopnews.tg\/?author=2"}]}},"_links":{"self":[{"href":"https:\/\/mediatopnews.tg\/index.php?rest_route=\/wp\/v2\/posts\/14888","targetHints":{"allow":["GET"]}}],"collection":[{"href":"https:\/\/mediatopnews.tg\/index.php?rest_route=\/wp\/v2\/posts"}],"about":[{"href":"https:\/\/mediatopnews.tg\/index.php?rest_route=\/wp\/v2\/types\/post"}],"author":[{"embeddable":true,"href":"https:\/\/mediatopnews.tg\/index.php?rest_route=\/wp\/v2\/users\/2"}],"replies":[{"embeddable":true,"href":"https:\/\/mediatopnews.tg\/index.php?rest_route=%2Fwp%2Fv2%2Fcomments&post=14888"}],"version-history":[{"count":1,"href":"https:\/\/mediatopnews.tg\/index.php?rest_route=\/wp\/v2\/posts\/14888\/revisions"}],"predecessor-version":[{"id":14889,"href":"https:\/\/mediatopnews.tg\/index.php?rest_route=\/wp\/v2\/posts\/14888\/revisions\/14889"}],"wp:featuredmedia":[{"embeddable":true,"href":"https:\/\/mediatopnews.tg\/index.php?rest_route=\/wp\/v2\/media\/14857"}],"wp:attachment":[{"href":"https:\/\/mediatopnews.tg\/index.php?rest_route=%2Fwp%2Fv2%2Fmedia&parent=14888"}],"wp:term":[{"taxonomy":"category","embeddable":true,"href":"https:\/\/mediatopnews.tg\/index.php?rest_route=%2Fwp%2Fv2%2Fcategories&post=14888"},{"taxonomy":"post_tag","embeddable":true,"href":"https:\/\/mediatopnews.tg\/index.php?rest_route=%2Fwp%2Fv2%2Ftags&post=14888"}],"curies":[{"name":"wp","href":"https:\/\/api.w.org\/{rel}","templated":true}]}}