{"id":15262,"date":"2026-09-01T05:24:48","date_gmt":"2026-09-01T05:24:48","guid":{"rendered":"https:\/\/mediatopnews.tg\/?p=15262"},"modified":"2026-09-01T05:24:51","modified_gmt":"2026-09-01T05:24:51","slug":"26%e1%b5%89-sommet-de-lorganisation-de-la-cooperation-de-shanghaile-president-du-conseil-faure-gnassingbe-porte-la-voix-du-togo","status":"publish","type":"post","link":"https:\/\/mediatopnews.tg\/?p=15262","title":{"rendered":"26\u1d49 sommet de l\u2019Organisation de la coop\u00e9ration de Shanghai,le president du conseil\u00a0\u00a0\u00a0Faure Gnassingb\u00e9 porte la voix du Togo"},"content":{"rendered":"\n<p>Le Pr\u00e9sident du Conseil, Faure Essozimna Gnassingb\u00e9, prend part au 26\u1d49 sommet de l\u2019Organisation de la coop\u00e9ration de Shanghai (OCS), ouvert ce lundi 31 ao\u00fbt \u00e0 Bichkek, au Kirghizistan. Ce rendez-vous international r\u00e9unit plusieurs chefs d\u2019\u00c9tat et de gouvernement autour des principaux enjeux de paix, de s\u00e9curit\u00e9, de d\u00e9veloppement et de coop\u00e9ration internationale.<\/p>\n\n\n\n<figure class=\"wp-block-image size-large\"><img loading=\"lazy\" decoding=\"async\" width=\"1024\" height=\"764\" src=\"https:\/\/mediatopnews.tg\/wp-content\/uploads\/2026\/09\/BISH-2-1024x764.jpeg\" alt=\"\" class=\"wp-image-15264\" srcset=\"https:\/\/mediatopnews.tg\/wp-content\/uploads\/2026\/09\/BISH-2-1024x764.jpeg 1024w, https:\/\/mediatopnews.tg\/wp-content\/uploads\/2026\/09\/BISH-2-300x224.jpeg 300w, https:\/\/mediatopnews.tg\/wp-content\/uploads\/2026\/09\/BISH-2-768x573.jpeg 768w, https:\/\/mediatopnews.tg\/wp-content\/uploads\/2026\/09\/BISH-2.jpeg 1280w\" sizes=\"auto, (max-width: 1024px) 100vw, 1024px\" \/><\/figure>\n\n\n\n<p>Plac\u00e9e sous le th\u00e8me \u00ab 25 ans de l\u2019OCS : ensemble pour une paix durable, le d\u00e9veloppement et la prosp\u00e9rit\u00e9 \u00bb, la rencontre constitue une importante plateforme de dialogue entre les pays d\u2019Eurasie et leurs partenaires. Le Togo et l\u2019\u00c9gypte sont les deux seuls pays africains invit\u00e9s \u00e0 cette \u00e9dition, une pr\u00e9sence qui leur offre l\u2019occasion de porter les pr\u00e9occupations du continent africain dans les \u00e9changes consacr\u00e9s aux grands enjeux de la gouvernance mondiale.<\/p>\n\n\n\n<p>Les discussions portent notamment sur le renforcement des m\u00e9canismes de lutte contre le terrorisme, l\u2019extr\u00e9misme violent et la cybercriminalit\u00e9. Les participants s\u2019int\u00e9ressent \u00e9galement au d\u00e9veloppement des infrastructures, \u00e0 l\u2019am\u00e9lioration de la connectivit\u00e9 et aux perspectives de mise en place d\u2019une architecture financi\u00e8re internationale davantage ind\u00e9pendante.<\/p>\n\n\n\n<figure class=\"wp-block-image size-large\"><img loading=\"lazy\" decoding=\"async\" width=\"1024\" height=\"683\" src=\"https:\/\/mediatopnews.tg\/wp-content\/uploads\/2026\/09\/BISH-3-1024x683.jpeg\" alt=\"\" class=\"wp-image-15265\" srcset=\"https:\/\/mediatopnews.tg\/wp-content\/uploads\/2026\/09\/BISH-3-1024x683.jpeg 1024w, https:\/\/mediatopnews.tg\/wp-content\/uploads\/2026\/09\/BISH-3-300x200.jpeg 300w, https:\/\/mediatopnews.tg\/wp-content\/uploads\/2026\/09\/BISH-3-768x512.jpeg 768w, https:\/\/mediatopnews.tg\/wp-content\/uploads\/2026\/09\/BISH-3.jpeg 1280w\" sizes=\"auto, (max-width: 1024px) 100vw, 1024px\" \/><\/figure>\n\n\n\n<p>Dans le cadre des \u00e9changes consacr\u00e9s au multilat\u00e9ralisme et \u00e0 la mont\u00e9e en puissance du Sud global, le Pr\u00e9sident du Conseil devrait \u00e9galement mettre en avant les d\u00e9fis s\u00e9curitaires auxquels sont confront\u00e9s l\u2019Afrique et, particuli\u00e8rement, l\u2019Afrique de l\u2019Ouest. Il \u00e9voquera \u00e0 cet \u00e9gard la contribution du Togo aux efforts visant \u00e0 promouvoir des r\u00e9ponses durables aux menaces qui affectent la stabilit\u00e9 du continent.<\/p>\n\n\n\n<p>La participation du chef de l\u2019ex\u00e9cutif togolais \u00e0 ce sommet s\u2019inscrit dans la politique de diversification des partenariats internationaux du Togo. Lom\u00e9 entretient en effet des relations de coop\u00e9ration avec plusieurs puissances et pays d\u2019Eurasie, notamment la Chine, la Russie et l\u2019Inde, dans des secteurs strat\u00e9giques li\u00e9s \u00e0 l\u2019\u00e9conomie, aux infrastructures, \u00e0 la s\u00e9curit\u00e9 et au d\u00e9veloppement social.<\/p>\n\n\n\n<p>\u00c0 travers cette pr\u00e9sence \u00e0 Bichkek, le Togo entend ainsi consolider son positionnement sur la sc\u00e8ne internationale et renforcer sa participation aux grands espaces de concertation consacr\u00e9s \u00e0 la paix, \u00e0 la s\u00e9curit\u00e9 et au d\u00e9veloppement. Elle traduit \u00e9galement la volont\u00e9 de Lom\u00e9 de diversifier ses partenariats et de faire entendre davantage la voix de l\u2019Afrique dans les d\u00e9bats portant sur l\u2019\u00e9volution de l\u2019ordre international.<\/p>\n\n\n<figure class=\"wp-block-post-featured-image\"><img loading=\"lazy\" decoding=\"async\" width=\"1280\" height=\"955\" src=\"https:\/\/mediatopnews.tg\/wp-content\/uploads\/2026\/09\/BISH-2.jpeg\" class=\"attachment-post-thumbnail size-post-thumbnail wp-post-image\" alt=\"\" style=\"object-fit:cover;\" srcset=\"https:\/\/mediatopnews.tg\/wp-content\/uploads\/2026\/09\/BISH-2.jpeg 1280w, https:\/\/mediatopnews.tg\/wp-content\/uploads\/2026\/09\/BISH-2-300x224.jpeg 300w, https:\/\/mediatopnews.tg\/wp-content\/uploads\/2026\/09\/BISH-2-1024x764.jpeg 1024w, https:\/\/mediatopnews.tg\/wp-content\/uploads\/2026\/09\/BISH-2-768x573.jpeg 768w\" sizes=\"auto, (max-width: 1280px) 100vw, 1280px\" \/><\/figure>\n\n\n<p>Cr\u00e9\u00e9e en 2001, l\u2019Organisation de la coop\u00e9ration de Shanghai constitue aujourd\u2019hui un important cadre de coop\u00e9ration politique, \u00e9conomique et s\u00e9curitaire. Elle \u0153uvre notamment au renforcement de la paix, de la s\u00e9curit\u00e9 et de la stabilit\u00e9 dans son espace g\u00e9ographique, tout en favorisant une coop\u00e9ration multiforme entre ses membres.<\/p>\n\n\n\n<p>L\u2019organisation affiche par ailleurs une volont\u00e9 d\u2019ouverture vers le continent africain, notamment \u00e0 travers le d\u00e9veloppement de relations avec l\u2019Union africaine. Cette dynamique vise \u00e0 favoriser le dialogue et la recherche d\u2019int\u00e9r\u00eats communs entre les pays d\u2019Asie et d\u2019Afrique, dans un contexte international marqu\u00e9 par la recomposition des \u00e9quilibres g\u00e9opolitiques et \u00e9conomiques.<\/p>\n\n\n\n<p><strong>AA<\/strong><\/p>\n\n\n\n<figure class=\"wp-block-image size-full\"><img loading=\"lazy\" decoding=\"async\" width=\"749\" height=\"494\" src=\"https:\/\/mediatopnews.tg\/wp-content\/uploads\/2026\/09\/BISH-1.png\" alt=\"\" class=\"wp-image-15263\" srcset=\"https:\/\/mediatopnews.tg\/wp-content\/uploads\/2026\/09\/BISH-1.png 749w, https:\/\/mediatopnews.tg\/wp-content\/uploads\/2026\/09\/BISH-1-300x198.png 300w\" sizes=\"auto, (max-width: 749px) 100vw, 749px\" \/><\/figure>\n","protected":false},"excerpt":{"rendered":"<p>Le Pr\u00e9sident du Conseil, Faure Essozimna Gnassingb\u00e9, prend part au 26\u1d49 sommet de l\u2019Organisation de la coop\u00e9ration de Shanghai (OCS), ouvert ce lundi 31 ao\u00fbt \u00e0 Bichkek, au Kirghizistan. Ce rendez-vous international r\u00e9unit plusieurs chefs d\u2019\u00c9tat et de gouvernement autour des principaux enjeux de paix, de s\u00e9curit\u00e9, de d\u00e9veloppement et de coop\u00e9ration internationale. Plac\u00e9e sous [&hellip;]<\/p>\n","protected":false},"author":2,"featured_media":15264,"comment_status":"open","ping_status":"closed","sticky":false,"template":"","format":"standard","meta":{"footnotes":""},"categories":[1],"tags":[],"class_list":["post-15262","post","type-post","status-publish","format-standard","has-post-thumbnail","hentry","category-politique"],"yoast_head":"<!-- This site is optimized with the Yoast SEO plugin v26.5 - https:\/\/yoast.com\/wordpress\/plugins\/seo\/ -->\n<title>26\u1d49 sommet de l\u2019Organisation de la coop\u00e9ration de Shanghai,le president du conseil\u00a0\u00a0\u00a0Faure Gnassingb\u00e9 porte la voix du Togo - R\u00e9c\u00e9piss\u00e9 N\u00b00026\/12-2020\/pl\/P<\/title>\n<meta name=\"robots\" content=\"index, follow, max-snippet:-1, max-image-preview:large, max-video-preview:-1\" \/>\n<link rel=\"canonical\" href=\"https:\/\/mediatopnews.tg\/?p=15262\" \/>\n<meta property=\"og:locale\" content=\"fr_FR\" \/>\n<meta property=\"og:type\" content=\"article\" \/>\n<meta property=\"og:title\" content=\"26\u1d49 sommet de l\u2019Organisation de la coop\u00e9ration de Shanghai,le president du conseil\u00a0\u00a0\u00a0Faure Gnassingb\u00e9 porte la voix du Togo - R\u00e9c\u00e9piss\u00e9 N\u00b00026\/12-2020\/pl\/P\" \/>\n<meta property=\"og:description\" content=\"Le Pr\u00e9sident du Conseil, Faure Essozimna Gnassingb\u00e9, prend part au 26\u1d49 sommet de l\u2019Organisation de la coop\u00e9ration de Shanghai (OCS), ouvert ce lundi 31 ao\u00fbt \u00e0 Bichkek, au Kirghizistan. Ce rendez-vous international r\u00e9unit plusieurs chefs d\u2019\u00c9tat et de gouvernement autour des principaux enjeux de paix, de s\u00e9curit\u00e9, de d\u00e9veloppement et de coop\u00e9ration internationale. Plac\u00e9e sous [&hellip;]\" \/>\n<meta property=\"og:url\" content=\"https:\/\/mediatopnews.tg\/?p=15262\" \/>\n<meta property=\"og:site_name\" content=\"R\u00e9c\u00e9piss\u00e9 N\u00b00026\/12-2020\/pl\/P\" \/>\n<meta property=\"article:published_time\" content=\"2026-09-01T05:24:48+00:00\" \/>\n<meta property=\"article:modified_time\" content=\"2026-09-01T05:24:51+00:00\" \/>\n<meta property=\"og:image\" content=\"https:\/\/mediatopnews.tg\/wp-content\/uploads\/2026\/09\/BISH-2.jpeg\" \/>\n\t<meta property=\"og:image:width\" content=\"1280\" \/>\n\t<meta property=\"og:image:height\" content=\"955\" \/>\n\t<meta property=\"og:image:type\" content=\"image\/jpeg\" \/>\n<meta name=\"author\" content=\"La R\u00e9daction\" \/>\n<meta name=\"twitter:card\" content=\"summary_large_image\" \/>\n<meta name=\"twitter:label1\" content=\"\u00c9crit par\" \/>\n\t<meta name=\"twitter:data1\" content=\"La R\u00e9daction\" \/>\n\t<meta name=\"twitter:label2\" content=\"Dur\u00e9e de lecture estim\u00e9e\" \/>\n\t<meta name=\"twitter:data2\" content=\"4 minutes\" \/>\n<script type=\"application\/ld+json\" class=\"yoast-schema-graph\">{\"@context\":\"https:\/\/schema.org\",\"@graph\":[{\"@type\":\"Article\",\"@id\":\"https:\/\/mediatopnews.tg\/?p=15262#article\",\"isPartOf\":{\"@id\":\"https:\/\/mediatopnews.tg\/?p=15262\"},\"author\":{\"name\":\"La R\u00e9daction\",\"@id\":\"https:\/\/mediatopnews.tg\/#\/schema\/person\/5264fbaa15cdbc3bbc592caa5cb4bac6\"},\"headline\":\"26\u1d49 sommet de l\u2019Organisation de la coop\u00e9ration de Shanghai,le president du conseil\u00a0\u00a0\u00a0Faure Gnassingb\u00e9 porte la voix du Togo\",\"datePublished\":\"2026-09-01T05:24:48+00:00\",\"dateModified\":\"2026-09-01T05:24:51+00:00\",\"mainEntityOfPage\":{\"@id\":\"https:\/\/mediatopnews.tg\/?p=15262\"},\"wordCount\":541,\"commentCount\":0,\"publisher\":{\"@id\":\"https:\/\/mediatopnews.tg\/#organization\"},\"image\":{\"@id\":\"https:\/\/mediatopnews.tg\/?p=15262#primaryimage\"},\"thumbnailUrl\":\"https:\/\/mediatopnews.tg\/wp-content\/uploads\/2026\/09\/BISH-2.jpeg\",\"articleSection\":[\"POLITIQUE\"],\"inLanguage\":\"fr-FR\",\"potentialAction\":[{\"@type\":\"CommentAction\",\"name\":\"Comment\",\"target\":[\"https:\/\/mediatopnews.tg\/?p=15262#respond\"]}]},{\"@type\":\"WebPage\",\"@id\":\"https:\/\/mediatopnews.tg\/?p=15262\",\"url\":\"https:\/\/mediatopnews.tg\/?p=15262\",\"name\":\"26\u1d49 sommet de l\u2019Organisation de la coop\u00e9ration de Shanghai,le president du conseil\u00a0\u00a0\u00a0Faure Gnassingb\u00e9 porte la voix du Togo - R\u00e9c\u00e9piss\u00e9 N\u00b00026\/12-2020\/pl\/P\",\"isPartOf\":{\"@id\":\"https:\/\/mediatopnews.tg\/#website\"},\"primaryImageOfPage\":{\"@id\":\"https:\/\/mediatopnews.tg\/?p=15262#primaryimage\"},\"image\":{\"@id\":\"https:\/\/mediatopnews.tg\/?p=15262#primaryimage\"},\"thumbnailUrl\":\"https:\/\/mediatopnews.tg\/wp-content\/uploads\/2026\/09\/BISH-2.jpeg\",\"datePublished\":\"2026-09-01T05:24:48+00:00\",\"dateModified\":\"2026-09-01T05:24:51+00:00\",\"breadcrumb\":{\"@id\":\"https:\/\/mediatopnews.tg\/?p=15262#breadcrumb\"},\"inLanguage\":\"fr-FR\",\"potentialAction\":[{\"@type\":\"ReadAction\",\"target\":[\"https:\/\/mediatopnews.tg\/?p=15262\"]}]},{\"@type\":\"ImageObject\",\"inLanguage\":\"fr-FR\",\"@id\":\"https:\/\/mediatopnews.tg\/?p=15262#primaryimage\",\"url\":\"https:\/\/mediatopnews.tg\/wp-content\/uploads\/2026\/09\/BISH-2.jpeg\",\"contentUrl\":\"https:\/\/mediatopnews.tg\/wp-content\/uploads\/2026\/09\/BISH-2.jpeg\",\"width\":1280,\"height\":955},{\"@type\":\"BreadcrumbList\",\"@id\":\"https:\/\/mediatopnews.tg\/?p=15262#breadcrumb\",\"itemListElement\":[{\"@type\":\"ListItem\",\"position\":1,\"name\":\"Accueil\",\"item\":\"https:\/\/mediatopnews.tg\/\"},{\"@type\":\"ListItem\",\"position\":2,\"name\":\"26\u1d49 sommet de l\u2019Organisation de la coop\u00e9ration de Shanghai,le president du conseil\u00a0\u00a0\u00a0Faure Gnassingb\u00e9 porte la voix du Togo\"}]},{\"@type\":\"WebSite\",\"@id\":\"https:\/\/mediatopnews.tg\/#website\",\"url\":\"https:\/\/mediatopnews.tg\/\",\"name\":\"R\u00e9c\u00e9piss\u00e9 N\u00b00026\/12-2020\/pl\/P\",\"description\":\"La toile de l&#039;information\",\"publisher\":{\"@id\":\"https:\/\/mediatopnews.tg\/#organization\"},\"potentialAction\":[{\"@type\":\"SearchAction\",\"target\":{\"@type\":\"EntryPoint\",\"urlTemplate\":\"https:\/\/mediatopnews.tg\/?s={search_term_string}\"},\"query-input\":{\"@type\":\"PropertyValueSpecification\",\"valueRequired\":true,\"valueName\":\"search_term_string\"}}],\"inLanguage\":\"fr-FR\"},{\"@type\":\"Organization\",\"@id\":\"https:\/\/mediatopnews.tg\/#organization\",\"name\":\"R\u00e9c\u00e9piss\u00e9 N\u00b00026\/12-2020\/pl\/P\",\"url\":\"https:\/\/mediatopnews.tg\/\",\"logo\":{\"@type\":\"ImageObject\",\"inLanguage\":\"fr-FR\",\"@id\":\"https:\/\/mediatopnews.tg\/#\/schema\/logo\/image\/\",\"url\":\"https:\/\/mediatopnews.tg\/wp-content\/uploads\/2023\/09\/cropped-cropped-WhatsApp-Image-2023-09-04-at-13.18.30-1-1.jpeg\",\"contentUrl\":\"https:\/\/mediatopnews.tg\/wp-content\/uploads\/2023\/09\/cropped-cropped-WhatsApp-Image-2023-09-04-at-13.18.30-1-1.jpeg\",\"width\":174,\"height\":147,\"caption\":\"R\u00e9c\u00e9piss\u00e9 N\u00b00026\/12-2020\/pl\/P\"},\"image\":{\"@id\":\"https:\/\/mediatopnews.tg\/#\/schema\/logo\/image\/\"}},{\"@type\":\"Person\",\"@id\":\"https:\/\/mediatopnews.tg\/#\/schema\/person\/5264fbaa15cdbc3bbc592caa5cb4bac6\",\"name\":\"La R\u00e9daction\",\"image\":{\"@type\":\"ImageObject\",\"inLanguage\":\"fr-FR\",\"@id\":\"https:\/\/mediatopnews.tg\/#\/schema\/person\/image\/\",\"url\":\"https:\/\/secure.gravatar.com\/avatar\/02c45ef53e124da0300332101a595f5186b781ff193f1243a768c52e15756dcc?s=96&d=mm&r=g\",\"contentUrl\":\"https:\/\/secure.gravatar.com\/avatar\/02c45ef53e124da0300332101a595f5186b781ff193f1243a768c52e15756dcc?s=96&d=mm&r=g\",\"caption\":\"La R\u00e9daction\"},\"url\":\"https:\/\/mediatopnews.tg\/?author=2\"}]}<\/script>\n<!-- \/ Yoast SEO plugin. -->","yoast_head_json":{"title":"26\u1d49 sommet de l\u2019Organisation de la coop\u00e9ration de Shanghai,le president du conseil\u00a0\u00a0\u00a0Faure Gnassingb\u00e9 porte la voix du Togo - R\u00e9c\u00e9piss\u00e9 N\u00b00026\/12-2020\/pl\/P","robots":{"index":"index","follow":"follow","max-snippet":"max-snippet:-1","max-image-preview":"max-image-preview:large","max-video-preview":"max-video-preview:-1"},"canonical":"https:\/\/mediatopnews.tg\/?p=15262","og_locale":"fr_FR","og_type":"article","og_title":"26\u1d49 sommet de l\u2019Organisation de la coop\u00e9ration de Shanghai,le president du conseil\u00a0\u00a0\u00a0Faure Gnassingb\u00e9 porte la voix du Togo - R\u00e9c\u00e9piss\u00e9 N\u00b00026\/12-2020\/pl\/P","og_description":"Le Pr\u00e9sident du Conseil, Faure Essozimna Gnassingb\u00e9, prend part au 26\u1d49 sommet de l\u2019Organisation de la coop\u00e9ration de Shanghai (OCS), ouvert ce lundi 31 ao\u00fbt \u00e0 Bichkek, au Kirghizistan. Ce rendez-vous international r\u00e9unit plusieurs chefs d\u2019\u00c9tat et de gouvernement autour des principaux enjeux de paix, de s\u00e9curit\u00e9, de d\u00e9veloppement et de coop\u00e9ration internationale. Plac\u00e9e sous [&hellip;]","og_url":"https:\/\/mediatopnews.tg\/?p=15262","og_site_name":"R\u00e9c\u00e9piss\u00e9 N\u00b00026\/12-2020\/pl\/P","article_published_time":"2026-09-01T05:24:48+00:00","article_modified_time":"2026-09-01T05:24:51+00:00","og_image":[{"width":1280,"height":955,"url":"https:\/\/mediatopnews.tg\/wp-content\/uploads\/2026\/09\/BISH-2.jpeg","type":"image\/jpeg"}],"author":"La R\u00e9daction","twitter_card":"summary_large_image","twitter_misc":{"\u00c9crit par":"La R\u00e9daction","Dur\u00e9e de lecture estim\u00e9e":"4 minutes"},"schema":{"@context":"https:\/\/schema.org","@graph":[{"@type":"Article","@id":"https:\/\/mediatopnews.tg\/?p=15262#article","isPartOf":{"@id":"https:\/\/mediatopnews.tg\/?p=15262"},"author":{"name":"La R\u00e9daction","@id":"https:\/\/mediatopnews.tg\/#\/schema\/person\/5264fbaa15cdbc3bbc592caa5cb4bac6"},"headline":"26\u1d49 sommet de l\u2019Organisation de la coop\u00e9ration de Shanghai,le president du conseil\u00a0\u00a0\u00a0Faure Gnassingb\u00e9 porte la voix du Togo","datePublished":"2026-09-01T05:24:48+00:00","dateModified":"2026-09-01T05:24:51+00:00","mainEntityOfPage":{"@id":"https:\/\/mediatopnews.tg\/?p=15262"},"wordCount":541,"commentCount":0,"publisher":{"@id":"https:\/\/mediatopnews.tg\/#organization"},"image":{"@id":"https:\/\/mediatopnews.tg\/?p=15262#primaryimage"},"thumbnailUrl":"https:\/\/mediatopnews.tg\/wp-content\/uploads\/2026\/09\/BISH-2.jpeg","articleSection":["POLITIQUE"],"inLanguage":"fr-FR","potentialAction":[{"@type":"CommentAction","name":"Comment","target":["https:\/\/mediatopnews.tg\/?p=15262#respond"]}]},{"@type":"WebPage","@id":"https:\/\/mediatopnews.tg\/?p=15262","url":"https:\/\/mediatopnews.tg\/?p=15262","name":"26\u1d49 sommet de l\u2019Organisation de la coop\u00e9ration de Shanghai,le president du conseil\u00a0\u00a0\u00a0Faure Gnassingb\u00e9 porte la voix du Togo - R\u00e9c\u00e9piss\u00e9 N\u00b00026\/12-2020\/pl\/P","isPartOf":{"@id":"https:\/\/mediatopnews.tg\/#website"},"primaryImageOfPage":{"@id":"https:\/\/mediatopnews.tg\/?p=15262#primaryimage"},"image":{"@id":"https:\/\/mediatopnews.tg\/?p=15262#primaryimage"},"thumbnailUrl":"https:\/\/mediatopnews.tg\/wp-content\/uploads\/2026\/09\/BISH-2.jpeg","datePublished":"2026-09-01T05:24:48+00:00","dateModified":"2026-09-01T05:24:51+00:00","breadcrumb":{"@id":"https:\/\/mediatopnews.tg\/?p=15262#breadcrumb"},"inLanguage":"fr-FR","potentialAction":[{"@type":"ReadAction","target":["https:\/\/mediatopnews.tg\/?p=15262"]}]},{"@type":"ImageObject","inLanguage":"fr-FR","@id":"https:\/\/mediatopnews.tg\/?p=15262#primaryimage","url":"https:\/\/mediatopnews.tg\/wp-content\/uploads\/2026\/09\/BISH-2.jpeg","contentUrl":"https:\/\/mediatopnews.tg\/wp-content\/uploads\/2026\/09\/BISH-2.jpeg","width":1280,"height":955},{"@type":"BreadcrumbList","@id":"https:\/\/mediatopnews.tg\/?p=15262#breadcrumb","itemListElement":[{"@type":"ListItem","position":1,"name":"Accueil","item":"https:\/\/mediatopnews.tg\/"},{"@type":"ListItem","position":2,"name":"26\u1d49 sommet de l\u2019Organisation de la coop\u00e9ration de Shanghai,le president du conseil\u00a0\u00a0\u00a0Faure Gnassingb\u00e9 porte la voix du Togo"}]},{"@type":"WebSite","@id":"https:\/\/mediatopnews.tg\/#website","url":"https:\/\/mediatopnews.tg\/","name":"R\u00e9c\u00e9piss\u00e9 N\u00b00026\/12-2020\/pl\/P","description":"La toile de l&#039;information","publisher":{"@id":"https:\/\/mediatopnews.tg\/#organization"},"potentialAction":[{"@type":"SearchAction","target":{"@type":"EntryPoint","urlTemplate":"https:\/\/mediatopnews.tg\/?s={search_term_string}"},"query-input":{"@type":"PropertyValueSpecification","valueRequired":true,"valueName":"search_term_string"}}],"inLanguage":"fr-FR"},{"@type":"Organization","@id":"https:\/\/mediatopnews.tg\/#organization","name":"R\u00e9c\u00e9piss\u00e9 N\u00b00026\/12-2020\/pl\/P","url":"https:\/\/mediatopnews.tg\/","logo":{"@type":"ImageObject","inLanguage":"fr-FR","@id":"https:\/\/mediatopnews.tg\/#\/schema\/logo\/image\/","url":"https:\/\/mediatopnews.tg\/wp-content\/uploads\/2023\/09\/cropped-cropped-WhatsApp-Image-2023-09-04-at-13.18.30-1-1.jpeg","contentUrl":"https:\/\/mediatopnews.tg\/wp-content\/uploads\/2023\/09\/cropped-cropped-WhatsApp-Image-2023-09-04-at-13.18.30-1-1.jpeg","width":174,"height":147,"caption":"R\u00e9c\u00e9piss\u00e9 N\u00b00026\/12-2020\/pl\/P"},"image":{"@id":"https:\/\/mediatopnews.tg\/#\/schema\/logo\/image\/"}},{"@type":"Person","@id":"https:\/\/mediatopnews.tg\/#\/schema\/person\/5264fbaa15cdbc3bbc592caa5cb4bac6","name":"La R\u00e9daction","image":{"@type":"ImageObject","inLanguage":"fr-FR","@id":"https:\/\/mediatopnews.tg\/#\/schema\/person\/image\/","url":"https:\/\/secure.gravatar.com\/avatar\/02c45ef53e124da0300332101a595f5186b781ff193f1243a768c52e15756dcc?s=96&d=mm&r=g","contentUrl":"https:\/\/secure.gravatar.com\/avatar\/02c45ef53e124da0300332101a595f5186b781ff193f1243a768c52e15756dcc?s=96&d=mm&r=g","caption":"La R\u00e9daction"},"url":"https:\/\/mediatopnews.tg\/?author=2"}]}},"_links":{"self":[{"href":"https:\/\/mediatopnews.tg\/index.php?rest_route=\/wp\/v2\/posts\/15262","targetHints":{"allow":["GET"]}}],"collection":[{"href":"https:\/\/mediatopnews.tg\/index.php?rest_route=\/wp\/v2\/posts"}],"about":[{"href":"https:\/\/mediatopnews.tg\/index.php?rest_route=\/wp\/v2\/types\/post"}],"author":[{"embeddable":true,"href":"https:\/\/mediatopnews.tg\/index.php?rest_route=\/wp\/v2\/users\/2"}],"replies":[{"embeddable":true,"href":"https:\/\/mediatopnews.tg\/index.php?rest_route=%2Fwp%2Fv2%2Fcomments&post=15262"}],"version-history":[{"count":1,"href":"https:\/\/mediatopnews.tg\/index.php?rest_route=\/wp\/v2\/posts\/15262\/revisions"}],"predecessor-version":[{"id":15266,"href":"https:\/\/mediatopnews.tg\/index.php?rest_route=\/wp\/v2\/posts\/15262\/revisions\/15266"}],"wp:featuredmedia":[{"embeddable":true,"href":"https:\/\/mediatopnews.tg\/index.php?rest_route=\/wp\/v2\/media\/15264"}],"wp:attachment":[{"href":"https:\/\/mediatopnews.tg\/index.php?rest_route=%2Fwp%2Fv2%2Fmedia&parent=15262"}],"wp:term":[{"taxonomy":"category","embeddable":true,"href":"https:\/\/mediatopnews.tg\/index.php?rest_route=%2Fwp%2Fv2%2Fcategories&post=15262"},{"taxonomy":"post_tag","embeddable":true,"href":"https:\/\/mediatopnews.tg\/index.php?rest_route=%2Fwp%2Fv2%2Ftags&post=15262"}],"curies":[{"name":"wp","href":"https:\/\/api.w.org\/{rel}","templated":true}]}}