{"id":15274,"date":"2026-09-01T07:55:46","date_gmt":"2026-09-01T07:55:46","guid":{"rendered":"https:\/\/mediatopnews.tg\/?p=15274"},"modified":"2026-09-01T07:55:58","modified_gmt":"2026-09-01T07:55:58","slug":"pvuj-2026-a-adakpame-pres-de-1-000-jeunes-mobilises-pour-developper-leurs-competences-et-leur-esprit-dinitiative","status":"publish","type":"post","link":"https:\/\/mediatopnews.tg\/?p=15274","title":{"rendered":"PVUJ 2026 : \u00e0 Adakpam\u00e9, pr\u00e8s de 1 000 jeunes mobilis\u00e9s pour d\u00e9velopper leurs comp\u00e9tences et leur esprit d\u2019initiative"},"content":{"rendered":"\n<p>Le Programme Vacances Utiles aux Jeunes (PVUJ 2026) a officiellement d\u00e9marr\u00e9 le lundi 31 ao\u00fbt 2026 au CEG Adakpam\u00e9. Plac\u00e9e sous le signe de la formation, de l\u2019inspiration et de l\u2019engagement, cette initiative port\u00e9e par l\u2019association Jeunesse en Mission pour le D\u00e9veloppement (JEMD) se poursuit jusqu\u2019au 5 septembre prochain.<\/p>\n\n\n\n<figure class=\"wp-block-image size-large\"><img loading=\"lazy\" decoding=\"async\" width=\"1024\" height=\"461\" src=\"https:\/\/mediatopnews.tg\/wp-content\/uploads\/2026\/09\/LANKLI-4-1024x461.jpeg\" alt=\"\" class=\"wp-image-15275\" srcset=\"https:\/\/mediatopnews.tg\/wp-content\/uploads\/2026\/09\/LANKLI-4-1024x461.jpeg 1024w, https:\/\/mediatopnews.tg\/wp-content\/uploads\/2026\/09\/LANKLI-4-300x135.jpeg 300w, https:\/\/mediatopnews.tg\/wp-content\/uploads\/2026\/09\/LANKLI-4-768x346.jpeg 768w, https:\/\/mediatopnews.tg\/wp-content\/uploads\/2026\/09\/LANKLI-4.jpeg 1280w\" sizes=\"auto, (max-width: 1024px) 100vw, 1024px\" \/><\/figure>\n\n\n\n<p>La c\u00e9r\u00e9monie d\u2019ouverture s\u2019est d\u00e9roul\u00e9e en pr\u00e9sence notamment de Sa Majest\u00e9 Togbui Adjikou Lanklivi Ier, chef du quartier d\u2019Adakpam\u00e9 Kpota-Colas, ainsi que de plusieurs personnalit\u00e9s et acteurs engag\u00e9s en faveur de l\u2019\u00e9panouissement de la jeunesse.<\/p>\n\n\n<figure class=\"wp-block-post-featured-image\"><img loading=\"lazy\" decoding=\"async\" width=\"1280\" height=\"576\" src=\"https:\/\/mediatopnews.tg\/wp-content\/uploads\/2026\/09\/TOF-LANKLI-1.jpeg\" class=\"attachment-post-thumbnail size-post-thumbnail wp-post-image\" alt=\"\" style=\"object-fit:cover;\" srcset=\"https:\/\/mediatopnews.tg\/wp-content\/uploads\/2026\/09\/TOF-LANKLI-1.jpeg 1280w, https:\/\/mediatopnews.tg\/wp-content\/uploads\/2026\/09\/TOF-LANKLI-1-300x135.jpeg 300w, https:\/\/mediatopnews.tg\/wp-content\/uploads\/2026\/09\/TOF-LANKLI-1-1024x461.jpeg 1024w, https:\/\/mediatopnews.tg\/wp-content\/uploads\/2026\/09\/TOF-LANKLI-1-768x346.jpeg 768w\" sizes=\"auto, (max-width: 1280px) 100vw, 1280px\" \/><\/figure>\n\n\n<p>Pour cette \u00e9dition, pr\u00e8s de 1 000 jeunes sont attendus autour du th\u00e8me : \u00ab Jeunes engag\u00e9s, comp\u00e9tences acquises, avenir assur\u00e9 \u00bb. \u00c0 travers ce programme de six jours, la JEMD entend mettre \u00e0 la disposition des participants des outils susceptibles de renforcer leur autonomie, leur cr\u00e9ativit\u00e9, leur capacit\u00e9 d\u2019innovation et leur esprit d\u2019initiative.<\/p>\n\n\n\n<figure class=\"wp-block-image size-large\"><img loading=\"lazy\" decoding=\"async\" width=\"1024\" height=\"461\" src=\"https:\/\/mediatopnews.tg\/wp-content\/uploads\/2026\/09\/LANKLI-3-1024x461.jpeg\" alt=\"\" class=\"wp-image-15276\" srcset=\"https:\/\/mediatopnews.tg\/wp-content\/uploads\/2026\/09\/LANKLI-3-1024x461.jpeg 1024w, https:\/\/mediatopnews.tg\/wp-content\/uploads\/2026\/09\/LANKLI-3-300x135.jpeg 300w, https:\/\/mediatopnews.tg\/wp-content\/uploads\/2026\/09\/LANKLI-3-768x346.jpeg 768w, https:\/\/mediatopnews.tg\/wp-content\/uploads\/2026\/09\/LANKLI-3.jpeg 1280w\" sizes=\"auto, (max-width: 1024px) 100vw, 1024px\" \/><\/figure>\n\n\n\n<p>\u00c0 l\u2019ouverture des travaux, le repr\u00e9sentant du ministre de la Jeunesse a invit\u00e9 les jeunes \u00e0 tirer pleinement profit de cette opportunit\u00e9 de formation. Il les a exhort\u00e9s \u00e0 avoir confiance en leurs capacit\u00e9s et \u00e0 cultiver la pers\u00e9v\u00e9rance, la responsabilit\u00e9 et l\u2019int\u00e9grit\u00e9.<\/p>\n\n\n\n<p>\u00ab Ne vous contentez pas d\u2019attendre les opportunit\u00e9s, mais pr\u00e9parez-vous \u00e0 les cr\u00e9er et \u00e0 les saisir \u00bb, a-t-il conseill\u00e9, invitant les participants \u00e0 adopter une d\u00e9marche r\u00e9solument tourn\u00e9e vers l\u2019action et la prise d\u2019initiative.<\/p>\n\n\n\n<figure class=\"wp-block-image size-large\"><img loading=\"lazy\" decoding=\"async\" width=\"1024\" height=\"461\" src=\"https:\/\/mediatopnews.tg\/wp-content\/uploads\/2026\/09\/TOF-LANKLI-1-1024x461.jpeg\" alt=\"\" class=\"wp-image-15277\" srcset=\"https:\/\/mediatopnews.tg\/wp-content\/uploads\/2026\/09\/TOF-LANKLI-1-1024x461.jpeg 1024w, https:\/\/mediatopnews.tg\/wp-content\/uploads\/2026\/09\/TOF-LANKLI-1-300x135.jpeg 300w, https:\/\/mediatopnews.tg\/wp-content\/uploads\/2026\/09\/TOF-LANKLI-1-768x346.jpeg 768w, https:\/\/mediatopnews.tg\/wp-content\/uploads\/2026\/09\/TOF-LANKLI-1.jpeg 1280w\" sizes=\"auto, (max-width: 1024px) 100vw, 1024px\" \/><\/figure>\n\n\n\n<p>Les premi\u00e8res sessions ont \u00e9t\u00e9 consacr\u00e9es notamment \u00e0 l\u2019esprit d\u2019initiative, \u00e0 la cr\u00e9ativit\u00e9 et \u00e0 l\u2019innovation. Des comp\u00e9tences consid\u00e9r\u00e9es comme essentielles pour permettre aux jeunes de mieux faire face aux exigences du monde professionnel et de d\u00e9velopper, le cas \u00e9ch\u00e9ant, leurs propres projets entrepreneuriaux.<\/p>\n\n\n\n<p><strong>Des t\u00e9moignages pour encourager l\u2019audace<\/strong><\/p>\n\n\n\n<p>Cette premi\u00e8re journ\u00e9e a \u00e9galement \u00e9t\u00e9 marqu\u00e9e par les t\u00e9moignages de deux figures camerounaises du cin\u00e9ma et de l\u2019entrepreneuriat, Alain Tenzon et Rigobert Tamwa. \u00c0 travers leurs parcours respectifs, ils ont partag\u00e9 avec les jeunes leurs exp\u00e9riences, leurs difficult\u00e9s ainsi que les enseignements tir\u00e9s des \u00e9checs rencontr\u00e9s sur le chemin de la r\u00e9ussite.<\/p>\n\n\n\n<p>Pour Alain Tenzon, la peur d\u2019\u00e9chouer constitue souvent un frein \u00e0 l\u2019initiative chez les jeunes. Il les a ainsi encourag\u00e9s \u00e0 oser entreprendre, innover et agir, en consid\u00e9rant les difficult\u00e9s comme des \u00e9tapes susceptibles de contribuer \u00e0 leur progression.<\/p>\n\n\n\n<p>Ces t\u00e9moignages ont permis de mettre en avant une id\u00e9e forte : l\u2019\u00e9chec ne doit pas \u00eatre per\u00e7u comme une fin, mais comme une exp\u00e9rience permettant de mieux se construire et de poursuivre son chemin avec davantage de d\u00e9termination.<\/p>\n\n\n\n<figure class=\"wp-block-image size-large\"><img loading=\"lazy\" decoding=\"async\" width=\"1024\" height=\"461\" src=\"https:\/\/mediatopnews.tg\/wp-content\/uploads\/2026\/09\/LANKLI-4-1-1024x461.jpeg\" alt=\"\" class=\"wp-image-15278\" srcset=\"https:\/\/mediatopnews.tg\/wp-content\/uploads\/2026\/09\/LANKLI-4-1-1024x461.jpeg 1024w, https:\/\/mediatopnews.tg\/wp-content\/uploads\/2026\/09\/LANKLI-4-1-300x135.jpeg 300w, https:\/\/mediatopnews.tg\/wp-content\/uploads\/2026\/09\/LANKLI-4-1-768x346.jpeg 768w, https:\/\/mediatopnews.tg\/wp-content\/uploads\/2026\/09\/LANKLI-4-1.jpeg 1280w\" sizes=\"auto, (max-width: 1024px) 100vw, 1024px\" \/><\/figure>\n\n\n\n<p><strong>Un programme ax\u00e9 sur l\u2019impact<\/strong><\/p>\n\n\n\n<p>Pour le pr\u00e9sident de la JEMD, Komi Alagbo, le PVUJ ne se r\u00e9sume pas \u00e0 une succession de conf\u00e9rences et de s\u00e9ances de formation. L\u2019organisation entend mesurer, au quotidien, l\u2019impact des diff\u00e9rentes activit\u00e9s sur les participants.<\/p>\n\n\n\n<p>Chaque journ\u00e9e fera ainsi l\u2019objet d\u2019une \u00e9valuation afin de v\u00e9rifier les acquis et de mesurer les changements op\u00e9r\u00e9s chez les jeunes. L\u2019objectif, explique-t-il, est qu\u2019au terme de chaque session, les participants repartent avec une nouvelle mani\u00e8re de r\u00e9fl\u00e9chir, de percevoir leur environnement et d\u2019envisager leur engagement dans la soci\u00e9t\u00e9.<\/p>\n\n\n\n<p>La programmation pr\u00e9voit \u00e9galement la participation de plusieurs artistes et personnalit\u00e9s, parmi lesquels King Mensah, Santrinos et Ralycia. Les humoristes ivoiriens Agalawal et Boukary apporteront \u00e9galement leur contribution \u00e0 travers des t\u00e9moignages et des moments d\u2019inspiration articul\u00e9s autour de leurs propres exp\u00e9riences.<\/p>\n\n\n\n<p><strong>Transformer les vacances en opportunit\u00e9s<\/strong><\/p>\n\n\n\n<p>\u00c0 travers le PVUJ 2026, la JEMD entend faire des vacances scolaires une p\u00e9riode utile \u00e0 l\u2019acquisition de nouvelles comp\u00e9tences et \u00e0 la pr\u00e9paration de l\u2019avenir. Formation, coaching, \u00e9changes d\u2019exp\u00e9riences et rencontres constituent les principaux leviers de ce programme destin\u00e9 \u00e0 stimuler l\u2019engagement et l\u2019autonomisation des jeunes.<\/p>\n\n\n\n<figure class=\"wp-block-image size-large\"><img loading=\"lazy\" decoding=\"async\" width=\"1024\" height=\"461\" src=\"https:\/\/mediatopnews.tg\/wp-content\/uploads\/2026\/09\/tof-lankli-2-1024x461.jpeg\" alt=\"\" class=\"wp-image-15279\" srcset=\"https:\/\/mediatopnews.tg\/wp-content\/uploads\/2026\/09\/tof-lankli-2-1024x461.jpeg 1024w, https:\/\/mediatopnews.tg\/wp-content\/uploads\/2026\/09\/tof-lankli-2-300x135.jpeg 300w, https:\/\/mediatopnews.tg\/wp-content\/uploads\/2026\/09\/tof-lankli-2-768x346.jpeg 768w, https:\/\/mediatopnews.tg\/wp-content\/uploads\/2026\/09\/tof-lankli-2.jpeg 1280w\" sizes=\"auto, (max-width: 1024px) 100vw, 1024px\" \/><\/figure>\n\n\n\n<p>Avec l\u2019accompagnement de Togbui Adjikou Lanklivi Ier, l\u2019initiative ambitionne ainsi de transformer le temps des vacances en un v\u00e9ritable espace d\u2019apprentissage et de d\u00e9veloppement personnel.<\/p>\n\n\n\n<p>Durant six jours, les participants sont appel\u00e9s \u00e0 renforcer leurs capacit\u00e9s, \u00e0 nourrir leurs ambitions et surtout \u00e0 d\u00e9velopper les aptitudes n\u00e9cessaires pour devenir des acteurs de leur propre avenir.<\/p>\n\n\n\n<p><strong>TOESSI Adjovi<\/strong><\/p>\n","protected":false},"excerpt":{"rendered":"<p>Le Programme Vacances Utiles aux Jeunes (PVUJ 2026) a officiellement d\u00e9marr\u00e9 le lundi 31 ao\u00fbt 2026 au CEG Adakpam\u00e9. Plac\u00e9e sous le signe de la formation, de l\u2019inspiration et de l\u2019engagement, cette initiative port\u00e9e par l\u2019association Jeunesse en Mission pour le D\u00e9veloppement (JEMD) se poursuit jusqu\u2019au 5 septembre prochain. La c\u00e9r\u00e9monie d\u2019ouverture s\u2019est d\u00e9roul\u00e9e en [&hellip;]<\/p>\n","protected":false},"author":2,"featured_media":15277,"comment_status":"open","ping_status":"closed","sticky":false,"template":"","format":"standard","meta":{"footnotes":""},"categories":[3],"tags":[],"class_list":["post-15274","post","type-post","status-publish","format-standard","has-post-thumbnail","hentry","category-societe"],"yoast_head":"<!-- This site is optimized with the Yoast SEO plugin v26.5 - https:\/\/yoast.com\/wordpress\/plugins\/seo\/ -->\n<title>PVUJ 2026 : \u00e0 Adakpam\u00e9, pr\u00e8s de 1 000 jeunes mobilis\u00e9s pour d\u00e9velopper leurs comp\u00e9tences et leur esprit d\u2019initiative - R\u00e9c\u00e9piss\u00e9 N\u00b00026\/12-2020\/pl\/P<\/title>\n<meta name=\"robots\" content=\"index, follow, max-snippet:-1, max-image-preview:large, max-video-preview:-1\" \/>\n<link rel=\"canonical\" href=\"https:\/\/mediatopnews.tg\/?p=15274\" \/>\n<meta property=\"og:locale\" content=\"fr_FR\" \/>\n<meta property=\"og:type\" content=\"article\" \/>\n<meta property=\"og:title\" content=\"PVUJ 2026 : \u00e0 Adakpam\u00e9, pr\u00e8s de 1 000 jeunes mobilis\u00e9s pour d\u00e9velopper leurs comp\u00e9tences et leur esprit d\u2019initiative - R\u00e9c\u00e9piss\u00e9 N\u00b00026\/12-2020\/pl\/P\" \/>\n<meta property=\"og:description\" content=\"Le Programme Vacances Utiles aux Jeunes (PVUJ 2026) a officiellement d\u00e9marr\u00e9 le lundi 31 ao\u00fbt 2026 au CEG Adakpam\u00e9. Plac\u00e9e sous le signe de la formation, de l\u2019inspiration et de l\u2019engagement, cette initiative port\u00e9e par l\u2019association Jeunesse en Mission pour le D\u00e9veloppement (JEMD) se poursuit jusqu\u2019au 5 septembre prochain. La c\u00e9r\u00e9monie d\u2019ouverture s\u2019est d\u00e9roul\u00e9e en [&hellip;]\" \/>\n<meta property=\"og:url\" content=\"https:\/\/mediatopnews.tg\/?p=15274\" \/>\n<meta property=\"og:site_name\" content=\"R\u00e9c\u00e9piss\u00e9 N\u00b00026\/12-2020\/pl\/P\" \/>\n<meta property=\"article:published_time\" content=\"2026-09-01T07:55:46+00:00\" \/>\n<meta property=\"article:modified_time\" content=\"2026-09-01T07:55:58+00:00\" \/>\n<meta property=\"og:image\" content=\"https:\/\/mediatopnews.tg\/wp-content\/uploads\/2026\/09\/TOF-LANKLI-1.jpeg\" \/>\n\t<meta property=\"og:image:width\" content=\"1280\" \/>\n\t<meta property=\"og:image:height\" content=\"576\" \/>\n\t<meta property=\"og:image:type\" content=\"image\/jpeg\" \/>\n<meta name=\"author\" content=\"La R\u00e9daction\" \/>\n<meta name=\"twitter:card\" content=\"summary_large_image\" \/>\n<meta name=\"twitter:label1\" content=\"\u00c9crit par\" \/>\n\t<meta name=\"twitter:data1\" content=\"La R\u00e9daction\" \/>\n\t<meta name=\"twitter:label2\" content=\"Dur\u00e9e de lecture estim\u00e9e\" \/>\n\t<meta name=\"twitter:data2\" content=\"5 minutes\" \/>\n<script type=\"application\/ld+json\" class=\"yoast-schema-graph\">{\"@context\":\"https:\/\/schema.org\",\"@graph\":[{\"@type\":\"Article\",\"@id\":\"https:\/\/mediatopnews.tg\/?p=15274#article\",\"isPartOf\":{\"@id\":\"https:\/\/mediatopnews.tg\/?p=15274\"},\"author\":{\"name\":\"La R\u00e9daction\",\"@id\":\"https:\/\/mediatopnews.tg\/#\/schema\/person\/5264fbaa15cdbc3bbc592caa5cb4bac6\"},\"headline\":\"PVUJ 2026 : \u00e0 Adakpam\u00e9, pr\u00e8s de 1 000 jeunes mobilis\u00e9s pour d\u00e9velopper leurs comp\u00e9tences et leur esprit d\u2019initiative\",\"datePublished\":\"2026-09-01T07:55:46+00:00\",\"dateModified\":\"2026-09-01T07:55:58+00:00\",\"mainEntityOfPage\":{\"@id\":\"https:\/\/mediatopnews.tg\/?p=15274\"},\"wordCount\":744,\"commentCount\":0,\"publisher\":{\"@id\":\"https:\/\/mediatopnews.tg\/#organization\"},\"image\":{\"@id\":\"https:\/\/mediatopnews.tg\/?p=15274#primaryimage\"},\"thumbnailUrl\":\"https:\/\/mediatopnews.tg\/wp-content\/uploads\/2026\/09\/TOF-LANKLI-1.jpeg\",\"articleSection\":[\"SOCIETE\"],\"inLanguage\":\"fr-FR\",\"potentialAction\":[{\"@type\":\"CommentAction\",\"name\":\"Comment\",\"target\":[\"https:\/\/mediatopnews.tg\/?p=15274#respond\"]}]},{\"@type\":\"WebPage\",\"@id\":\"https:\/\/mediatopnews.tg\/?p=15274\",\"url\":\"https:\/\/mediatopnews.tg\/?p=15274\",\"name\":\"PVUJ 2026 : \u00e0 Adakpam\u00e9, pr\u00e8s de 1 000 jeunes mobilis\u00e9s pour d\u00e9velopper leurs comp\u00e9tences et leur esprit d\u2019initiative - R\u00e9c\u00e9piss\u00e9 N\u00b00026\/12-2020\/pl\/P\",\"isPartOf\":{\"@id\":\"https:\/\/mediatopnews.tg\/#website\"},\"primaryImageOfPage\":{\"@id\":\"https:\/\/mediatopnews.tg\/?p=15274#primaryimage\"},\"image\":{\"@id\":\"https:\/\/mediatopnews.tg\/?p=15274#primaryimage\"},\"thumbnailUrl\":\"https:\/\/mediatopnews.tg\/wp-content\/uploads\/2026\/09\/TOF-LANKLI-1.jpeg\",\"datePublished\":\"2026-09-01T07:55:46+00:00\",\"dateModified\":\"2026-09-01T07:55:58+00:00\",\"breadcrumb\":{\"@id\":\"https:\/\/mediatopnews.tg\/?p=15274#breadcrumb\"},\"inLanguage\":\"fr-FR\",\"potentialAction\":[{\"@type\":\"ReadAction\",\"target\":[\"https:\/\/mediatopnews.tg\/?p=15274\"]}]},{\"@type\":\"ImageObject\",\"inLanguage\":\"fr-FR\",\"@id\":\"https:\/\/mediatopnews.tg\/?p=15274#primaryimage\",\"url\":\"https:\/\/mediatopnews.tg\/wp-content\/uploads\/2026\/09\/TOF-LANKLI-1.jpeg\",\"contentUrl\":\"https:\/\/mediatopnews.tg\/wp-content\/uploads\/2026\/09\/TOF-LANKLI-1.jpeg\",\"width\":1280,\"height\":576},{\"@type\":\"BreadcrumbList\",\"@id\":\"https:\/\/mediatopnews.tg\/?p=15274#breadcrumb\",\"itemListElement\":[{\"@type\":\"ListItem\",\"position\":1,\"name\":\"Accueil\",\"item\":\"https:\/\/mediatopnews.tg\/\"},{\"@type\":\"ListItem\",\"position\":2,\"name\":\"PVUJ 2026 : \u00e0 Adakpam\u00e9, pr\u00e8s de 1 000 jeunes mobilis\u00e9s pour d\u00e9velopper leurs comp\u00e9tences et leur esprit d\u2019initiative\"}]},{\"@type\":\"WebSite\",\"@id\":\"https:\/\/mediatopnews.tg\/#website\",\"url\":\"https:\/\/mediatopnews.tg\/\",\"name\":\"R\u00e9c\u00e9piss\u00e9 N\u00b00026\/12-2020\/pl\/P\",\"description\":\"La toile de l&#039;information\",\"publisher\":{\"@id\":\"https:\/\/mediatopnews.tg\/#organization\"},\"potentialAction\":[{\"@type\":\"SearchAction\",\"target\":{\"@type\":\"EntryPoint\",\"urlTemplate\":\"https:\/\/mediatopnews.tg\/?s={search_term_string}\"},\"query-input\":{\"@type\":\"PropertyValueSpecification\",\"valueRequired\":true,\"valueName\":\"search_term_string\"}}],\"inLanguage\":\"fr-FR\"},{\"@type\":\"Organization\",\"@id\":\"https:\/\/mediatopnews.tg\/#organization\",\"name\":\"R\u00e9c\u00e9piss\u00e9 N\u00b00026\/12-2020\/pl\/P\",\"url\":\"https:\/\/mediatopnews.tg\/\",\"logo\":{\"@type\":\"ImageObject\",\"inLanguage\":\"fr-FR\",\"@id\":\"https:\/\/mediatopnews.tg\/#\/schema\/logo\/image\/\",\"url\":\"https:\/\/mediatopnews.tg\/wp-content\/uploads\/2023\/09\/cropped-cropped-WhatsApp-Image-2023-09-04-at-13.18.30-1-1.jpeg\",\"contentUrl\":\"https:\/\/mediatopnews.tg\/wp-content\/uploads\/2023\/09\/cropped-cropped-WhatsApp-Image-2023-09-04-at-13.18.30-1-1.jpeg\",\"width\":174,\"height\":147,\"caption\":\"R\u00e9c\u00e9piss\u00e9 N\u00b00026\/12-2020\/pl\/P\"},\"image\":{\"@id\":\"https:\/\/mediatopnews.tg\/#\/schema\/logo\/image\/\"}},{\"@type\":\"Person\",\"@id\":\"https:\/\/mediatopnews.tg\/#\/schema\/person\/5264fbaa15cdbc3bbc592caa5cb4bac6\",\"name\":\"La R\u00e9daction\",\"image\":{\"@type\":\"ImageObject\",\"inLanguage\":\"fr-FR\",\"@id\":\"https:\/\/mediatopnews.tg\/#\/schema\/person\/image\/\",\"url\":\"https:\/\/secure.gravatar.com\/avatar\/02c45ef53e124da0300332101a595f5186b781ff193f1243a768c52e15756dcc?s=96&d=mm&r=g\",\"contentUrl\":\"https:\/\/secure.gravatar.com\/avatar\/02c45ef53e124da0300332101a595f5186b781ff193f1243a768c52e15756dcc?s=96&d=mm&r=g\",\"caption\":\"La R\u00e9daction\"},\"url\":\"https:\/\/mediatopnews.tg\/?author=2\"}]}<\/script>\n<!-- \/ Yoast SEO plugin. -->","yoast_head_json":{"title":"PVUJ 2026 : \u00e0 Adakpam\u00e9, pr\u00e8s de 1 000 jeunes mobilis\u00e9s pour d\u00e9velopper leurs comp\u00e9tences et leur esprit d\u2019initiative - R\u00e9c\u00e9piss\u00e9 N\u00b00026\/12-2020\/pl\/P","robots":{"index":"index","follow":"follow","max-snippet":"max-snippet:-1","max-image-preview":"max-image-preview:large","max-video-preview":"max-video-preview:-1"},"canonical":"https:\/\/mediatopnews.tg\/?p=15274","og_locale":"fr_FR","og_type":"article","og_title":"PVUJ 2026 : \u00e0 Adakpam\u00e9, pr\u00e8s de 1 000 jeunes mobilis\u00e9s pour d\u00e9velopper leurs comp\u00e9tences et leur esprit d\u2019initiative - R\u00e9c\u00e9piss\u00e9 N\u00b00026\/12-2020\/pl\/P","og_description":"Le Programme Vacances Utiles aux Jeunes (PVUJ 2026) a officiellement d\u00e9marr\u00e9 le lundi 31 ao\u00fbt 2026 au CEG Adakpam\u00e9. Plac\u00e9e sous le signe de la formation, de l\u2019inspiration et de l\u2019engagement, cette initiative port\u00e9e par l\u2019association Jeunesse en Mission pour le D\u00e9veloppement (JEMD) se poursuit jusqu\u2019au 5 septembre prochain. La c\u00e9r\u00e9monie d\u2019ouverture s\u2019est d\u00e9roul\u00e9e en [&hellip;]","og_url":"https:\/\/mediatopnews.tg\/?p=15274","og_site_name":"R\u00e9c\u00e9piss\u00e9 N\u00b00026\/12-2020\/pl\/P","article_published_time":"2026-09-01T07:55:46+00:00","article_modified_time":"2026-09-01T07:55:58+00:00","og_image":[{"width":1280,"height":576,"url":"https:\/\/mediatopnews.tg\/wp-content\/uploads\/2026\/09\/TOF-LANKLI-1.jpeg","type":"image\/jpeg"}],"author":"La R\u00e9daction","twitter_card":"summary_large_image","twitter_misc":{"\u00c9crit par":"La R\u00e9daction","Dur\u00e9e de lecture estim\u00e9e":"5 minutes"},"schema":{"@context":"https:\/\/schema.org","@graph":[{"@type":"Article","@id":"https:\/\/mediatopnews.tg\/?p=15274#article","isPartOf":{"@id":"https:\/\/mediatopnews.tg\/?p=15274"},"author":{"name":"La R\u00e9daction","@id":"https:\/\/mediatopnews.tg\/#\/schema\/person\/5264fbaa15cdbc3bbc592caa5cb4bac6"},"headline":"PVUJ 2026 : \u00e0 Adakpam\u00e9, pr\u00e8s de 1 000 jeunes mobilis\u00e9s pour d\u00e9velopper leurs comp\u00e9tences et leur esprit d\u2019initiative","datePublished":"2026-09-01T07:55:46+00:00","dateModified":"2026-09-01T07:55:58+00:00","mainEntityOfPage":{"@id":"https:\/\/mediatopnews.tg\/?p=15274"},"wordCount":744,"commentCount":0,"publisher":{"@id":"https:\/\/mediatopnews.tg\/#organization"},"image":{"@id":"https:\/\/mediatopnews.tg\/?p=15274#primaryimage"},"thumbnailUrl":"https:\/\/mediatopnews.tg\/wp-content\/uploads\/2026\/09\/TOF-LANKLI-1.jpeg","articleSection":["SOCIETE"],"inLanguage":"fr-FR","potentialAction":[{"@type":"CommentAction","name":"Comment","target":["https:\/\/mediatopnews.tg\/?p=15274#respond"]}]},{"@type":"WebPage","@id":"https:\/\/mediatopnews.tg\/?p=15274","url":"https:\/\/mediatopnews.tg\/?p=15274","name":"PVUJ 2026 : \u00e0 Adakpam\u00e9, pr\u00e8s de 1 000 jeunes mobilis\u00e9s pour d\u00e9velopper leurs comp\u00e9tences et leur esprit d\u2019initiative - R\u00e9c\u00e9piss\u00e9 N\u00b00026\/12-2020\/pl\/P","isPartOf":{"@id":"https:\/\/mediatopnews.tg\/#website"},"primaryImageOfPage":{"@id":"https:\/\/mediatopnews.tg\/?p=15274#primaryimage"},"image":{"@id":"https:\/\/mediatopnews.tg\/?p=15274#primaryimage"},"thumbnailUrl":"https:\/\/mediatopnews.tg\/wp-content\/uploads\/2026\/09\/TOF-LANKLI-1.jpeg","datePublished":"2026-09-01T07:55:46+00:00","dateModified":"2026-09-01T07:55:58+00:00","breadcrumb":{"@id":"https:\/\/mediatopnews.tg\/?p=15274#breadcrumb"},"inLanguage":"fr-FR","potentialAction":[{"@type":"ReadAction","target":["https:\/\/mediatopnews.tg\/?p=15274"]}]},{"@type":"ImageObject","inLanguage":"fr-FR","@id":"https:\/\/mediatopnews.tg\/?p=15274#primaryimage","url":"https:\/\/mediatopnews.tg\/wp-content\/uploads\/2026\/09\/TOF-LANKLI-1.jpeg","contentUrl":"https:\/\/mediatopnews.tg\/wp-content\/uploads\/2026\/09\/TOF-LANKLI-1.jpeg","width":1280,"height":576},{"@type":"BreadcrumbList","@id":"https:\/\/mediatopnews.tg\/?p=15274#breadcrumb","itemListElement":[{"@type":"ListItem","position":1,"name":"Accueil","item":"https:\/\/mediatopnews.tg\/"},{"@type":"ListItem","position":2,"name":"PVUJ 2026 : \u00e0 Adakpam\u00e9, pr\u00e8s de 1 000 jeunes mobilis\u00e9s pour d\u00e9velopper leurs comp\u00e9tences et leur esprit d\u2019initiative"}]},{"@type":"WebSite","@id":"https:\/\/mediatopnews.tg\/#website","url":"https:\/\/mediatopnews.tg\/","name":"R\u00e9c\u00e9piss\u00e9 N\u00b00026\/12-2020\/pl\/P","description":"La toile de l&#039;information","publisher":{"@id":"https:\/\/mediatopnews.tg\/#organization"},"potentialAction":[{"@type":"SearchAction","target":{"@type":"EntryPoint","urlTemplate":"https:\/\/mediatopnews.tg\/?s={search_term_string}"},"query-input":{"@type":"PropertyValueSpecification","valueRequired":true,"valueName":"search_term_string"}}],"inLanguage":"fr-FR"},{"@type":"Organization","@id":"https:\/\/mediatopnews.tg\/#organization","name":"R\u00e9c\u00e9piss\u00e9 N\u00b00026\/12-2020\/pl\/P","url":"https:\/\/mediatopnews.tg\/","logo":{"@type":"ImageObject","inLanguage":"fr-FR","@id":"https:\/\/mediatopnews.tg\/#\/schema\/logo\/image\/","url":"https:\/\/mediatopnews.tg\/wp-content\/uploads\/2023\/09\/cropped-cropped-WhatsApp-Image-2023-09-04-at-13.18.30-1-1.jpeg","contentUrl":"https:\/\/mediatopnews.tg\/wp-content\/uploads\/2023\/09\/cropped-cropped-WhatsApp-Image-2023-09-04-at-13.18.30-1-1.jpeg","width":174,"height":147,"caption":"R\u00e9c\u00e9piss\u00e9 N\u00b00026\/12-2020\/pl\/P"},"image":{"@id":"https:\/\/mediatopnews.tg\/#\/schema\/logo\/image\/"}},{"@type":"Person","@id":"https:\/\/mediatopnews.tg\/#\/schema\/person\/5264fbaa15cdbc3bbc592caa5cb4bac6","name":"La R\u00e9daction","image":{"@type":"ImageObject","inLanguage":"fr-FR","@id":"https:\/\/mediatopnews.tg\/#\/schema\/person\/image\/","url":"https:\/\/secure.gravatar.com\/avatar\/02c45ef53e124da0300332101a595f5186b781ff193f1243a768c52e15756dcc?s=96&d=mm&r=g","contentUrl":"https:\/\/secure.gravatar.com\/avatar\/02c45ef53e124da0300332101a595f5186b781ff193f1243a768c52e15756dcc?s=96&d=mm&r=g","caption":"La R\u00e9daction"},"url":"https:\/\/mediatopnews.tg\/?author=2"}]}},"_links":{"self":[{"href":"https:\/\/mediatopnews.tg\/index.php?rest_route=\/wp\/v2\/posts\/15274","targetHints":{"allow":["GET"]}}],"collection":[{"href":"https:\/\/mediatopnews.tg\/index.php?rest_route=\/wp\/v2\/posts"}],"about":[{"href":"https:\/\/mediatopnews.tg\/index.php?rest_route=\/wp\/v2\/types\/post"}],"author":[{"embeddable":true,"href":"https:\/\/mediatopnews.tg\/index.php?rest_route=\/wp\/v2\/users\/2"}],"replies":[{"embeddable":true,"href":"https:\/\/mediatopnews.tg\/index.php?rest_route=%2Fwp%2Fv2%2Fcomments&post=15274"}],"version-history":[{"count":1,"href":"https:\/\/mediatopnews.tg\/index.php?rest_route=\/wp\/v2\/posts\/15274\/revisions"}],"predecessor-version":[{"id":15280,"href":"https:\/\/mediatopnews.tg\/index.php?rest_route=\/wp\/v2\/posts\/15274\/revisions\/15280"}],"wp:featuredmedia":[{"embeddable":true,"href":"https:\/\/mediatopnews.tg\/index.php?rest_route=\/wp\/v2\/media\/15277"}],"wp:attachment":[{"href":"https:\/\/mediatopnews.tg\/index.php?rest_route=%2Fwp%2Fv2%2Fmedia&parent=15274"}],"wp:term":[{"taxonomy":"category","embeddable":true,"href":"https:\/\/mediatopnews.tg\/index.php?rest_route=%2Fwp%2Fv2%2Fcategories&post=15274"},{"taxonomy":"post_tag","embeddable":true,"href":"https:\/\/mediatopnews.tg\/index.php?rest_route=%2Fwp%2Fv2%2Ftags&post=15274"}],"curies":[{"name":"wp","href":"https:\/\/api.w.org\/{rel}","templated":true}]}}