{"id":15287,"date":"2026-09-03T06:29:48","date_gmt":"2026-09-03T06:29:48","guid":{"rendered":"https:\/\/mediatopnews.tg\/?p=15287"},"modified":"2026-09-03T06:29:53","modified_gmt":"2026-09-03T06:29:53","slug":"togo-bielorussie-faure-gnassingbe-et-alexandre-loukachenko-reaffirment-leur-volonte-de-renforcer-la-cooperation-bilaterale","status":"publish","type":"post","link":"https:\/\/mediatopnews.tg\/?p=15287","title":{"rendered":"Togo\u2013Bi\u00e9lorussie : Faure Gnassingb\u00e9 et Alexandre Loukachenko r\u00e9affirment leur volont\u00e9 de renforcer la coop\u00e9ration bilat\u00e9rale"},"content":{"rendered":"\n<p>En marge du 26\u1d49 sommet de l\u2019Organisation de coop\u00e9ration de Shanghai (OCS), le Pr\u00e9sident du Conseil, Faure Essozimna Gnassingb\u00e9, s\u2019est entretenu, le 1er septembre 2026 \u00e0 Bichkek, avec le Pr\u00e9sident de la Bi\u00e9lorussie, Alexandre Loukachenko. Cette rencontre s\u2019inscrit dans la dynamique de consolidation et d\u2019approfondissement des relations de coop\u00e9ration entre Lom\u00e9 et Minsk.<\/p>\n\n\n<figure class=\"wp-block-post-featured-image\"><img loading=\"lazy\" decoding=\"async\" width=\"703\" height=\"538\" src=\"https:\/\/mediatopnews.tg\/wp-content\/uploads\/2026\/09\/FEG-LUKA.png\" class=\"attachment-post-thumbnail size-post-thumbnail wp-post-image\" alt=\"\" style=\"object-fit:cover;\" srcset=\"https:\/\/mediatopnews.tg\/wp-content\/uploads\/2026\/09\/FEG-LUKA.png 703w, https:\/\/mediatopnews.tg\/wp-content\/uploads\/2026\/09\/FEG-LUKA-300x230.png 300w\" sizes=\"auto, (max-width: 703px) 100vw, 703px\" \/><\/figure>\n\n\n<p>Au cours des \u00e9changes, le Pr\u00e9sident bi\u00e9lorusse a salu\u00e9 l\u2019implication personnelle de Faure Gnassingb\u00e9 dans la dynamisation des relations entre les deux pays. Alexandre Loukachenko a r\u00e9affirm\u00e9 la disponibilit\u00e9 de la Bi\u00e9lorussie \u00e0 poursuivre ses efforts en faveur du renforcement de ce partenariat.<\/p>\n\n\n\n<p>Plusieurs secteurs prioritaires ont \u00e9t\u00e9 identifi\u00e9s, notamment la s\u00e9curit\u00e9 alimentaire, l\u2019agro-industrie, la m\u00e9canisation agricole, le secteur minier ainsi que les services bancaires. Minsk entend \u00e9galement accompagner la mise en \u0153uvre de la feuille de route convenue avec Lom\u00e9, notamment \u00e0 travers la promotion de partenariats entre les secteurs priv\u00e9s des deux pays.<\/p>\n\n\n\n<p>De son c\u00f4t\u00e9, le Pr\u00e9sident du Conseil s\u2019est f\u00e9licit\u00e9 de cette rencontre, qu\u2019il a per\u00e7ue comme une nouvelle marque d\u2019amiti\u00e9 et de consid\u00e9ration de la Bi\u00e9lorussie \u00e0 l\u2019\u00e9gard du Togo. Faure Gnassingb\u00e9 a notamment salu\u00e9 l\u2019accompagnement de Minsk dans la r\u00e9alisation de projets de d\u00e9veloppement, particuli\u00e8rement dans les secteurs de l\u2019agriculture et des transports.<\/p>\n\n\n\n<p>Abordant les perspectives de coop\u00e9ration, le Pr\u00e9sident du Conseil a pr\u00e9sent\u00e9 les atouts du Togo ainsi que les opportunit\u00e9s d\u2019investissement qu\u2019offre le pays, avec un accent particulier sur le secteur agricole et les possibilit\u00e9s de transformation locale.<\/p>\n\n\n\n<p>Cette rencontre entre les dirigeants togolais et bi\u00e9lorusse intervient apr\u00e8s les \u00e9changes bilat\u00e9raux entre Faure Gnassingb\u00e9 et le Pr\u00e9sident kirghize. Elle illustre la volont\u00e9 du Togo de diversifier davantage ses partenariats internationaux et de renforcer son ouverture sur les march\u00e9s eurasiatiques.<\/p>\n\n\n\n<p>\u00c0 travers cette strat\u00e9gie, Lom\u00e9 entend attirer de nouveaux investissements, favoriser les partenariats \u00e9conomiques et acc\u00e9l\u00e9rer la transformation locale des ressources, afin de cr\u00e9er davantage de valeur ajout\u00e9e et de contribuer au d\u00e9veloppement de l\u2019\u00e9conomie nationale.<\/p>\n\n\n\n<p><strong>DJATO<\/strong><\/p>\n\n\n\n<figure class=\"wp-block-image size-full\"><img loading=\"lazy\" decoding=\"async\" width=\"703\" height=\"538\" src=\"https:\/\/mediatopnews.tg\/wp-content\/uploads\/2026\/09\/FEG-LUKA.png\" alt=\"\" class=\"wp-image-15288\" srcset=\"https:\/\/mediatopnews.tg\/wp-content\/uploads\/2026\/09\/FEG-LUKA.png 703w, https:\/\/mediatopnews.tg\/wp-content\/uploads\/2026\/09\/FEG-LUKA-300x230.png 300w\" sizes=\"auto, (max-width: 703px) 100vw, 703px\" \/><\/figure>\n","protected":false},"excerpt":{"rendered":"<p>En marge du 26\u1d49 sommet de l\u2019Organisation de coop\u00e9ration de Shanghai (OCS), le Pr\u00e9sident du Conseil, Faure Essozimna Gnassingb\u00e9, s\u2019est entretenu, le 1er septembre 2026 \u00e0 Bichkek, avec le Pr\u00e9sident de la Bi\u00e9lorussie, Alexandre Loukachenko. Cette rencontre s\u2019inscrit dans la dynamique de consolidation et d\u2019approfondissement des relations de coop\u00e9ration entre Lom\u00e9 et Minsk. Au cours [&hellip;]<\/p>\n","protected":false},"author":2,"featured_media":15288,"comment_status":"open","ping_status":"closed","sticky":false,"template":"","format":"standard","meta":{"footnotes":""},"categories":[1],"tags":[],"class_list":["post-15287","post","type-post","status-publish","format-standard","has-post-thumbnail","hentry","category-politique"],"yoast_head":"<!-- This site is optimized with the Yoast SEO plugin v26.5 - https:\/\/yoast.com\/wordpress\/plugins\/seo\/ -->\n<title>Togo\u2013Bi\u00e9lorussie : Faure Gnassingb\u00e9 et Alexandre Loukachenko r\u00e9affirment leur volont\u00e9 de renforcer la coop\u00e9ration bilat\u00e9rale - R\u00e9c\u00e9piss\u00e9 N\u00b00026\/12-2020\/pl\/P<\/title>\n<meta name=\"robots\" content=\"index, follow, max-snippet:-1, max-image-preview:large, max-video-preview:-1\" \/>\n<link rel=\"canonical\" href=\"https:\/\/mediatopnews.tg\/?p=15287\" \/>\n<meta property=\"og:locale\" content=\"fr_FR\" \/>\n<meta property=\"og:type\" content=\"article\" \/>\n<meta property=\"og:title\" content=\"Togo\u2013Bi\u00e9lorussie : Faure Gnassingb\u00e9 et Alexandre Loukachenko r\u00e9affirment leur volont\u00e9 de renforcer la coop\u00e9ration bilat\u00e9rale - R\u00e9c\u00e9piss\u00e9 N\u00b00026\/12-2020\/pl\/P\" \/>\n<meta property=\"og:description\" content=\"En marge du 26\u1d49 sommet de l\u2019Organisation de coop\u00e9ration de Shanghai (OCS), le Pr\u00e9sident du Conseil, Faure Essozimna Gnassingb\u00e9, s\u2019est entretenu, le 1er septembre 2026 \u00e0 Bichkek, avec le Pr\u00e9sident de la Bi\u00e9lorussie, Alexandre Loukachenko. Cette rencontre s\u2019inscrit dans la dynamique de consolidation et d\u2019approfondissement des relations de coop\u00e9ration entre Lom\u00e9 et Minsk. Au cours [&hellip;]\" \/>\n<meta property=\"og:url\" content=\"https:\/\/mediatopnews.tg\/?p=15287\" \/>\n<meta property=\"og:site_name\" content=\"R\u00e9c\u00e9piss\u00e9 N\u00b00026\/12-2020\/pl\/P\" \/>\n<meta property=\"article:published_time\" content=\"2026-09-03T06:29:48+00:00\" \/>\n<meta property=\"article:modified_time\" content=\"2026-09-03T06:29:53+00:00\" \/>\n<meta property=\"og:image\" content=\"https:\/\/mediatopnews.tg\/wp-content\/uploads\/2026\/09\/FEG-LUKA.png\" \/>\n\t<meta property=\"og:image:width\" content=\"703\" \/>\n\t<meta property=\"og:image:height\" content=\"538\" \/>\n\t<meta property=\"og:image:type\" content=\"image\/png\" \/>\n<meta name=\"author\" content=\"La R\u00e9daction\" \/>\n<meta name=\"twitter:card\" content=\"summary_large_image\" \/>\n<meta name=\"twitter:label1\" content=\"\u00c9crit par\" \/>\n\t<meta name=\"twitter:data1\" content=\"La R\u00e9daction\" \/>\n\t<meta name=\"twitter:label2\" content=\"Dur\u00e9e de lecture estim\u00e9e\" \/>\n\t<meta name=\"twitter:data2\" content=\"3 minutes\" \/>\n<script type=\"application\/ld+json\" class=\"yoast-schema-graph\">{\"@context\":\"https:\/\/schema.org\",\"@graph\":[{\"@type\":\"Article\",\"@id\":\"https:\/\/mediatopnews.tg\/?p=15287#article\",\"isPartOf\":{\"@id\":\"https:\/\/mediatopnews.tg\/?p=15287\"},\"author\":{\"name\":\"La R\u00e9daction\",\"@id\":\"https:\/\/mediatopnews.tg\/#\/schema\/person\/5264fbaa15cdbc3bbc592caa5cb4bac6\"},\"headline\":\"Togo\u2013Bi\u00e9lorussie : Faure Gnassingb\u00e9 et Alexandre Loukachenko r\u00e9affirment leur volont\u00e9 de renforcer la coop\u00e9ration bilat\u00e9rale\",\"datePublished\":\"2026-09-03T06:29:48+00:00\",\"dateModified\":\"2026-09-03T06:29:53+00:00\",\"mainEntityOfPage\":{\"@id\":\"https:\/\/mediatopnews.tg\/?p=15287\"},\"wordCount\":382,\"commentCount\":0,\"publisher\":{\"@id\":\"https:\/\/mediatopnews.tg\/#organization\"},\"image\":{\"@id\":\"https:\/\/mediatopnews.tg\/?p=15287#primaryimage\"},\"thumbnailUrl\":\"https:\/\/mediatopnews.tg\/wp-content\/uploads\/2026\/09\/FEG-LUKA.png\",\"articleSection\":[\"POLITIQUE\"],\"inLanguage\":\"fr-FR\",\"potentialAction\":[{\"@type\":\"CommentAction\",\"name\":\"Comment\",\"target\":[\"https:\/\/mediatopnews.tg\/?p=15287#respond\"]}]},{\"@type\":\"WebPage\",\"@id\":\"https:\/\/mediatopnews.tg\/?p=15287\",\"url\":\"https:\/\/mediatopnews.tg\/?p=15287\",\"name\":\"Togo\u2013Bi\u00e9lorussie : Faure Gnassingb\u00e9 et Alexandre Loukachenko r\u00e9affirment leur volont\u00e9 de renforcer la coop\u00e9ration bilat\u00e9rale - R\u00e9c\u00e9piss\u00e9 N\u00b00026\/12-2020\/pl\/P\",\"isPartOf\":{\"@id\":\"https:\/\/mediatopnews.tg\/#website\"},\"primaryImageOfPage\":{\"@id\":\"https:\/\/mediatopnews.tg\/?p=15287#primaryimage\"},\"image\":{\"@id\":\"https:\/\/mediatopnews.tg\/?p=15287#primaryimage\"},\"thumbnailUrl\":\"https:\/\/mediatopnews.tg\/wp-content\/uploads\/2026\/09\/FEG-LUKA.png\",\"datePublished\":\"2026-09-03T06:29:48+00:00\",\"dateModified\":\"2026-09-03T06:29:53+00:00\",\"breadcrumb\":{\"@id\":\"https:\/\/mediatopnews.tg\/?p=15287#breadcrumb\"},\"inLanguage\":\"fr-FR\",\"potentialAction\":[{\"@type\":\"ReadAction\",\"target\":[\"https:\/\/mediatopnews.tg\/?p=15287\"]}]},{\"@type\":\"ImageObject\",\"inLanguage\":\"fr-FR\",\"@id\":\"https:\/\/mediatopnews.tg\/?p=15287#primaryimage\",\"url\":\"https:\/\/mediatopnews.tg\/wp-content\/uploads\/2026\/09\/FEG-LUKA.png\",\"contentUrl\":\"https:\/\/mediatopnews.tg\/wp-content\/uploads\/2026\/09\/FEG-LUKA.png\",\"width\":703,\"height\":538},{\"@type\":\"BreadcrumbList\",\"@id\":\"https:\/\/mediatopnews.tg\/?p=15287#breadcrumb\",\"itemListElement\":[{\"@type\":\"ListItem\",\"position\":1,\"name\":\"Accueil\",\"item\":\"https:\/\/mediatopnews.tg\/\"},{\"@type\":\"ListItem\",\"position\":2,\"name\":\"Togo\u2013Bi\u00e9lorussie : Faure Gnassingb\u00e9 et Alexandre Loukachenko r\u00e9affirment leur volont\u00e9 de renforcer la coop\u00e9ration bilat\u00e9rale\"}]},{\"@type\":\"WebSite\",\"@id\":\"https:\/\/mediatopnews.tg\/#website\",\"url\":\"https:\/\/mediatopnews.tg\/\",\"name\":\"R\u00e9c\u00e9piss\u00e9 N\u00b00026\/12-2020\/pl\/P\",\"description\":\"La toile de l&#039;information\",\"publisher\":{\"@id\":\"https:\/\/mediatopnews.tg\/#organization\"},\"potentialAction\":[{\"@type\":\"SearchAction\",\"target\":{\"@type\":\"EntryPoint\",\"urlTemplate\":\"https:\/\/mediatopnews.tg\/?s={search_term_string}\"},\"query-input\":{\"@type\":\"PropertyValueSpecification\",\"valueRequired\":true,\"valueName\":\"search_term_string\"}}],\"inLanguage\":\"fr-FR\"},{\"@type\":\"Organization\",\"@id\":\"https:\/\/mediatopnews.tg\/#organization\",\"name\":\"R\u00e9c\u00e9piss\u00e9 N\u00b00026\/12-2020\/pl\/P\",\"url\":\"https:\/\/mediatopnews.tg\/\",\"logo\":{\"@type\":\"ImageObject\",\"inLanguage\":\"fr-FR\",\"@id\":\"https:\/\/mediatopnews.tg\/#\/schema\/logo\/image\/\",\"url\":\"https:\/\/mediatopnews.tg\/wp-content\/uploads\/2023\/09\/cropped-cropped-WhatsApp-Image-2023-09-04-at-13.18.30-1-1.jpeg\",\"contentUrl\":\"https:\/\/mediatopnews.tg\/wp-content\/uploads\/2023\/09\/cropped-cropped-WhatsApp-Image-2023-09-04-at-13.18.30-1-1.jpeg\",\"width\":174,\"height\":147,\"caption\":\"R\u00e9c\u00e9piss\u00e9 N\u00b00026\/12-2020\/pl\/P\"},\"image\":{\"@id\":\"https:\/\/mediatopnews.tg\/#\/schema\/logo\/image\/\"}},{\"@type\":\"Person\",\"@id\":\"https:\/\/mediatopnews.tg\/#\/schema\/person\/5264fbaa15cdbc3bbc592caa5cb4bac6\",\"name\":\"La R\u00e9daction\",\"image\":{\"@type\":\"ImageObject\",\"inLanguage\":\"fr-FR\",\"@id\":\"https:\/\/mediatopnews.tg\/#\/schema\/person\/image\/\",\"url\":\"https:\/\/secure.gravatar.com\/avatar\/02c45ef53e124da0300332101a595f5186b781ff193f1243a768c52e15756dcc?s=96&d=mm&r=g\",\"contentUrl\":\"https:\/\/secure.gravatar.com\/avatar\/02c45ef53e124da0300332101a595f5186b781ff193f1243a768c52e15756dcc?s=96&d=mm&r=g\",\"caption\":\"La R\u00e9daction\"},\"url\":\"https:\/\/mediatopnews.tg\/?author=2\"}]}<\/script>\n<!-- \/ Yoast SEO plugin. -->","yoast_head_json":{"title":"Togo\u2013Bi\u00e9lorussie : Faure Gnassingb\u00e9 et Alexandre Loukachenko r\u00e9affirment leur volont\u00e9 de renforcer la coop\u00e9ration bilat\u00e9rale - R\u00e9c\u00e9piss\u00e9 N\u00b00026\/12-2020\/pl\/P","robots":{"index":"index","follow":"follow","max-snippet":"max-snippet:-1","max-image-preview":"max-image-preview:large","max-video-preview":"max-video-preview:-1"},"canonical":"https:\/\/mediatopnews.tg\/?p=15287","og_locale":"fr_FR","og_type":"article","og_title":"Togo\u2013Bi\u00e9lorussie : Faure Gnassingb\u00e9 et Alexandre Loukachenko r\u00e9affirment leur volont\u00e9 de renforcer la coop\u00e9ration bilat\u00e9rale - R\u00e9c\u00e9piss\u00e9 N\u00b00026\/12-2020\/pl\/P","og_description":"En marge du 26\u1d49 sommet de l\u2019Organisation de coop\u00e9ration de Shanghai (OCS), le Pr\u00e9sident du Conseil, Faure Essozimna Gnassingb\u00e9, s\u2019est entretenu, le 1er septembre 2026 \u00e0 Bichkek, avec le Pr\u00e9sident de la Bi\u00e9lorussie, Alexandre Loukachenko. Cette rencontre s\u2019inscrit dans la dynamique de consolidation et d\u2019approfondissement des relations de coop\u00e9ration entre Lom\u00e9 et Minsk. Au cours [&hellip;]","og_url":"https:\/\/mediatopnews.tg\/?p=15287","og_site_name":"R\u00e9c\u00e9piss\u00e9 N\u00b00026\/12-2020\/pl\/P","article_published_time":"2026-09-03T06:29:48+00:00","article_modified_time":"2026-09-03T06:29:53+00:00","og_image":[{"width":703,"height":538,"url":"https:\/\/mediatopnews.tg\/wp-content\/uploads\/2026\/09\/FEG-LUKA.png","type":"image\/png"}],"author":"La R\u00e9daction","twitter_card":"summary_large_image","twitter_misc":{"\u00c9crit par":"La R\u00e9daction","Dur\u00e9e de lecture estim\u00e9e":"3 minutes"},"schema":{"@context":"https:\/\/schema.org","@graph":[{"@type":"Article","@id":"https:\/\/mediatopnews.tg\/?p=15287#article","isPartOf":{"@id":"https:\/\/mediatopnews.tg\/?p=15287"},"author":{"name":"La R\u00e9daction","@id":"https:\/\/mediatopnews.tg\/#\/schema\/person\/5264fbaa15cdbc3bbc592caa5cb4bac6"},"headline":"Togo\u2013Bi\u00e9lorussie : Faure Gnassingb\u00e9 et Alexandre Loukachenko r\u00e9affirment leur volont\u00e9 de renforcer la coop\u00e9ration bilat\u00e9rale","datePublished":"2026-09-03T06:29:48+00:00","dateModified":"2026-09-03T06:29:53+00:00","mainEntityOfPage":{"@id":"https:\/\/mediatopnews.tg\/?p=15287"},"wordCount":382,"commentCount":0,"publisher":{"@id":"https:\/\/mediatopnews.tg\/#organization"},"image":{"@id":"https:\/\/mediatopnews.tg\/?p=15287#primaryimage"},"thumbnailUrl":"https:\/\/mediatopnews.tg\/wp-content\/uploads\/2026\/09\/FEG-LUKA.png","articleSection":["POLITIQUE"],"inLanguage":"fr-FR","potentialAction":[{"@type":"CommentAction","name":"Comment","target":["https:\/\/mediatopnews.tg\/?p=15287#respond"]}]},{"@type":"WebPage","@id":"https:\/\/mediatopnews.tg\/?p=15287","url":"https:\/\/mediatopnews.tg\/?p=15287","name":"Togo\u2013Bi\u00e9lorussie : Faure Gnassingb\u00e9 et Alexandre Loukachenko r\u00e9affirment leur volont\u00e9 de renforcer la coop\u00e9ration bilat\u00e9rale - R\u00e9c\u00e9piss\u00e9 N\u00b00026\/12-2020\/pl\/P","isPartOf":{"@id":"https:\/\/mediatopnews.tg\/#website"},"primaryImageOfPage":{"@id":"https:\/\/mediatopnews.tg\/?p=15287#primaryimage"},"image":{"@id":"https:\/\/mediatopnews.tg\/?p=15287#primaryimage"},"thumbnailUrl":"https:\/\/mediatopnews.tg\/wp-content\/uploads\/2026\/09\/FEG-LUKA.png","datePublished":"2026-09-03T06:29:48+00:00","dateModified":"2026-09-03T06:29:53+00:00","breadcrumb":{"@id":"https:\/\/mediatopnews.tg\/?p=15287#breadcrumb"},"inLanguage":"fr-FR","potentialAction":[{"@type":"ReadAction","target":["https:\/\/mediatopnews.tg\/?p=15287"]}]},{"@type":"ImageObject","inLanguage":"fr-FR","@id":"https:\/\/mediatopnews.tg\/?p=15287#primaryimage","url":"https:\/\/mediatopnews.tg\/wp-content\/uploads\/2026\/09\/FEG-LUKA.png","contentUrl":"https:\/\/mediatopnews.tg\/wp-content\/uploads\/2026\/09\/FEG-LUKA.png","width":703,"height":538},{"@type":"BreadcrumbList","@id":"https:\/\/mediatopnews.tg\/?p=15287#breadcrumb","itemListElement":[{"@type":"ListItem","position":1,"name":"Accueil","item":"https:\/\/mediatopnews.tg\/"},{"@type":"ListItem","position":2,"name":"Togo\u2013Bi\u00e9lorussie : Faure Gnassingb\u00e9 et Alexandre Loukachenko r\u00e9affirment leur volont\u00e9 de renforcer la coop\u00e9ration bilat\u00e9rale"}]},{"@type":"WebSite","@id":"https:\/\/mediatopnews.tg\/#website","url":"https:\/\/mediatopnews.tg\/","name":"R\u00e9c\u00e9piss\u00e9 N\u00b00026\/12-2020\/pl\/P","description":"La toile de l&#039;information","publisher":{"@id":"https:\/\/mediatopnews.tg\/#organization"},"potentialAction":[{"@type":"SearchAction","target":{"@type":"EntryPoint","urlTemplate":"https:\/\/mediatopnews.tg\/?s={search_term_string}"},"query-input":{"@type":"PropertyValueSpecification","valueRequired":true,"valueName":"search_term_string"}}],"inLanguage":"fr-FR"},{"@type":"Organization","@id":"https:\/\/mediatopnews.tg\/#organization","name":"R\u00e9c\u00e9piss\u00e9 N\u00b00026\/12-2020\/pl\/P","url":"https:\/\/mediatopnews.tg\/","logo":{"@type":"ImageObject","inLanguage":"fr-FR","@id":"https:\/\/mediatopnews.tg\/#\/schema\/logo\/image\/","url":"https:\/\/mediatopnews.tg\/wp-content\/uploads\/2023\/09\/cropped-cropped-WhatsApp-Image-2023-09-04-at-13.18.30-1-1.jpeg","contentUrl":"https:\/\/mediatopnews.tg\/wp-content\/uploads\/2023\/09\/cropped-cropped-WhatsApp-Image-2023-09-04-at-13.18.30-1-1.jpeg","width":174,"height":147,"caption":"R\u00e9c\u00e9piss\u00e9 N\u00b00026\/12-2020\/pl\/P"},"image":{"@id":"https:\/\/mediatopnews.tg\/#\/schema\/logo\/image\/"}},{"@type":"Person","@id":"https:\/\/mediatopnews.tg\/#\/schema\/person\/5264fbaa15cdbc3bbc592caa5cb4bac6","name":"La R\u00e9daction","image":{"@type":"ImageObject","inLanguage":"fr-FR","@id":"https:\/\/mediatopnews.tg\/#\/schema\/person\/image\/","url":"https:\/\/secure.gravatar.com\/avatar\/02c45ef53e124da0300332101a595f5186b781ff193f1243a768c52e15756dcc?s=96&d=mm&r=g","contentUrl":"https:\/\/secure.gravatar.com\/avatar\/02c45ef53e124da0300332101a595f5186b781ff193f1243a768c52e15756dcc?s=96&d=mm&r=g","caption":"La R\u00e9daction"},"url":"https:\/\/mediatopnews.tg\/?author=2"}]}},"_links":{"self":[{"href":"https:\/\/mediatopnews.tg\/index.php?rest_route=\/wp\/v2\/posts\/15287","targetHints":{"allow":["GET"]}}],"collection":[{"href":"https:\/\/mediatopnews.tg\/index.php?rest_route=\/wp\/v2\/posts"}],"about":[{"href":"https:\/\/mediatopnews.tg\/index.php?rest_route=\/wp\/v2\/types\/post"}],"author":[{"embeddable":true,"href":"https:\/\/mediatopnews.tg\/index.php?rest_route=\/wp\/v2\/users\/2"}],"replies":[{"embeddable":true,"href":"https:\/\/mediatopnews.tg\/index.php?rest_route=%2Fwp%2Fv2%2Fcomments&post=15287"}],"version-history":[{"count":1,"href":"https:\/\/mediatopnews.tg\/index.php?rest_route=\/wp\/v2\/posts\/15287\/revisions"}],"predecessor-version":[{"id":15289,"href":"https:\/\/mediatopnews.tg\/index.php?rest_route=\/wp\/v2\/posts\/15287\/revisions\/15289"}],"wp:featuredmedia":[{"embeddable":true,"href":"https:\/\/mediatopnews.tg\/index.php?rest_route=\/wp\/v2\/media\/15288"}],"wp:attachment":[{"href":"https:\/\/mediatopnews.tg\/index.php?rest_route=%2Fwp%2Fv2%2Fmedia&parent=15287"}],"wp:term":[{"taxonomy":"category","embeddable":true,"href":"https:\/\/mediatopnews.tg\/index.php?rest_route=%2Fwp%2Fv2%2Fcategories&post=15287"},{"taxonomy":"post_tag","embeddable":true,"href":"https:\/\/mediatopnews.tg\/index.php?rest_route=%2Fwp%2Fv2%2Ftags&post=15287"}],"curies":[{"name":"wp","href":"https:\/\/api.w.org\/{rel}","templated":true}]}}