{"id":15290,"date":"2026-09-03T06:41:05","date_gmt":"2026-09-03T06:41:05","guid":{"rendered":"https:\/\/mediatopnews.tg\/?p=15290"},"modified":"2026-09-03T06:41:08","modified_gmt":"2026-09-03T06:41:08","slug":"ocs-faure-gnassingbe-plaide-pour-un-ordre-mondial-plus-juste-et-un-multilateralisme-renove","status":"publish","type":"post","link":"https:\/\/mediatopnews.tg\/?p=15290","title":{"rendered":"OCS+ : Faure Gnassingb\u00e9 plaide pour un ordre mondial plus juste et un multilat\u00e9ralisme r\u00e9nov\u00e9"},"content":{"rendered":"\n<p>Le Pr\u00e9sident du Conseil, Faure Essozimna Gnassingb\u00e9, a livr\u00e9, mardi 1er septembre 2026 \u00e0 Bichkek, au Kirghizistan, sa vision de la transformation de l\u2019ordre international et des enjeux li\u00e9s \u00e0 l\u2019\u00e9mergence d\u2019un monde de plus en plus multipolaire. C\u2019\u00e9tait \u00e0 l\u2019occasion du 26\u1d49 sommet de l\u2019Organisation de coop\u00e9ration de Shanghai (OCS+), qui a r\u00e9uni les dirigeants des \u00c9tats membres, leurs partenaires ainsi que plusieurs pays invit\u00e9s.<\/p>\n\n\n\n<p>Face \u00e0 la recomposition des \u00e9quilibres mondiaux, le Pr\u00e9sident du Conseil a appel\u00e9 \u00e0 repenser le multilat\u00e9ralisme afin de l\u2019adapter aux nouvelles r\u00e9alit\u00e9s internationales. \u00ab Le monde change, de nouveaux centres de puissance \u00e9mergent, de nouveaux \u00e9quilibres \u00e9conomiques se dessinent, de nouvelles voix veulent \u00eatre entendues \u00bb, a-t-il relev\u00e9.<\/p>\n\n\n<figure class=\"wp-block-post-featured-image\"><img loading=\"lazy\" decoding=\"async\" width=\"740\" height=\"393\" src=\"https:\/\/mediatopnews.tg\/wp-content\/uploads\/2026\/09\/TOF-KIGUI-.png\" class=\"attachment-post-thumbnail size-post-thumbnail wp-post-image\" alt=\"\" style=\"object-fit:cover;\" srcset=\"https:\/\/mediatopnews.tg\/wp-content\/uploads\/2026\/09\/TOF-KIGUI-.png 740w, https:\/\/mediatopnews.tg\/wp-content\/uploads\/2026\/09\/TOF-KIGUI--300x159.png 300w\" sizes=\"auto, (max-width: 740px) 100vw, 740px\" \/><\/figure>\n\n\n<p>Pour Faure Gnassingb\u00e9, cette transformation doit toutefois \u00eatre appr\u00e9hend\u00e9e avec r\u00e9alisme. La multipolarit\u00e9 ne saurait, \u00e0 elle seule, garantir davantage de justice dans les relations internationales. Elle doit plut\u00f4t offrir aux \u00c9tats davantage de choix, sans pour autant favoriser la constitution de nouveaux blocs antagonistes.<\/p>\n\n\n\n<p>Le dirigeant togolais a ainsi d\u00e9fendu une multipolarit\u00e9 qui soit un facteur de diversification des partenariats et non une source suppl\u00e9mentaire de divisions. Pour l\u2019Afrique, l\u2019\u00e9mergence de nouveaux p\u00f4les de puissance constitue, selon lui, une opportunit\u00e9 de diversifier ses relations, de r\u00e9duire certaines d\u00e9pendances et de choisir ses partenariats en fonction de ses propres priorit\u00e9s.<\/p>\n\n\n\n<p>Cette nouvelle configuration mondiale doit, dans le m\u00eame temps, s\u2019appuyer sur un multilat\u00e9ralisme r\u00e9nov\u00e9, fond\u00e9 sur des r\u00e8gles communes et applicables de mani\u00e8re \u00e9quitable \u00e0 tous les \u00c9tats. Le Pr\u00e9sident du Conseil a notamment insist\u00e9 sur la n\u00e9cessit\u00e9 de pr\u00e9server l\u2019universalit\u00e9 du syst\u00e8me multilat\u00e9ral tout en corrigeant ses insuffisances.<\/p>\n\n\n\n<p>Dans cette perspective, les Nations unies demeurent, \u00e0 ses yeux, indispensables. Mais leur fonctionnement doit \u00e9voluer pour r\u00e9pondre aux exigences d\u2019un monde multipolaire. Faure Gnassingb\u00e9 a notamment d\u00e9plor\u00e9 les blocages qui surviennent lorsque les grandes puissances sont en d\u00e9saccord et les perceptions d\u2019une application diff\u00e9renci\u00e9e des r\u00e8gles internationales selon les crises.<\/p>\n\n\n\n<p>Il a donc plaid\u00e9 pour une r\u00e9forme profonde du syst\u00e8me multilat\u00e9ral, y compris de la repr\u00e9sentation au sein de ses principaux organes de d\u00e9cision. Une r\u00e9forme qui devrait, selon lui, accorder \u00e0 l\u2019Afrique une place correspondant davantage \u00e0 son poids d\u00e9mographique, \u00e9conomique et strat\u00e9gique dans le monde.<\/p>\n\n\n\n<p>\u00ab Lorsque l\u2019Afrique reste insuffisamment repr\u00e9sent\u00e9e, nous ne pouvons pas parler d\u2019un ordre mondial pleinement juste \u00bb, a-t-il d\u00e9clar\u00e9, appelant \u00e9galement \u00e0 une meilleure articulation entre les Nations unies, l\u2019Union africaine, l\u2019Organisation de coop\u00e9ration de Shanghai et les autres organisations r\u00e9gionales.<\/p>\n\n\n\n<p>Au-del\u00e0 de la dimension politique, le Pr\u00e9sident du Conseil a mis en avant la n\u00e9cessit\u00e9 d\u2019une transformation de la gouvernance \u00e9conomique mondiale. Pour lui, la justice internationale ne peut se limiter \u00e0 une meilleure repr\u00e9sentation politique des pays du Sud. Elle doit \u00e9galement leur permettre de financer leur d\u00e9veloppement, de valoriser leurs ressources et de cr\u00e9er davantage de richesse sur leur propre territoire.<\/p>\n\n\n\n<p>Faure Gnassingb\u00e9 a ainsi encourag\u00e9 la diversification des partenariats \u00e9conomiques autour de l\u2019investissement productif, des infrastructures, de la transformation locale et du transfert de technologies. Ces partenariats, a-t-il soulign\u00e9, doivent \u00eatre d\u00e9velopp\u00e9s avec les diff\u00e9rentes r\u00e9gions du monde, mais \u00e9galement entre les pays africains eux-m\u00eames.<\/p>\n\n\n\n<p>\u00c0 travers cette vision, le Pr\u00e9sident du Conseil entend faire de la multipolarit\u00e9 non pas un facteur de confrontation, mais un levier d\u2019un multilat\u00e9ralisme plus inclusif et plus efficace. L\u2019objectif est notamment de permettre \u00e0 l\u2019Afrique de renforcer sa capacit\u00e9 de d\u00e9cision et de devenir un acteur \u00e0 part enti\u00e8re de la recomposition de l\u2019ordre mondial.<\/p>\n\n\n\n<p>Plusieurs dirigeants pr\u00e9sents \u00e0 la tribune de l\u2019OCS+ ont, eux aussi, appel\u00e9 \u00e0 la construction d\u2019un monde davantage fond\u00e9 sur la solidarit\u00e9, la paix, la s\u00e9curit\u00e9 et la justice.<\/p>\n\n\n\n<p>Cette session de l\u2019OCS+ a r\u00e9uni de hauts responsables des \u00c9tats membres de l\u2019organisation, parmi lesquels les Pr\u00e9sidents Xi Jinping de Chine, Vladimir Poutine de Russie, Alexandre Loukachenko de Bi\u00e9lorussie, ainsi que les Premiers ministres Narendra Modi de l\u2019Inde et Shehbaz Sharif du Pakistan. Les Pr\u00e9sidents Massoud Pezeshkian d\u2019Iran, Kassym-Jomart Toka\u00efev du Kazakhstan, Emomali Rahmon du Tadjikistan et Chavkat Mirzio\u00efev d\u2019Ouzb\u00e9kistan y ont \u00e9galement pris part.<\/p>\n\n\n\n<p>La rencontre a par ailleurs enregistr\u00e9 la participation de dirigeants et hauts repr\u00e9sentants de plusieurs pays partenaires et invit\u00e9s, notamment l\u2019\u00c9gypte, la Turquie, l\u2019Azerba\u00efdjan, l\u2019Arm\u00e9nie, la Mongolie, le Laos et le Vietnam, illustrant l\u2019ampleur de cette plateforme de dialogue autour des grandes mutations de l\u2019ordre international.<\/p>\n\n\n\n<p><strong>AA<\/strong><\/p>\n\n\n\n<figure class=\"wp-block-image size-full\"><img loading=\"lazy\" decoding=\"async\" width=\"740\" height=\"393\" src=\"https:\/\/mediatopnews.tg\/wp-content\/uploads\/2026\/09\/TOF-KIGUI-.png\" alt=\"\" class=\"wp-image-15291\" srcset=\"https:\/\/mediatopnews.tg\/wp-content\/uploads\/2026\/09\/TOF-KIGUI-.png 740w, https:\/\/mediatopnews.tg\/wp-content\/uploads\/2026\/09\/TOF-KIGUI--300x159.png 300w\" sizes=\"auto, (max-width: 740px) 100vw, 740px\" \/><\/figure>\n","protected":false},"excerpt":{"rendered":"<p>Le Pr\u00e9sident du Conseil, Faure Essozimna Gnassingb\u00e9, a livr\u00e9, mardi 1er septembre 2026 \u00e0 Bichkek, au Kirghizistan, sa vision de la transformation de l\u2019ordre international et des enjeux li\u00e9s \u00e0 l\u2019\u00e9mergence d\u2019un monde de plus en plus multipolaire. C\u2019\u00e9tait \u00e0 l\u2019occasion du 26\u1d49 sommet de l\u2019Organisation de coop\u00e9ration de Shanghai (OCS+), qui a r\u00e9uni les [&hellip;]<\/p>\n","protected":false},"author":2,"featured_media":15291,"comment_status":"open","ping_status":"closed","sticky":false,"template":"","format":"standard","meta":{"footnotes":""},"categories":[1],"tags":[],"class_list":["post-15290","post","type-post","status-publish","format-standard","has-post-thumbnail","hentry","category-politique"],"yoast_head":"<!-- This site is optimized with the Yoast SEO plugin v26.5 - https:\/\/yoast.com\/wordpress\/plugins\/seo\/ -->\n<title>OCS+ : Faure Gnassingb\u00e9 plaide pour un ordre mondial plus juste et un multilat\u00e9ralisme r\u00e9nov\u00e9 - R\u00e9c\u00e9piss\u00e9 N\u00b00026\/12-2020\/pl\/P<\/title>\n<meta name=\"robots\" content=\"index, follow, max-snippet:-1, max-image-preview:large, max-video-preview:-1\" \/>\n<link rel=\"canonical\" href=\"https:\/\/mediatopnews.tg\/?p=15290\" \/>\n<meta property=\"og:locale\" content=\"fr_FR\" \/>\n<meta property=\"og:type\" content=\"article\" \/>\n<meta property=\"og:title\" content=\"OCS+ : Faure Gnassingb\u00e9 plaide pour un ordre mondial plus juste et un multilat\u00e9ralisme r\u00e9nov\u00e9 - R\u00e9c\u00e9piss\u00e9 N\u00b00026\/12-2020\/pl\/P\" \/>\n<meta property=\"og:description\" content=\"Le Pr\u00e9sident du Conseil, Faure Essozimna Gnassingb\u00e9, a livr\u00e9, mardi 1er septembre 2026 \u00e0 Bichkek, au Kirghizistan, sa vision de la transformation de l\u2019ordre international et des enjeux li\u00e9s \u00e0 l\u2019\u00e9mergence d\u2019un monde de plus en plus multipolaire. C\u2019\u00e9tait \u00e0 l\u2019occasion du 26\u1d49 sommet de l\u2019Organisation de coop\u00e9ration de Shanghai (OCS+), qui a r\u00e9uni les [&hellip;]\" \/>\n<meta property=\"og:url\" content=\"https:\/\/mediatopnews.tg\/?p=15290\" \/>\n<meta property=\"og:site_name\" content=\"R\u00e9c\u00e9piss\u00e9 N\u00b00026\/12-2020\/pl\/P\" \/>\n<meta property=\"article:published_time\" content=\"2026-09-03T06:41:05+00:00\" \/>\n<meta property=\"article:modified_time\" content=\"2026-09-03T06:41:08+00:00\" \/>\n<meta property=\"og:image\" content=\"https:\/\/mediatopnews.tg\/wp-content\/uploads\/2026\/09\/TOF-KIGUI-.png\" \/>\n\t<meta property=\"og:image:width\" content=\"740\" \/>\n\t<meta property=\"og:image:height\" content=\"393\" \/>\n\t<meta property=\"og:image:type\" content=\"image\/png\" \/>\n<meta name=\"author\" content=\"La R\u00e9daction\" \/>\n<meta name=\"twitter:card\" content=\"summary_large_image\" \/>\n<meta name=\"twitter:label1\" content=\"\u00c9crit par\" \/>\n\t<meta name=\"twitter:data1\" content=\"La R\u00e9daction\" \/>\n\t<meta name=\"twitter:label2\" content=\"Dur\u00e9e de lecture estim\u00e9e\" \/>\n\t<meta name=\"twitter:data2\" content=\"5 minutes\" \/>\n<script type=\"application\/ld+json\" class=\"yoast-schema-graph\">{\"@context\":\"https:\/\/schema.org\",\"@graph\":[{\"@type\":\"Article\",\"@id\":\"https:\/\/mediatopnews.tg\/?p=15290#article\",\"isPartOf\":{\"@id\":\"https:\/\/mediatopnews.tg\/?p=15290\"},\"author\":{\"name\":\"La R\u00e9daction\",\"@id\":\"https:\/\/mediatopnews.tg\/#\/schema\/person\/5264fbaa15cdbc3bbc592caa5cb4bac6\"},\"headline\":\"OCS+ : Faure Gnassingb\u00e9 plaide pour un ordre mondial plus juste et un multilat\u00e9ralisme r\u00e9nov\u00e9\",\"datePublished\":\"2026-09-03T06:41:05+00:00\",\"dateModified\":\"2026-09-03T06:41:08+00:00\",\"mainEntityOfPage\":{\"@id\":\"https:\/\/mediatopnews.tg\/?p=15290\"},\"wordCount\":813,\"commentCount\":0,\"publisher\":{\"@id\":\"https:\/\/mediatopnews.tg\/#organization\"},\"image\":{\"@id\":\"https:\/\/mediatopnews.tg\/?p=15290#primaryimage\"},\"thumbnailUrl\":\"https:\/\/mediatopnews.tg\/wp-content\/uploads\/2026\/09\/TOF-KIGUI-.png\",\"articleSection\":[\"POLITIQUE\"],\"inLanguage\":\"fr-FR\",\"potentialAction\":[{\"@type\":\"CommentAction\",\"name\":\"Comment\",\"target\":[\"https:\/\/mediatopnews.tg\/?p=15290#respond\"]}]},{\"@type\":\"WebPage\",\"@id\":\"https:\/\/mediatopnews.tg\/?p=15290\",\"url\":\"https:\/\/mediatopnews.tg\/?p=15290\",\"name\":\"OCS+ : Faure Gnassingb\u00e9 plaide pour un ordre mondial plus juste et un multilat\u00e9ralisme r\u00e9nov\u00e9 - R\u00e9c\u00e9piss\u00e9 N\u00b00026\/12-2020\/pl\/P\",\"isPartOf\":{\"@id\":\"https:\/\/mediatopnews.tg\/#website\"},\"primaryImageOfPage\":{\"@id\":\"https:\/\/mediatopnews.tg\/?p=15290#primaryimage\"},\"image\":{\"@id\":\"https:\/\/mediatopnews.tg\/?p=15290#primaryimage\"},\"thumbnailUrl\":\"https:\/\/mediatopnews.tg\/wp-content\/uploads\/2026\/09\/TOF-KIGUI-.png\",\"datePublished\":\"2026-09-03T06:41:05+00:00\",\"dateModified\":\"2026-09-03T06:41:08+00:00\",\"breadcrumb\":{\"@id\":\"https:\/\/mediatopnews.tg\/?p=15290#breadcrumb\"},\"inLanguage\":\"fr-FR\",\"potentialAction\":[{\"@type\":\"ReadAction\",\"target\":[\"https:\/\/mediatopnews.tg\/?p=15290\"]}]},{\"@type\":\"ImageObject\",\"inLanguage\":\"fr-FR\",\"@id\":\"https:\/\/mediatopnews.tg\/?p=15290#primaryimage\",\"url\":\"https:\/\/mediatopnews.tg\/wp-content\/uploads\/2026\/09\/TOF-KIGUI-.png\",\"contentUrl\":\"https:\/\/mediatopnews.tg\/wp-content\/uploads\/2026\/09\/TOF-KIGUI-.png\",\"width\":740,\"height\":393},{\"@type\":\"BreadcrumbList\",\"@id\":\"https:\/\/mediatopnews.tg\/?p=15290#breadcrumb\",\"itemListElement\":[{\"@type\":\"ListItem\",\"position\":1,\"name\":\"Accueil\",\"item\":\"https:\/\/mediatopnews.tg\/\"},{\"@type\":\"ListItem\",\"position\":2,\"name\":\"OCS+ : Faure Gnassingb\u00e9 plaide pour un ordre mondial plus juste et un multilat\u00e9ralisme r\u00e9nov\u00e9\"}]},{\"@type\":\"WebSite\",\"@id\":\"https:\/\/mediatopnews.tg\/#website\",\"url\":\"https:\/\/mediatopnews.tg\/\",\"name\":\"R\u00e9c\u00e9piss\u00e9 N\u00b00026\/12-2020\/pl\/P\",\"description\":\"La toile de l&#039;information\",\"publisher\":{\"@id\":\"https:\/\/mediatopnews.tg\/#organization\"},\"potentialAction\":[{\"@type\":\"SearchAction\",\"target\":{\"@type\":\"EntryPoint\",\"urlTemplate\":\"https:\/\/mediatopnews.tg\/?s={search_term_string}\"},\"query-input\":{\"@type\":\"PropertyValueSpecification\",\"valueRequired\":true,\"valueName\":\"search_term_string\"}}],\"inLanguage\":\"fr-FR\"},{\"@type\":\"Organization\",\"@id\":\"https:\/\/mediatopnews.tg\/#organization\",\"name\":\"R\u00e9c\u00e9piss\u00e9 N\u00b00026\/12-2020\/pl\/P\",\"url\":\"https:\/\/mediatopnews.tg\/\",\"logo\":{\"@type\":\"ImageObject\",\"inLanguage\":\"fr-FR\",\"@id\":\"https:\/\/mediatopnews.tg\/#\/schema\/logo\/image\/\",\"url\":\"https:\/\/mediatopnews.tg\/wp-content\/uploads\/2023\/09\/cropped-cropped-WhatsApp-Image-2023-09-04-at-13.18.30-1-1.jpeg\",\"contentUrl\":\"https:\/\/mediatopnews.tg\/wp-content\/uploads\/2023\/09\/cropped-cropped-WhatsApp-Image-2023-09-04-at-13.18.30-1-1.jpeg\",\"width\":174,\"height\":147,\"caption\":\"R\u00e9c\u00e9piss\u00e9 N\u00b00026\/12-2020\/pl\/P\"},\"image\":{\"@id\":\"https:\/\/mediatopnews.tg\/#\/schema\/logo\/image\/\"}},{\"@type\":\"Person\",\"@id\":\"https:\/\/mediatopnews.tg\/#\/schema\/person\/5264fbaa15cdbc3bbc592caa5cb4bac6\",\"name\":\"La R\u00e9daction\",\"image\":{\"@type\":\"ImageObject\",\"inLanguage\":\"fr-FR\",\"@id\":\"https:\/\/mediatopnews.tg\/#\/schema\/person\/image\/\",\"url\":\"https:\/\/secure.gravatar.com\/avatar\/02c45ef53e124da0300332101a595f5186b781ff193f1243a768c52e15756dcc?s=96&d=mm&r=g\",\"contentUrl\":\"https:\/\/secure.gravatar.com\/avatar\/02c45ef53e124da0300332101a595f5186b781ff193f1243a768c52e15756dcc?s=96&d=mm&r=g\",\"caption\":\"La R\u00e9daction\"},\"url\":\"https:\/\/mediatopnews.tg\/?author=2\"}]}<\/script>\n<!-- \/ Yoast SEO plugin. -->","yoast_head_json":{"title":"OCS+ : Faure Gnassingb\u00e9 plaide pour un ordre mondial plus juste et un multilat\u00e9ralisme r\u00e9nov\u00e9 - R\u00e9c\u00e9piss\u00e9 N\u00b00026\/12-2020\/pl\/P","robots":{"index":"index","follow":"follow","max-snippet":"max-snippet:-1","max-image-preview":"max-image-preview:large","max-video-preview":"max-video-preview:-1"},"canonical":"https:\/\/mediatopnews.tg\/?p=15290","og_locale":"fr_FR","og_type":"article","og_title":"OCS+ : Faure Gnassingb\u00e9 plaide pour un ordre mondial plus juste et un multilat\u00e9ralisme r\u00e9nov\u00e9 - R\u00e9c\u00e9piss\u00e9 N\u00b00026\/12-2020\/pl\/P","og_description":"Le Pr\u00e9sident du Conseil, Faure Essozimna Gnassingb\u00e9, a livr\u00e9, mardi 1er septembre 2026 \u00e0 Bichkek, au Kirghizistan, sa vision de la transformation de l\u2019ordre international et des enjeux li\u00e9s \u00e0 l\u2019\u00e9mergence d\u2019un monde de plus en plus multipolaire. C\u2019\u00e9tait \u00e0 l\u2019occasion du 26\u1d49 sommet de l\u2019Organisation de coop\u00e9ration de Shanghai (OCS+), qui a r\u00e9uni les [&hellip;]","og_url":"https:\/\/mediatopnews.tg\/?p=15290","og_site_name":"R\u00e9c\u00e9piss\u00e9 N\u00b00026\/12-2020\/pl\/P","article_published_time":"2026-09-03T06:41:05+00:00","article_modified_time":"2026-09-03T06:41:08+00:00","og_image":[{"width":740,"height":393,"url":"https:\/\/mediatopnews.tg\/wp-content\/uploads\/2026\/09\/TOF-KIGUI-.png","type":"image\/png"}],"author":"La R\u00e9daction","twitter_card":"summary_large_image","twitter_misc":{"\u00c9crit par":"La R\u00e9daction","Dur\u00e9e de lecture estim\u00e9e":"5 minutes"},"schema":{"@context":"https:\/\/schema.org","@graph":[{"@type":"Article","@id":"https:\/\/mediatopnews.tg\/?p=15290#article","isPartOf":{"@id":"https:\/\/mediatopnews.tg\/?p=15290"},"author":{"name":"La R\u00e9daction","@id":"https:\/\/mediatopnews.tg\/#\/schema\/person\/5264fbaa15cdbc3bbc592caa5cb4bac6"},"headline":"OCS+ : Faure Gnassingb\u00e9 plaide pour un ordre mondial plus juste et un multilat\u00e9ralisme r\u00e9nov\u00e9","datePublished":"2026-09-03T06:41:05+00:00","dateModified":"2026-09-03T06:41:08+00:00","mainEntityOfPage":{"@id":"https:\/\/mediatopnews.tg\/?p=15290"},"wordCount":813,"commentCount":0,"publisher":{"@id":"https:\/\/mediatopnews.tg\/#organization"},"image":{"@id":"https:\/\/mediatopnews.tg\/?p=15290#primaryimage"},"thumbnailUrl":"https:\/\/mediatopnews.tg\/wp-content\/uploads\/2026\/09\/TOF-KIGUI-.png","articleSection":["POLITIQUE"],"inLanguage":"fr-FR","potentialAction":[{"@type":"CommentAction","name":"Comment","target":["https:\/\/mediatopnews.tg\/?p=15290#respond"]}]},{"@type":"WebPage","@id":"https:\/\/mediatopnews.tg\/?p=15290","url":"https:\/\/mediatopnews.tg\/?p=15290","name":"OCS+ : Faure Gnassingb\u00e9 plaide pour un ordre mondial plus juste et un multilat\u00e9ralisme r\u00e9nov\u00e9 - R\u00e9c\u00e9piss\u00e9 N\u00b00026\/12-2020\/pl\/P","isPartOf":{"@id":"https:\/\/mediatopnews.tg\/#website"},"primaryImageOfPage":{"@id":"https:\/\/mediatopnews.tg\/?p=15290#primaryimage"},"image":{"@id":"https:\/\/mediatopnews.tg\/?p=15290#primaryimage"},"thumbnailUrl":"https:\/\/mediatopnews.tg\/wp-content\/uploads\/2026\/09\/TOF-KIGUI-.png","datePublished":"2026-09-03T06:41:05+00:00","dateModified":"2026-09-03T06:41:08+00:00","breadcrumb":{"@id":"https:\/\/mediatopnews.tg\/?p=15290#breadcrumb"},"inLanguage":"fr-FR","potentialAction":[{"@type":"ReadAction","target":["https:\/\/mediatopnews.tg\/?p=15290"]}]},{"@type":"ImageObject","inLanguage":"fr-FR","@id":"https:\/\/mediatopnews.tg\/?p=15290#primaryimage","url":"https:\/\/mediatopnews.tg\/wp-content\/uploads\/2026\/09\/TOF-KIGUI-.png","contentUrl":"https:\/\/mediatopnews.tg\/wp-content\/uploads\/2026\/09\/TOF-KIGUI-.png","width":740,"height":393},{"@type":"BreadcrumbList","@id":"https:\/\/mediatopnews.tg\/?p=15290#breadcrumb","itemListElement":[{"@type":"ListItem","position":1,"name":"Accueil","item":"https:\/\/mediatopnews.tg\/"},{"@type":"ListItem","position":2,"name":"OCS+ : Faure Gnassingb\u00e9 plaide pour un ordre mondial plus juste et un multilat\u00e9ralisme r\u00e9nov\u00e9"}]},{"@type":"WebSite","@id":"https:\/\/mediatopnews.tg\/#website","url":"https:\/\/mediatopnews.tg\/","name":"R\u00e9c\u00e9piss\u00e9 N\u00b00026\/12-2020\/pl\/P","description":"La toile de l&#039;information","publisher":{"@id":"https:\/\/mediatopnews.tg\/#organization"},"potentialAction":[{"@type":"SearchAction","target":{"@type":"EntryPoint","urlTemplate":"https:\/\/mediatopnews.tg\/?s={search_term_string}"},"query-input":{"@type":"PropertyValueSpecification","valueRequired":true,"valueName":"search_term_string"}}],"inLanguage":"fr-FR"},{"@type":"Organization","@id":"https:\/\/mediatopnews.tg\/#organization","name":"R\u00e9c\u00e9piss\u00e9 N\u00b00026\/12-2020\/pl\/P","url":"https:\/\/mediatopnews.tg\/","logo":{"@type":"ImageObject","inLanguage":"fr-FR","@id":"https:\/\/mediatopnews.tg\/#\/schema\/logo\/image\/","url":"https:\/\/mediatopnews.tg\/wp-content\/uploads\/2023\/09\/cropped-cropped-WhatsApp-Image-2023-09-04-at-13.18.30-1-1.jpeg","contentUrl":"https:\/\/mediatopnews.tg\/wp-content\/uploads\/2023\/09\/cropped-cropped-WhatsApp-Image-2023-09-04-at-13.18.30-1-1.jpeg","width":174,"height":147,"caption":"R\u00e9c\u00e9piss\u00e9 N\u00b00026\/12-2020\/pl\/P"},"image":{"@id":"https:\/\/mediatopnews.tg\/#\/schema\/logo\/image\/"}},{"@type":"Person","@id":"https:\/\/mediatopnews.tg\/#\/schema\/person\/5264fbaa15cdbc3bbc592caa5cb4bac6","name":"La R\u00e9daction","image":{"@type":"ImageObject","inLanguage":"fr-FR","@id":"https:\/\/mediatopnews.tg\/#\/schema\/person\/image\/","url":"https:\/\/secure.gravatar.com\/avatar\/02c45ef53e124da0300332101a595f5186b781ff193f1243a768c52e15756dcc?s=96&d=mm&r=g","contentUrl":"https:\/\/secure.gravatar.com\/avatar\/02c45ef53e124da0300332101a595f5186b781ff193f1243a768c52e15756dcc?s=96&d=mm&r=g","caption":"La R\u00e9daction"},"url":"https:\/\/mediatopnews.tg\/?author=2"}]}},"_links":{"self":[{"href":"https:\/\/mediatopnews.tg\/index.php?rest_route=\/wp\/v2\/posts\/15290","targetHints":{"allow":["GET"]}}],"collection":[{"href":"https:\/\/mediatopnews.tg\/index.php?rest_route=\/wp\/v2\/posts"}],"about":[{"href":"https:\/\/mediatopnews.tg\/index.php?rest_route=\/wp\/v2\/types\/post"}],"author":[{"embeddable":true,"href":"https:\/\/mediatopnews.tg\/index.php?rest_route=\/wp\/v2\/users\/2"}],"replies":[{"embeddable":true,"href":"https:\/\/mediatopnews.tg\/index.php?rest_route=%2Fwp%2Fv2%2Fcomments&post=15290"}],"version-history":[{"count":1,"href":"https:\/\/mediatopnews.tg\/index.php?rest_route=\/wp\/v2\/posts\/15290\/revisions"}],"predecessor-version":[{"id":15292,"href":"https:\/\/mediatopnews.tg\/index.php?rest_route=\/wp\/v2\/posts\/15290\/revisions\/15292"}],"wp:featuredmedia":[{"embeddable":true,"href":"https:\/\/mediatopnews.tg\/index.php?rest_route=\/wp\/v2\/media\/15291"}],"wp:attachment":[{"href":"https:\/\/mediatopnews.tg\/index.php?rest_route=%2Fwp%2Fv2%2Fmedia&parent=15290"}],"wp:term":[{"taxonomy":"category","embeddable":true,"href":"https:\/\/mediatopnews.tg\/index.php?rest_route=%2Fwp%2Fv2%2Fcategories&post=15290"},{"taxonomy":"post_tag","embeddable":true,"href":"https:\/\/mediatopnews.tg\/index.php?rest_route=%2Fwp%2Fv2%2Ftags&post=15290"}],"curies":[{"name":"wp","href":"https:\/\/api.w.org\/{rel}","templated":true}]}}