{"id":15293,"date":"2026-09-03T06:53:39","date_gmt":"2026-09-03T06:53:39","guid":{"rendered":"https:\/\/mediatopnews.tg\/?p=15293"},"modified":"2026-09-03T06:53:47","modified_gmt":"2026-09-03T06:53:47","slug":"togo-kirghizistan-faure-gnassingbe-et-sadyr-japarov-renforcent-un-partenariat-strategique","status":"publish","type":"post","link":"https:\/\/mediatopnews.tg\/?p=15293","title":{"rendered":"Togo\u2013Kirghizistan : Faure Gnassingb\u00e9 et Sadyr Japarov renforcent un partenariat strat\u00e9gique"},"content":{"rendered":"\n<p>Le Pr\u00e9sident du Conseil, Faure Essozimna Gnassingb\u00e9, s\u00e9journe \u00e0 Bichkek, au Kirghizistan, o\u00f9 il prend part au 26\u1d49 sommet de l\u2019Organisation de coop\u00e9ration de Shanghai (OCS). En pr\u00e9lude \u00e0 cette rencontre de haut niveau, le dirigeant togolais s\u2019est entretenu, le 31 ao\u00fbt 2026, avec son homologue kirghiz, Sadyr Japarov.<\/p>\n\n\n\n<p>Cette rencontre, qui intervient quatre mois apr\u00e8s la visite officielle du Pr\u00e9sident du Conseil \u00e0 Bichkek, traduit la volont\u00e9 des deux pays de maintenir une dynamique de dialogue r\u00e9gulier et de donner un contenu concret aux engagements pris lors de cette visite.<\/p>\n\n\n\n<figure class=\"wp-block-image size-full\"><img loading=\"lazy\" decoding=\"async\" width=\"727\" height=\"530\" src=\"https:\/\/mediatopnews.tg\/wp-content\/uploads\/2026\/09\/TOF-FEG-KIKRG.png\" alt=\"\" class=\"wp-image-15294\" srcset=\"https:\/\/mediatopnews.tg\/wp-content\/uploads\/2026\/09\/TOF-FEG-KIKRG.png 727w, https:\/\/mediatopnews.tg\/wp-content\/uploads\/2026\/09\/TOF-FEG-KIKRG-300x219.png 300w\" sizes=\"auto, (max-width: 727px) 100vw, 727px\" \/><\/figure>\n\n\n\n<p>Les deux dirigeants ont notamment examin\u00e9 l\u2019\u00e9tat de mise en \u0153uvre des accords et m\u00e9morandums sign\u00e9s le 29 avril dernier, lors du s\u00e9jour du Pr\u00e9sident Faure Gnassingb\u00e9 au Kirghizistan. Les \u00e9changes ont \u00e9t\u00e9 \u00e9largis aux d\u00e9l\u00e9gations minist\u00e9rielles des deux pays.<\/p>\n\n\n\n<p>\u00c0 cette occasion, le Pr\u00e9sident du Conseil s\u2019est f\u00e9licit\u00e9 de la qualit\u00e9 des relations entre Lom\u00e9 et Bichkek et de l\u2019attention accord\u00e9e par les autorit\u00e9s kirghizes au partenariat avec le Togo. Il a \u00e9galement exprim\u00e9 sa reconnaissance au Pr\u00e9sident Sadyr Japarov pour avoir associ\u00e9 le Togo au 26\u1d49 sommet de l\u2019OCS ainsi qu\u2019aux 6\u1d49 Jeux mondiaux des nomades.<\/p>\n\n\n\n<p>Faure Gnassingb\u00e9 a salu\u00e9 cette invitation comme une opportunit\u00e9 suppl\u00e9mentaire pour le Togo de renforcer sa pr\u00e9sence sur la sc\u00e8ne internationale et de d\u00e9velopper de nouveaux partenariats avec les pays d\u2019Asie centrale.<\/p>\n\n\n\n<p>De son c\u00f4t\u00e9, le Pr\u00e9sident Sadyr Japarov s\u2019est f\u00e9licit\u00e9 de l\u2019excellence des relations de coop\u00e9ration entre les deux pays. Il a salu\u00e9 le r\u00f4le jou\u00e9 par la visite officielle du Pr\u00e9sident du Conseil en avril dans l\u2019approfondissement du dialogue politique et l\u2019ouverture de nouveaux axes de coop\u00e9ration.<\/p>\n\n\n\n<p>Le dirigeant kirghiz a \u00e9galement exprim\u00e9 sa gratitude au Togo pour son soutien \u00e0 la candidature du Kirghizistan au poste de membre non permanent du Conseil de s\u00e9curit\u00e9 des Nations unies pour la p\u00e9riode 2027-2028. Il a estim\u00e9 que ce soutien t\u00e9moigne de la confiance et des relations d\u2019amiti\u00e9 qui unissent les deux pays.<\/p>\n\n\n\n<p>Les accords et m\u00e9morandums conclus en avril couvrent plusieurs secteurs \u00e0 fort potentiel, notamment la diplomatie, l\u2019\u00e9conomie num\u00e9rique, la culture et les industries cr\u00e9atives, les investissements et le commerce, l\u2019\u00e9ducation, la sant\u00e9 ainsi que l\u2019agriculture. Leur mise en \u0153uvre constitue d\u00e9sormais l\u2019un des principaux enjeux du partenariat entre Lom\u00e9 et Bichkek.<\/p>\n\n\n<figure class=\"wp-block-post-featured-image\"><img loading=\"lazy\" decoding=\"async\" width=\"727\" height=\"530\" src=\"https:\/\/mediatopnews.tg\/wp-content\/uploads\/2026\/09\/TOF-FEG-KIKRG.png\" class=\"attachment-post-thumbnail size-post-thumbnail wp-post-image\" alt=\"\" style=\"object-fit:cover;\" srcset=\"https:\/\/mediatopnews.tg\/wp-content\/uploads\/2026\/09\/TOF-FEG-KIKRG.png 727w, https:\/\/mediatopnews.tg\/wp-content\/uploads\/2026\/09\/TOF-FEG-KIKRG-300x219.png 300w\" sizes=\"auto, (max-width: 727px) 100vw, 727px\" \/><\/figure>\n\n\n<p>Cette nouvelle rencontre au sommet confirme ainsi la volont\u00e9 des deux pays de passer d\u2019une coop\u00e9ration essentiellement diplomatique \u00e0 un partenariat davantage orient\u00e9 vers des r\u00e9alisations concr\u00e8tes, notamment dans les domaines du d\u00e9veloppement des comp\u00e9tences, de l\u2019innovation, de l\u2019agriculture, de la sant\u00e9 et des \u00e9changes \u00e9conomiques.<\/p>\n\n\n\n<p>Pour le Togo, ce rapprochement avec le Kirghizistan s\u2019inscrit dans une strat\u00e9gie plus large de diversification des partenariats et d\u2019ouverture vers de nouveaux espaces \u00e9conomiques et diplomatiques.<\/p>\n\n\n\n<p>Apr\u00e8s cet entretien bilat\u00e9ral, le Pr\u00e9sident du Conseil a poursuivi son agenda \u00e0 Bichkek avec sa participation aux travaux du 26\u1d49 sommet de l\u2019Organisation de coop\u00e9ration de Shanghai. Une nouvelle tribune pour le Togo de renforcer son dialogue avec les \u00c9tats membres et partenaires de l\u2019OCS et de porter les int\u00e9r\u00eats de l\u2019Afrique dans les grandes discussions internationales.<\/p>\n\n\n\n<p><strong>TOESSI Adjovi<\/strong><\/p>\n\n\n\n<p><\/p>\n","protected":false},"excerpt":{"rendered":"<p>Le Pr\u00e9sident du Conseil, Faure Essozimna Gnassingb\u00e9, s\u00e9journe \u00e0 Bichkek, au Kirghizistan, o\u00f9 il prend part au 26\u1d49 sommet de l\u2019Organisation de coop\u00e9ration de Shanghai (OCS). En pr\u00e9lude \u00e0 cette rencontre de haut niveau, le dirigeant togolais s\u2019est entretenu, le 31 ao\u00fbt 2026, avec son homologue kirghiz, Sadyr Japarov. Cette rencontre, qui intervient quatre mois [&hellip;]<\/p>\n","protected":false},"author":2,"featured_media":15294,"comment_status":"open","ping_status":"closed","sticky":false,"template":"","format":"standard","meta":{"footnotes":""},"categories":[1],"tags":[],"class_list":["post-15293","post","type-post","status-publish","format-standard","has-post-thumbnail","hentry","category-politique"],"yoast_head":"<!-- This site is optimized with the Yoast SEO plugin v26.5 - https:\/\/yoast.com\/wordpress\/plugins\/seo\/ -->\n<title>Togo\u2013Kirghizistan : Faure Gnassingb\u00e9 et Sadyr Japarov renforcent un partenariat strat\u00e9gique - R\u00e9c\u00e9piss\u00e9 N\u00b00026\/12-2020\/pl\/P<\/title>\n<meta name=\"robots\" content=\"index, follow, max-snippet:-1, max-image-preview:large, max-video-preview:-1\" \/>\n<link rel=\"canonical\" href=\"https:\/\/mediatopnews.tg\/?p=15293\" \/>\n<meta property=\"og:locale\" content=\"fr_FR\" \/>\n<meta property=\"og:type\" content=\"article\" \/>\n<meta property=\"og:title\" content=\"Togo\u2013Kirghizistan : Faure Gnassingb\u00e9 et Sadyr Japarov renforcent un partenariat strat\u00e9gique - R\u00e9c\u00e9piss\u00e9 N\u00b00026\/12-2020\/pl\/P\" \/>\n<meta property=\"og:description\" content=\"Le Pr\u00e9sident du Conseil, Faure Essozimna Gnassingb\u00e9, s\u00e9journe \u00e0 Bichkek, au Kirghizistan, o\u00f9 il prend part au 26\u1d49 sommet de l\u2019Organisation de coop\u00e9ration de Shanghai (OCS). En pr\u00e9lude \u00e0 cette rencontre de haut niveau, le dirigeant togolais s\u2019est entretenu, le 31 ao\u00fbt 2026, avec son homologue kirghiz, Sadyr Japarov. Cette rencontre, qui intervient quatre mois [&hellip;]\" \/>\n<meta property=\"og:url\" content=\"https:\/\/mediatopnews.tg\/?p=15293\" \/>\n<meta property=\"og:site_name\" content=\"R\u00e9c\u00e9piss\u00e9 N\u00b00026\/12-2020\/pl\/P\" \/>\n<meta property=\"article:published_time\" content=\"2026-09-03T06:53:39+00:00\" \/>\n<meta property=\"article:modified_time\" content=\"2026-09-03T06:53:47+00:00\" \/>\n<meta property=\"og:image\" content=\"https:\/\/mediatopnews.tg\/wp-content\/uploads\/2026\/09\/TOF-FEG-KIKRG.png\" \/>\n\t<meta property=\"og:image:width\" content=\"727\" \/>\n\t<meta property=\"og:image:height\" content=\"530\" \/>\n\t<meta property=\"og:image:type\" content=\"image\/png\" \/>\n<meta name=\"author\" content=\"La R\u00e9daction\" \/>\n<meta name=\"twitter:card\" content=\"summary_large_image\" \/>\n<meta name=\"twitter:label1\" content=\"\u00c9crit par\" \/>\n\t<meta name=\"twitter:data1\" content=\"La R\u00e9daction\" \/>\n\t<meta name=\"twitter:label2\" content=\"Dur\u00e9e de lecture estim\u00e9e\" \/>\n\t<meta name=\"twitter:data2\" content=\"3 minutes\" \/>\n<script type=\"application\/ld+json\" class=\"yoast-schema-graph\">{\"@context\":\"https:\/\/schema.org\",\"@graph\":[{\"@type\":\"Article\",\"@id\":\"https:\/\/mediatopnews.tg\/?p=15293#article\",\"isPartOf\":{\"@id\":\"https:\/\/mediatopnews.tg\/?p=15293\"},\"author\":{\"name\":\"La R\u00e9daction\",\"@id\":\"https:\/\/mediatopnews.tg\/#\/schema\/person\/5264fbaa15cdbc3bbc592caa5cb4bac6\"},\"headline\":\"Togo\u2013Kirghizistan : Faure Gnassingb\u00e9 et Sadyr Japarov renforcent un partenariat strat\u00e9gique\",\"datePublished\":\"2026-09-03T06:53:39+00:00\",\"dateModified\":\"2026-09-03T06:53:47+00:00\",\"mainEntityOfPage\":{\"@id\":\"https:\/\/mediatopnews.tg\/?p=15293\"},\"wordCount\":578,\"commentCount\":0,\"publisher\":{\"@id\":\"https:\/\/mediatopnews.tg\/#organization\"},\"image\":{\"@id\":\"https:\/\/mediatopnews.tg\/?p=15293#primaryimage\"},\"thumbnailUrl\":\"https:\/\/mediatopnews.tg\/wp-content\/uploads\/2026\/09\/TOF-FEG-KIKRG.png\",\"articleSection\":[\"POLITIQUE\"],\"inLanguage\":\"fr-FR\",\"potentialAction\":[{\"@type\":\"CommentAction\",\"name\":\"Comment\",\"target\":[\"https:\/\/mediatopnews.tg\/?p=15293#respond\"]}]},{\"@type\":\"WebPage\",\"@id\":\"https:\/\/mediatopnews.tg\/?p=15293\",\"url\":\"https:\/\/mediatopnews.tg\/?p=15293\",\"name\":\"Togo\u2013Kirghizistan : Faure Gnassingb\u00e9 et Sadyr Japarov renforcent un partenariat strat\u00e9gique - R\u00e9c\u00e9piss\u00e9 N\u00b00026\/12-2020\/pl\/P\",\"isPartOf\":{\"@id\":\"https:\/\/mediatopnews.tg\/#website\"},\"primaryImageOfPage\":{\"@id\":\"https:\/\/mediatopnews.tg\/?p=15293#primaryimage\"},\"image\":{\"@id\":\"https:\/\/mediatopnews.tg\/?p=15293#primaryimage\"},\"thumbnailUrl\":\"https:\/\/mediatopnews.tg\/wp-content\/uploads\/2026\/09\/TOF-FEG-KIKRG.png\",\"datePublished\":\"2026-09-03T06:53:39+00:00\",\"dateModified\":\"2026-09-03T06:53:47+00:00\",\"breadcrumb\":{\"@id\":\"https:\/\/mediatopnews.tg\/?p=15293#breadcrumb\"},\"inLanguage\":\"fr-FR\",\"potentialAction\":[{\"@type\":\"ReadAction\",\"target\":[\"https:\/\/mediatopnews.tg\/?p=15293\"]}]},{\"@type\":\"ImageObject\",\"inLanguage\":\"fr-FR\",\"@id\":\"https:\/\/mediatopnews.tg\/?p=15293#primaryimage\",\"url\":\"https:\/\/mediatopnews.tg\/wp-content\/uploads\/2026\/09\/TOF-FEG-KIKRG.png\",\"contentUrl\":\"https:\/\/mediatopnews.tg\/wp-content\/uploads\/2026\/09\/TOF-FEG-KIKRG.png\",\"width\":727,\"height\":530},{\"@type\":\"BreadcrumbList\",\"@id\":\"https:\/\/mediatopnews.tg\/?p=15293#breadcrumb\",\"itemListElement\":[{\"@type\":\"ListItem\",\"position\":1,\"name\":\"Accueil\",\"item\":\"https:\/\/mediatopnews.tg\/\"},{\"@type\":\"ListItem\",\"position\":2,\"name\":\"Togo\u2013Kirghizistan : Faure Gnassingb\u00e9 et Sadyr Japarov renforcent un partenariat strat\u00e9gique\"}]},{\"@type\":\"WebSite\",\"@id\":\"https:\/\/mediatopnews.tg\/#website\",\"url\":\"https:\/\/mediatopnews.tg\/\",\"name\":\"R\u00e9c\u00e9piss\u00e9 N\u00b00026\/12-2020\/pl\/P\",\"description\":\"La toile de l&#039;information\",\"publisher\":{\"@id\":\"https:\/\/mediatopnews.tg\/#organization\"},\"potentialAction\":[{\"@type\":\"SearchAction\",\"target\":{\"@type\":\"EntryPoint\",\"urlTemplate\":\"https:\/\/mediatopnews.tg\/?s={search_term_string}\"},\"query-input\":{\"@type\":\"PropertyValueSpecification\",\"valueRequired\":true,\"valueName\":\"search_term_string\"}}],\"inLanguage\":\"fr-FR\"},{\"@type\":\"Organization\",\"@id\":\"https:\/\/mediatopnews.tg\/#organization\",\"name\":\"R\u00e9c\u00e9piss\u00e9 N\u00b00026\/12-2020\/pl\/P\",\"url\":\"https:\/\/mediatopnews.tg\/\",\"logo\":{\"@type\":\"ImageObject\",\"inLanguage\":\"fr-FR\",\"@id\":\"https:\/\/mediatopnews.tg\/#\/schema\/logo\/image\/\",\"url\":\"https:\/\/mediatopnews.tg\/wp-content\/uploads\/2023\/09\/cropped-cropped-WhatsApp-Image-2023-09-04-at-13.18.30-1-1.jpeg\",\"contentUrl\":\"https:\/\/mediatopnews.tg\/wp-content\/uploads\/2023\/09\/cropped-cropped-WhatsApp-Image-2023-09-04-at-13.18.30-1-1.jpeg\",\"width\":174,\"height\":147,\"caption\":\"R\u00e9c\u00e9piss\u00e9 N\u00b00026\/12-2020\/pl\/P\"},\"image\":{\"@id\":\"https:\/\/mediatopnews.tg\/#\/schema\/logo\/image\/\"}},{\"@type\":\"Person\",\"@id\":\"https:\/\/mediatopnews.tg\/#\/schema\/person\/5264fbaa15cdbc3bbc592caa5cb4bac6\",\"name\":\"La R\u00e9daction\",\"image\":{\"@type\":\"ImageObject\",\"inLanguage\":\"fr-FR\",\"@id\":\"https:\/\/mediatopnews.tg\/#\/schema\/person\/image\/\",\"url\":\"https:\/\/secure.gravatar.com\/avatar\/02c45ef53e124da0300332101a595f5186b781ff193f1243a768c52e15756dcc?s=96&d=mm&r=g\",\"contentUrl\":\"https:\/\/secure.gravatar.com\/avatar\/02c45ef53e124da0300332101a595f5186b781ff193f1243a768c52e15756dcc?s=96&d=mm&r=g\",\"caption\":\"La R\u00e9daction\"},\"url\":\"https:\/\/mediatopnews.tg\/?author=2\"}]}<\/script>\n<!-- \/ Yoast SEO plugin. -->","yoast_head_json":{"title":"Togo\u2013Kirghizistan : Faure Gnassingb\u00e9 et Sadyr Japarov renforcent un partenariat strat\u00e9gique - R\u00e9c\u00e9piss\u00e9 N\u00b00026\/12-2020\/pl\/P","robots":{"index":"index","follow":"follow","max-snippet":"max-snippet:-1","max-image-preview":"max-image-preview:large","max-video-preview":"max-video-preview:-1"},"canonical":"https:\/\/mediatopnews.tg\/?p=15293","og_locale":"fr_FR","og_type":"article","og_title":"Togo\u2013Kirghizistan : Faure Gnassingb\u00e9 et Sadyr Japarov renforcent un partenariat strat\u00e9gique - R\u00e9c\u00e9piss\u00e9 N\u00b00026\/12-2020\/pl\/P","og_description":"Le Pr\u00e9sident du Conseil, Faure Essozimna Gnassingb\u00e9, s\u00e9journe \u00e0 Bichkek, au Kirghizistan, o\u00f9 il prend part au 26\u1d49 sommet de l\u2019Organisation de coop\u00e9ration de Shanghai (OCS). En pr\u00e9lude \u00e0 cette rencontre de haut niveau, le dirigeant togolais s\u2019est entretenu, le 31 ao\u00fbt 2026, avec son homologue kirghiz, Sadyr Japarov. Cette rencontre, qui intervient quatre mois [&hellip;]","og_url":"https:\/\/mediatopnews.tg\/?p=15293","og_site_name":"R\u00e9c\u00e9piss\u00e9 N\u00b00026\/12-2020\/pl\/P","article_published_time":"2026-09-03T06:53:39+00:00","article_modified_time":"2026-09-03T06:53:47+00:00","og_image":[{"width":727,"height":530,"url":"https:\/\/mediatopnews.tg\/wp-content\/uploads\/2026\/09\/TOF-FEG-KIKRG.png","type":"image\/png"}],"author":"La R\u00e9daction","twitter_card":"summary_large_image","twitter_misc":{"\u00c9crit par":"La R\u00e9daction","Dur\u00e9e de lecture estim\u00e9e":"3 minutes"},"schema":{"@context":"https:\/\/schema.org","@graph":[{"@type":"Article","@id":"https:\/\/mediatopnews.tg\/?p=15293#article","isPartOf":{"@id":"https:\/\/mediatopnews.tg\/?p=15293"},"author":{"name":"La R\u00e9daction","@id":"https:\/\/mediatopnews.tg\/#\/schema\/person\/5264fbaa15cdbc3bbc592caa5cb4bac6"},"headline":"Togo\u2013Kirghizistan : Faure Gnassingb\u00e9 et Sadyr Japarov renforcent un partenariat strat\u00e9gique","datePublished":"2026-09-03T06:53:39+00:00","dateModified":"2026-09-03T06:53:47+00:00","mainEntityOfPage":{"@id":"https:\/\/mediatopnews.tg\/?p=15293"},"wordCount":578,"commentCount":0,"publisher":{"@id":"https:\/\/mediatopnews.tg\/#organization"},"image":{"@id":"https:\/\/mediatopnews.tg\/?p=15293#primaryimage"},"thumbnailUrl":"https:\/\/mediatopnews.tg\/wp-content\/uploads\/2026\/09\/TOF-FEG-KIKRG.png","articleSection":["POLITIQUE"],"inLanguage":"fr-FR","potentialAction":[{"@type":"CommentAction","name":"Comment","target":["https:\/\/mediatopnews.tg\/?p=15293#respond"]}]},{"@type":"WebPage","@id":"https:\/\/mediatopnews.tg\/?p=15293","url":"https:\/\/mediatopnews.tg\/?p=15293","name":"Togo\u2013Kirghizistan : Faure Gnassingb\u00e9 et Sadyr Japarov renforcent un partenariat strat\u00e9gique - R\u00e9c\u00e9piss\u00e9 N\u00b00026\/12-2020\/pl\/P","isPartOf":{"@id":"https:\/\/mediatopnews.tg\/#website"},"primaryImageOfPage":{"@id":"https:\/\/mediatopnews.tg\/?p=15293#primaryimage"},"image":{"@id":"https:\/\/mediatopnews.tg\/?p=15293#primaryimage"},"thumbnailUrl":"https:\/\/mediatopnews.tg\/wp-content\/uploads\/2026\/09\/TOF-FEG-KIKRG.png","datePublished":"2026-09-03T06:53:39+00:00","dateModified":"2026-09-03T06:53:47+00:00","breadcrumb":{"@id":"https:\/\/mediatopnews.tg\/?p=15293#breadcrumb"},"inLanguage":"fr-FR","potentialAction":[{"@type":"ReadAction","target":["https:\/\/mediatopnews.tg\/?p=15293"]}]},{"@type":"ImageObject","inLanguage":"fr-FR","@id":"https:\/\/mediatopnews.tg\/?p=15293#primaryimage","url":"https:\/\/mediatopnews.tg\/wp-content\/uploads\/2026\/09\/TOF-FEG-KIKRG.png","contentUrl":"https:\/\/mediatopnews.tg\/wp-content\/uploads\/2026\/09\/TOF-FEG-KIKRG.png","width":727,"height":530},{"@type":"BreadcrumbList","@id":"https:\/\/mediatopnews.tg\/?p=15293#breadcrumb","itemListElement":[{"@type":"ListItem","position":1,"name":"Accueil","item":"https:\/\/mediatopnews.tg\/"},{"@type":"ListItem","position":2,"name":"Togo\u2013Kirghizistan : Faure Gnassingb\u00e9 et Sadyr Japarov renforcent un partenariat strat\u00e9gique"}]},{"@type":"WebSite","@id":"https:\/\/mediatopnews.tg\/#website","url":"https:\/\/mediatopnews.tg\/","name":"R\u00e9c\u00e9piss\u00e9 N\u00b00026\/12-2020\/pl\/P","description":"La toile de l&#039;information","publisher":{"@id":"https:\/\/mediatopnews.tg\/#organization"},"potentialAction":[{"@type":"SearchAction","target":{"@type":"EntryPoint","urlTemplate":"https:\/\/mediatopnews.tg\/?s={search_term_string}"},"query-input":{"@type":"PropertyValueSpecification","valueRequired":true,"valueName":"search_term_string"}}],"inLanguage":"fr-FR"},{"@type":"Organization","@id":"https:\/\/mediatopnews.tg\/#organization","name":"R\u00e9c\u00e9piss\u00e9 N\u00b00026\/12-2020\/pl\/P","url":"https:\/\/mediatopnews.tg\/","logo":{"@type":"ImageObject","inLanguage":"fr-FR","@id":"https:\/\/mediatopnews.tg\/#\/schema\/logo\/image\/","url":"https:\/\/mediatopnews.tg\/wp-content\/uploads\/2023\/09\/cropped-cropped-WhatsApp-Image-2023-09-04-at-13.18.30-1-1.jpeg","contentUrl":"https:\/\/mediatopnews.tg\/wp-content\/uploads\/2023\/09\/cropped-cropped-WhatsApp-Image-2023-09-04-at-13.18.30-1-1.jpeg","width":174,"height":147,"caption":"R\u00e9c\u00e9piss\u00e9 N\u00b00026\/12-2020\/pl\/P"},"image":{"@id":"https:\/\/mediatopnews.tg\/#\/schema\/logo\/image\/"}},{"@type":"Person","@id":"https:\/\/mediatopnews.tg\/#\/schema\/person\/5264fbaa15cdbc3bbc592caa5cb4bac6","name":"La R\u00e9daction","image":{"@type":"ImageObject","inLanguage":"fr-FR","@id":"https:\/\/mediatopnews.tg\/#\/schema\/person\/image\/","url":"https:\/\/secure.gravatar.com\/avatar\/02c45ef53e124da0300332101a595f5186b781ff193f1243a768c52e15756dcc?s=96&d=mm&r=g","contentUrl":"https:\/\/secure.gravatar.com\/avatar\/02c45ef53e124da0300332101a595f5186b781ff193f1243a768c52e15756dcc?s=96&d=mm&r=g","caption":"La R\u00e9daction"},"url":"https:\/\/mediatopnews.tg\/?author=2"}]}},"_links":{"self":[{"href":"https:\/\/mediatopnews.tg\/index.php?rest_route=\/wp\/v2\/posts\/15293","targetHints":{"allow":["GET"]}}],"collection":[{"href":"https:\/\/mediatopnews.tg\/index.php?rest_route=\/wp\/v2\/posts"}],"about":[{"href":"https:\/\/mediatopnews.tg\/index.php?rest_route=\/wp\/v2\/types\/post"}],"author":[{"embeddable":true,"href":"https:\/\/mediatopnews.tg\/index.php?rest_route=\/wp\/v2\/users\/2"}],"replies":[{"embeddable":true,"href":"https:\/\/mediatopnews.tg\/index.php?rest_route=%2Fwp%2Fv2%2Fcomments&post=15293"}],"version-history":[{"count":1,"href":"https:\/\/mediatopnews.tg\/index.php?rest_route=\/wp\/v2\/posts\/15293\/revisions"}],"predecessor-version":[{"id":15295,"href":"https:\/\/mediatopnews.tg\/index.php?rest_route=\/wp\/v2\/posts\/15293\/revisions\/15295"}],"wp:featuredmedia":[{"embeddable":true,"href":"https:\/\/mediatopnews.tg\/index.php?rest_route=\/wp\/v2\/media\/15294"}],"wp:attachment":[{"href":"https:\/\/mediatopnews.tg\/index.php?rest_route=%2Fwp%2Fv2%2Fmedia&parent=15293"}],"wp:term":[{"taxonomy":"category","embeddable":true,"href":"https:\/\/mediatopnews.tg\/index.php?rest_route=%2Fwp%2Fv2%2Fcategories&post=15293"},{"taxonomy":"post_tag","embeddable":true,"href":"https:\/\/mediatopnews.tg\/index.php?rest_route=%2Fwp%2Fv2%2Ftags&post=15293"}],"curies":[{"name":"wp","href":"https:\/\/api.w.org\/{rel}","templated":true}]}}