{"id":15296,"date":"2026-09-04T21:24:37","date_gmt":"2026-09-04T21:24:37","guid":{"rendered":"https:\/\/mediatopnews.tg\/?p=15296"},"modified":"2026-09-04T21:24:40","modified_gmt":"2026-09-04T21:24:40","slug":"cafe-cacao-la-production-togolaise-en-hausse-a-louverture-de-la-campagne-2026-2027","status":"publish","type":"post","link":"https:\/\/mediatopnews.tg\/?p=15296","title":{"rendered":"Caf\u00e9-cacao : la production togolaise en hausse \u00e0 l\u2019ouverture de la campagne 2026-2027"},"content":{"rendered":"\n<p>La campagne de commercialisation 2026-2027 du caf\u00e9 et du cacao a \u00e9t\u00e9 officiellement lanc\u00e9e ce vendredi 4 septembre 2026 \u00e0 Kpalim\u00e9, dans la pr\u00e9fecture de Kloto. Elle d\u00e9butera le 1er octobre prochain.<\/p>\n\n\n\n<figure class=\"wp-block-image size-large\"><img loading=\"lazy\" decoding=\"async\" width=\"1024\" height=\"461\" src=\"https:\/\/mediatopnews.tg\/wp-content\/uploads\/2026\/09\/2409096-1024x461.jpg\" alt=\"\" class=\"wp-image-15298\" srcset=\"https:\/\/mediatopnews.tg\/wp-content\/uploads\/2026\/09\/2409096-1024x461.jpg 1024w, https:\/\/mediatopnews.tg\/wp-content\/uploads\/2026\/09\/2409096-300x135.jpg 300w, https:\/\/mediatopnews.tg\/wp-content\/uploads\/2026\/09\/2409096-768x346.jpg 768w, https:\/\/mediatopnews.tg\/wp-content\/uploads\/2026\/09\/2409096-1536x691.jpg 1536w, https:\/\/mediatopnews.tg\/wp-content\/uploads\/2026\/09\/2409096-2048x922.jpg 2048w\" sizes=\"auto, (max-width: 1024px) 100vw, 1024px\" \/><figcaption class=\"wp-element-caption\">L&rsquo;assistance <\/figcaption><\/figure>\n\n\n\n<p><br>La production nationale affiche une progression. En 2025, le Togo a produit 30 472 tonnes de caf\u00e9, en hausse de 2,5 %, et 23 084 tonnes de cacao, soit une augmentation de 7 % par rapport \u00e0 2024.<br><\/p>\n\n\n\n<p>Ces performances sont notamment attribu\u00e9es aux actions du Programme de Modernisation de l\u2019Agriculture du Togo (ProMAT), \u00e0 travers l\u2019acc\u00e8s aux engrais, au mat\u00e9riel v\u00e9g\u00e9tal et \u00e0 l\u2019accompagnement technique des producteurs.<br><\/p>\n\n\n\n<figure class=\"wp-block-gallery has-nested-images columns-default is-cropped wp-block-gallery-1 is-layout-flex wp-block-gallery-is-layout-flex\">\n<figure class=\"wp-block-image size-large\"><img loading=\"lazy\" decoding=\"async\" width=\"1024\" height=\"461\" data-id=\"15299\" src=\"https:\/\/mediatopnews.tg\/wp-content\/uploads\/2026\/09\/2409083-1024x461.jpg\" alt=\"\" class=\"wp-image-15299\" srcset=\"https:\/\/mediatopnews.tg\/wp-content\/uploads\/2026\/09\/2409083-1024x461.jpg 1024w, https:\/\/mediatopnews.tg\/wp-content\/uploads\/2026\/09\/2409083-300x135.jpg 300w, https:\/\/mediatopnews.tg\/wp-content\/uploads\/2026\/09\/2409083-768x346.jpg 768w, https:\/\/mediatopnews.tg\/wp-content\/uploads\/2026\/09\/2409083-1536x691.jpg 1536w, https:\/\/mediatopnews.tg\/wp-content\/uploads\/2026\/09\/2409083-2048x922.jpg 2048w\" sizes=\"auto, (max-width: 1024px) 100vw, 1024px\" \/><\/figure>\n\n\n\n<figure class=\"wp-block-image size-large\"><img loading=\"lazy\" decoding=\"async\" width=\"1024\" height=\"461\" data-id=\"15301\" src=\"https:\/\/mediatopnews.tg\/wp-content\/uploads\/2026\/09\/2409091-1024x461.jpg\" alt=\"\" class=\"wp-image-15301\" srcset=\"https:\/\/mediatopnews.tg\/wp-content\/uploads\/2026\/09\/2409091-1024x461.jpg 1024w, https:\/\/mediatopnews.tg\/wp-content\/uploads\/2026\/09\/2409091-300x135.jpg 300w, https:\/\/mediatopnews.tg\/wp-content\/uploads\/2026\/09\/2409091-768x346.jpg 768w, https:\/\/mediatopnews.tg\/wp-content\/uploads\/2026\/09\/2409091-1536x691.jpg 1536w, https:\/\/mediatopnews.tg\/wp-content\/uploads\/2026\/09\/2409091-2048x922.jpg 2048w\" sizes=\"auto, (max-width: 1024px) 100vw, 1024px\" \/><\/figure>\n\n\n\n<figure class=\"wp-block-image size-large\"><img loading=\"lazy\" decoding=\"async\" width=\"1024\" height=\"461\" data-id=\"15300\" src=\"https:\/\/mediatopnews.tg\/wp-content\/uploads\/2026\/09\/2409071-1024x461.jpg\" alt=\"\" class=\"wp-image-15300\" srcset=\"https:\/\/mediatopnews.tg\/wp-content\/uploads\/2026\/09\/2409071-1024x461.jpg 1024w, https:\/\/mediatopnews.tg\/wp-content\/uploads\/2026\/09\/2409071-300x135.jpg 300w, https:\/\/mediatopnews.tg\/wp-content\/uploads\/2026\/09\/2409071-768x346.jpg 768w, https:\/\/mediatopnews.tg\/wp-content\/uploads\/2026\/09\/2409071-1536x691.jpg 1536w, https:\/\/mediatopnews.tg\/wp-content\/uploads\/2026\/09\/2409071-2048x922.jpg 2048w\" sizes=\"auto, (max-width: 1024px) 100vw, 1024px\" \/><figcaption class=\"wp-element-caption\">L&rsquo;assistance <\/figcaption><\/figure>\n<\/figure>\n\n\n\n<p>Pour cette nouvelle campagne, les autorit\u00e9s misent sur l\u2019am\u00e9lioration de la qualit\u00e9, la tra\u00e7abilit\u00e9 et la transformation locale. <\/p>\n\n\n\n<p>Le ministre de l\u2019\u00c9conomie et de la Veille strat\u00e9gique, Badanam Patoki, a appel\u00e9 les acteurs \u00e0 respecter les r\u00e8gles de commercialisation, tandis que le CCFCC encourage une meilleure organisation des producteurs.<br><\/p>\n\n\n\n<figure class=\"wp-block-image size-large\"><img loading=\"lazy\" decoding=\"async\" width=\"1024\" height=\"461\" src=\"https:\/\/mediatopnews.tg\/wp-content\/uploads\/2026\/09\/2410742-1024x461.jpg\" alt=\"\" class=\"wp-image-15302\" srcset=\"https:\/\/mediatopnews.tg\/wp-content\/uploads\/2026\/09\/2410742-1024x461.jpg 1024w, https:\/\/mediatopnews.tg\/wp-content\/uploads\/2026\/09\/2410742-300x135.jpg 300w, https:\/\/mediatopnews.tg\/wp-content\/uploads\/2026\/09\/2410742-768x346.jpg 768w, https:\/\/mediatopnews.tg\/wp-content\/uploads\/2026\/09\/2410742-1536x691.jpg 1536w, https:\/\/mediatopnews.tg\/wp-content\/uploads\/2026\/09\/2410742-2048x922.jpg 2048w\" sizes=\"auto, (max-width: 1024px) 100vw, 1024px\" \/><figcaption class=\"wp-element-caption\">Photo de famille <\/figcaption><\/figure>\n\n\n\n<p>Les fili\u00e8res caf\u00e9 et cacao mobilisent pr\u00e8s de 34 000 producteurs et demeurent des secteurs majeurs de l\u2019\u00e9conomie togolaise.<\/p>\n","protected":false},"excerpt":{"rendered":"<p>La campagne de commercialisation 2026-2027 du caf\u00e9 et du cacao a \u00e9t\u00e9 officiellement lanc\u00e9e ce vendredi 4 septembre 2026 \u00e0 Kpalim\u00e9, dans la pr\u00e9fecture de Kloto. Elle d\u00e9butera le 1er octobre prochain. La production nationale affiche une progression. En 2025, le Togo a produit 30 472 tonnes de caf\u00e9, en hausse de 2,5 %, et [&hellip;]<\/p>\n","protected":false},"author":2,"featured_media":15297,"comment_status":"open","ping_status":"closed","sticky":false,"template":"","format":"standard","meta":{"footnotes":""},"categories":[3],"tags":[787,789,790,788],"class_list":["post-15296","post","type-post","status-publish","format-standard","has-post-thumbnail","hentry","category-societe","tag-cafe-cacao","tag-en-hausse","tag-la-campagne-2026-2027","tag-la-production-togolaise"],"yoast_head":"<!-- This site is optimized with the Yoast SEO plugin v26.5 - https:\/\/yoast.com\/wordpress\/plugins\/seo\/ -->\n<title>Caf\u00e9-cacao : la production togolaise en hausse \u00e0 l\u2019ouverture de la campagne 2026-2027 - R\u00e9c\u00e9piss\u00e9 N\u00b00026\/12-2020\/pl\/P<\/title>\n<meta name=\"robots\" content=\"index, follow, max-snippet:-1, max-image-preview:large, max-video-preview:-1\" \/>\n<link rel=\"canonical\" href=\"https:\/\/mediatopnews.tg\/?p=15296\" \/>\n<meta property=\"og:locale\" content=\"fr_FR\" \/>\n<meta property=\"og:type\" content=\"article\" \/>\n<meta property=\"og:title\" content=\"Caf\u00e9-cacao : la production togolaise en hausse \u00e0 l\u2019ouverture de la campagne 2026-2027 - R\u00e9c\u00e9piss\u00e9 N\u00b00026\/12-2020\/pl\/P\" \/>\n<meta property=\"og:description\" content=\"La campagne de commercialisation 2026-2027 du caf\u00e9 et du cacao a \u00e9t\u00e9 officiellement lanc\u00e9e ce vendredi 4 septembre 2026 \u00e0 Kpalim\u00e9, dans la pr\u00e9fecture de Kloto. Elle d\u00e9butera le 1er octobre prochain. La production nationale affiche une progression. En 2025, le Togo a produit 30 472 tonnes de caf\u00e9, en hausse de 2,5 %, et [&hellip;]\" \/>\n<meta property=\"og:url\" content=\"https:\/\/mediatopnews.tg\/?p=15296\" \/>\n<meta property=\"og:site_name\" content=\"R\u00e9c\u00e9piss\u00e9 N\u00b00026\/12-2020\/pl\/P\" \/>\n<meta property=\"article:published_time\" content=\"2026-09-04T21:24:37+00:00\" \/>\n<meta property=\"article:modified_time\" content=\"2026-09-04T21:24:40+00:00\" \/>\n<meta property=\"og:image\" content=\"https:\/\/mediatopnews.tg\/wp-content\/uploads\/2026\/09\/file_00000000077c81f4b3c24c70dde889b2-1024x460.png\" \/>\n\t<meta property=\"og:image:width\" content=\"1024\" \/>\n\t<meta property=\"og:image:height\" content=\"460\" \/>\n\t<meta property=\"og:image:type\" content=\"image\/png\" \/>\n<meta name=\"author\" content=\"La R\u00e9daction\" \/>\n<meta name=\"twitter:card\" content=\"summary_large_image\" \/>\n<meta name=\"twitter:label1\" content=\"\u00c9crit par\" \/>\n\t<meta name=\"twitter:data1\" content=\"La R\u00e9daction\" \/>\n\t<meta name=\"twitter:label2\" content=\"Dur\u00e9e de lecture estim\u00e9e\" \/>\n\t<meta name=\"twitter:data2\" content=\"3 minutes\" \/>\n<script type=\"application\/ld+json\" class=\"yoast-schema-graph\">{\"@context\":\"https:\/\/schema.org\",\"@graph\":[{\"@type\":\"Article\",\"@id\":\"https:\/\/mediatopnews.tg\/?p=15296#article\",\"isPartOf\":{\"@id\":\"https:\/\/mediatopnews.tg\/?p=15296\"},\"author\":{\"name\":\"La R\u00e9daction\",\"@id\":\"https:\/\/mediatopnews.tg\/#\/schema\/person\/5264fbaa15cdbc3bbc592caa5cb4bac6\"},\"headline\":\"Caf\u00e9-cacao : la production togolaise en hausse \u00e0 l\u2019ouverture de la campagne 2026-2027\",\"datePublished\":\"2026-09-04T21:24:37+00:00\",\"dateModified\":\"2026-09-04T21:24:40+00:00\",\"mainEntityOfPage\":{\"@id\":\"https:\/\/mediatopnews.tg\/?p=15296\"},\"wordCount\":190,\"commentCount\":0,\"publisher\":{\"@id\":\"https:\/\/mediatopnews.tg\/#organization\"},\"image\":{\"@id\":\"https:\/\/mediatopnews.tg\/?p=15296#primaryimage\"},\"thumbnailUrl\":\"https:\/\/mediatopnews.tg\/wp-content\/uploads\/2026\/09\/file_00000000077c81f4b3c24c70dde889b2.png\",\"keywords\":[\"Caf\u00e9-cacao\",\"en hausse\",\"la campagne 2026-2027\",\"la production togolaise\"],\"articleSection\":[\"SOCIETE\"],\"inLanguage\":\"fr-FR\",\"potentialAction\":[{\"@type\":\"CommentAction\",\"name\":\"Comment\",\"target\":[\"https:\/\/mediatopnews.tg\/?p=15296#respond\"]}]},{\"@type\":\"WebPage\",\"@id\":\"https:\/\/mediatopnews.tg\/?p=15296\",\"url\":\"https:\/\/mediatopnews.tg\/?p=15296\",\"name\":\"Caf\u00e9-cacao : la production togolaise en hausse \u00e0 l\u2019ouverture de la campagne 2026-2027 - R\u00e9c\u00e9piss\u00e9 N\u00b00026\/12-2020\/pl\/P\",\"isPartOf\":{\"@id\":\"https:\/\/mediatopnews.tg\/#website\"},\"primaryImageOfPage\":{\"@id\":\"https:\/\/mediatopnews.tg\/?p=15296#primaryimage\"},\"image\":{\"@id\":\"https:\/\/mediatopnews.tg\/?p=15296#primaryimage\"},\"thumbnailUrl\":\"https:\/\/mediatopnews.tg\/wp-content\/uploads\/2026\/09\/file_00000000077c81f4b3c24c70dde889b2.png\",\"datePublished\":\"2026-09-04T21:24:37+00:00\",\"dateModified\":\"2026-09-04T21:24:40+00:00\",\"breadcrumb\":{\"@id\":\"https:\/\/mediatopnews.tg\/?p=15296#breadcrumb\"},\"inLanguage\":\"fr-FR\",\"potentialAction\":[{\"@type\":\"ReadAction\",\"target\":[\"https:\/\/mediatopnews.tg\/?p=15296\"]}]},{\"@type\":\"ImageObject\",\"inLanguage\":\"fr-FR\",\"@id\":\"https:\/\/mediatopnews.tg\/?p=15296#primaryimage\",\"url\":\"https:\/\/mediatopnews.tg\/wp-content\/uploads\/2026\/09\/file_00000000077c81f4b3c24c70dde889b2.png\",\"contentUrl\":\"https:\/\/mediatopnews.tg\/wp-content\/uploads\/2026\/09\/file_00000000077c81f4b3c24c70dde889b2.png\",\"width\":1871,\"height\":841},{\"@type\":\"BreadcrumbList\",\"@id\":\"https:\/\/mediatopnews.tg\/?p=15296#breadcrumb\",\"itemListElement\":[{\"@type\":\"ListItem\",\"position\":1,\"name\":\"Accueil\",\"item\":\"https:\/\/mediatopnews.tg\/\"},{\"@type\":\"ListItem\",\"position\":2,\"name\":\"Caf\u00e9-cacao : la production togolaise en hausse \u00e0 l\u2019ouverture de la campagne 2026-2027\"}]},{\"@type\":\"WebSite\",\"@id\":\"https:\/\/mediatopnews.tg\/#website\",\"url\":\"https:\/\/mediatopnews.tg\/\",\"name\":\"R\u00e9c\u00e9piss\u00e9 N\u00b00026\/12-2020\/pl\/P\",\"description\":\"La toile de l&#039;information\",\"publisher\":{\"@id\":\"https:\/\/mediatopnews.tg\/#organization\"},\"potentialAction\":[{\"@type\":\"SearchAction\",\"target\":{\"@type\":\"EntryPoint\",\"urlTemplate\":\"https:\/\/mediatopnews.tg\/?s={search_term_string}\"},\"query-input\":{\"@type\":\"PropertyValueSpecification\",\"valueRequired\":true,\"valueName\":\"search_term_string\"}}],\"inLanguage\":\"fr-FR\"},{\"@type\":\"Organization\",\"@id\":\"https:\/\/mediatopnews.tg\/#organization\",\"name\":\"R\u00e9c\u00e9piss\u00e9 N\u00b00026\/12-2020\/pl\/P\",\"url\":\"https:\/\/mediatopnews.tg\/\",\"logo\":{\"@type\":\"ImageObject\",\"inLanguage\":\"fr-FR\",\"@id\":\"https:\/\/mediatopnews.tg\/#\/schema\/logo\/image\/\",\"url\":\"https:\/\/mediatopnews.tg\/wp-content\/uploads\/2023\/09\/cropped-cropped-WhatsApp-Image-2023-09-04-at-13.18.30-1-1.jpeg\",\"contentUrl\":\"https:\/\/mediatopnews.tg\/wp-content\/uploads\/2023\/09\/cropped-cropped-WhatsApp-Image-2023-09-04-at-13.18.30-1-1.jpeg\",\"width\":174,\"height\":147,\"caption\":\"R\u00e9c\u00e9piss\u00e9 N\u00b00026\/12-2020\/pl\/P\"},\"image\":{\"@id\":\"https:\/\/mediatopnews.tg\/#\/schema\/logo\/image\/\"}},{\"@type\":\"Person\",\"@id\":\"https:\/\/mediatopnews.tg\/#\/schema\/person\/5264fbaa15cdbc3bbc592caa5cb4bac6\",\"name\":\"La R\u00e9daction\",\"image\":{\"@type\":\"ImageObject\",\"inLanguage\":\"fr-FR\",\"@id\":\"https:\/\/mediatopnews.tg\/#\/schema\/person\/image\/\",\"url\":\"https:\/\/secure.gravatar.com\/avatar\/02c45ef53e124da0300332101a595f5186b781ff193f1243a768c52e15756dcc?s=96&d=mm&r=g\",\"contentUrl\":\"https:\/\/secure.gravatar.com\/avatar\/02c45ef53e124da0300332101a595f5186b781ff193f1243a768c52e15756dcc?s=96&d=mm&r=g\",\"caption\":\"La R\u00e9daction\"},\"url\":\"https:\/\/mediatopnews.tg\/?author=2\"}]}<\/script>\n<!-- \/ Yoast SEO plugin. -->","yoast_head_json":{"title":"Caf\u00e9-cacao : la production togolaise en hausse \u00e0 l\u2019ouverture de la campagne 2026-2027 - R\u00e9c\u00e9piss\u00e9 N\u00b00026\/12-2020\/pl\/P","robots":{"index":"index","follow":"follow","max-snippet":"max-snippet:-1","max-image-preview":"max-image-preview:large","max-video-preview":"max-video-preview:-1"},"canonical":"https:\/\/mediatopnews.tg\/?p=15296","og_locale":"fr_FR","og_type":"article","og_title":"Caf\u00e9-cacao : la production togolaise en hausse \u00e0 l\u2019ouverture de la campagne 2026-2027 - R\u00e9c\u00e9piss\u00e9 N\u00b00026\/12-2020\/pl\/P","og_description":"La campagne de commercialisation 2026-2027 du caf\u00e9 et du cacao a \u00e9t\u00e9 officiellement lanc\u00e9e ce vendredi 4 septembre 2026 \u00e0 Kpalim\u00e9, dans la pr\u00e9fecture de Kloto. Elle d\u00e9butera le 1er octobre prochain. La production nationale affiche une progression. En 2025, le Togo a produit 30 472 tonnes de caf\u00e9, en hausse de 2,5 %, et [&hellip;]","og_url":"https:\/\/mediatopnews.tg\/?p=15296","og_site_name":"R\u00e9c\u00e9piss\u00e9 N\u00b00026\/12-2020\/pl\/P","article_published_time":"2026-09-04T21:24:37+00:00","article_modified_time":"2026-09-04T21:24:40+00:00","og_image":[{"width":1024,"height":460,"url":"https:\/\/mediatopnews.tg\/wp-content\/uploads\/2026\/09\/file_00000000077c81f4b3c24c70dde889b2-1024x460.png","type":"image\/png"}],"author":"La R\u00e9daction","twitter_card":"summary_large_image","twitter_misc":{"\u00c9crit par":"La R\u00e9daction","Dur\u00e9e de lecture estim\u00e9e":"3 minutes"},"schema":{"@context":"https:\/\/schema.org","@graph":[{"@type":"Article","@id":"https:\/\/mediatopnews.tg\/?p=15296#article","isPartOf":{"@id":"https:\/\/mediatopnews.tg\/?p=15296"},"author":{"name":"La R\u00e9daction","@id":"https:\/\/mediatopnews.tg\/#\/schema\/person\/5264fbaa15cdbc3bbc592caa5cb4bac6"},"headline":"Caf\u00e9-cacao : la production togolaise en hausse \u00e0 l\u2019ouverture de la campagne 2026-2027","datePublished":"2026-09-04T21:24:37+00:00","dateModified":"2026-09-04T21:24:40+00:00","mainEntityOfPage":{"@id":"https:\/\/mediatopnews.tg\/?p=15296"},"wordCount":190,"commentCount":0,"publisher":{"@id":"https:\/\/mediatopnews.tg\/#organization"},"image":{"@id":"https:\/\/mediatopnews.tg\/?p=15296#primaryimage"},"thumbnailUrl":"https:\/\/mediatopnews.tg\/wp-content\/uploads\/2026\/09\/file_00000000077c81f4b3c24c70dde889b2.png","keywords":["Caf\u00e9-cacao","en hausse","la campagne 2026-2027","la production togolaise"],"articleSection":["SOCIETE"],"inLanguage":"fr-FR","potentialAction":[{"@type":"CommentAction","name":"Comment","target":["https:\/\/mediatopnews.tg\/?p=15296#respond"]}]},{"@type":"WebPage","@id":"https:\/\/mediatopnews.tg\/?p=15296","url":"https:\/\/mediatopnews.tg\/?p=15296","name":"Caf\u00e9-cacao : la production togolaise en hausse \u00e0 l\u2019ouverture de la campagne 2026-2027 - R\u00e9c\u00e9piss\u00e9 N\u00b00026\/12-2020\/pl\/P","isPartOf":{"@id":"https:\/\/mediatopnews.tg\/#website"},"primaryImageOfPage":{"@id":"https:\/\/mediatopnews.tg\/?p=15296#primaryimage"},"image":{"@id":"https:\/\/mediatopnews.tg\/?p=15296#primaryimage"},"thumbnailUrl":"https:\/\/mediatopnews.tg\/wp-content\/uploads\/2026\/09\/file_00000000077c81f4b3c24c70dde889b2.png","datePublished":"2026-09-04T21:24:37+00:00","dateModified":"2026-09-04T21:24:40+00:00","breadcrumb":{"@id":"https:\/\/mediatopnews.tg\/?p=15296#breadcrumb"},"inLanguage":"fr-FR","potentialAction":[{"@type":"ReadAction","target":["https:\/\/mediatopnews.tg\/?p=15296"]}]},{"@type":"ImageObject","inLanguage":"fr-FR","@id":"https:\/\/mediatopnews.tg\/?p=15296#primaryimage","url":"https:\/\/mediatopnews.tg\/wp-content\/uploads\/2026\/09\/file_00000000077c81f4b3c24c70dde889b2.png","contentUrl":"https:\/\/mediatopnews.tg\/wp-content\/uploads\/2026\/09\/file_00000000077c81f4b3c24c70dde889b2.png","width":1871,"height":841},{"@type":"BreadcrumbList","@id":"https:\/\/mediatopnews.tg\/?p=15296#breadcrumb","itemListElement":[{"@type":"ListItem","position":1,"name":"Accueil","item":"https:\/\/mediatopnews.tg\/"},{"@type":"ListItem","position":2,"name":"Caf\u00e9-cacao : la production togolaise en hausse \u00e0 l\u2019ouverture de la campagne 2026-2027"}]},{"@type":"WebSite","@id":"https:\/\/mediatopnews.tg\/#website","url":"https:\/\/mediatopnews.tg\/","name":"R\u00e9c\u00e9piss\u00e9 N\u00b00026\/12-2020\/pl\/P","description":"La toile de l&#039;information","publisher":{"@id":"https:\/\/mediatopnews.tg\/#organization"},"potentialAction":[{"@type":"SearchAction","target":{"@type":"EntryPoint","urlTemplate":"https:\/\/mediatopnews.tg\/?s={search_term_string}"},"query-input":{"@type":"PropertyValueSpecification","valueRequired":true,"valueName":"search_term_string"}}],"inLanguage":"fr-FR"},{"@type":"Organization","@id":"https:\/\/mediatopnews.tg\/#organization","name":"R\u00e9c\u00e9piss\u00e9 N\u00b00026\/12-2020\/pl\/P","url":"https:\/\/mediatopnews.tg\/","logo":{"@type":"ImageObject","inLanguage":"fr-FR","@id":"https:\/\/mediatopnews.tg\/#\/schema\/logo\/image\/","url":"https:\/\/mediatopnews.tg\/wp-content\/uploads\/2023\/09\/cropped-cropped-WhatsApp-Image-2023-09-04-at-13.18.30-1-1.jpeg","contentUrl":"https:\/\/mediatopnews.tg\/wp-content\/uploads\/2023\/09\/cropped-cropped-WhatsApp-Image-2023-09-04-at-13.18.30-1-1.jpeg","width":174,"height":147,"caption":"R\u00e9c\u00e9piss\u00e9 N\u00b00026\/12-2020\/pl\/P"},"image":{"@id":"https:\/\/mediatopnews.tg\/#\/schema\/logo\/image\/"}},{"@type":"Person","@id":"https:\/\/mediatopnews.tg\/#\/schema\/person\/5264fbaa15cdbc3bbc592caa5cb4bac6","name":"La R\u00e9daction","image":{"@type":"ImageObject","inLanguage":"fr-FR","@id":"https:\/\/mediatopnews.tg\/#\/schema\/person\/image\/","url":"https:\/\/secure.gravatar.com\/avatar\/02c45ef53e124da0300332101a595f5186b781ff193f1243a768c52e15756dcc?s=96&d=mm&r=g","contentUrl":"https:\/\/secure.gravatar.com\/avatar\/02c45ef53e124da0300332101a595f5186b781ff193f1243a768c52e15756dcc?s=96&d=mm&r=g","caption":"La R\u00e9daction"},"url":"https:\/\/mediatopnews.tg\/?author=2"}]}},"_links":{"self":[{"href":"https:\/\/mediatopnews.tg\/index.php?rest_route=\/wp\/v2\/posts\/15296","targetHints":{"allow":["GET"]}}],"collection":[{"href":"https:\/\/mediatopnews.tg\/index.php?rest_route=\/wp\/v2\/posts"}],"about":[{"href":"https:\/\/mediatopnews.tg\/index.php?rest_route=\/wp\/v2\/types\/post"}],"author":[{"embeddable":true,"href":"https:\/\/mediatopnews.tg\/index.php?rest_route=\/wp\/v2\/users\/2"}],"replies":[{"embeddable":true,"href":"https:\/\/mediatopnews.tg\/index.php?rest_route=%2Fwp%2Fv2%2Fcomments&post=15296"}],"version-history":[{"count":1,"href":"https:\/\/mediatopnews.tg\/index.php?rest_route=\/wp\/v2\/posts\/15296\/revisions"}],"predecessor-version":[{"id":15303,"href":"https:\/\/mediatopnews.tg\/index.php?rest_route=\/wp\/v2\/posts\/15296\/revisions\/15303"}],"wp:featuredmedia":[{"embeddable":true,"href":"https:\/\/mediatopnews.tg\/index.php?rest_route=\/wp\/v2\/media\/15297"}],"wp:attachment":[{"href":"https:\/\/mediatopnews.tg\/index.php?rest_route=%2Fwp%2Fv2%2Fmedia&parent=15296"}],"wp:term":[{"taxonomy":"category","embeddable":true,"href":"https:\/\/mediatopnews.tg\/index.php?rest_route=%2Fwp%2Fv2%2Fcategories&post=15296"},{"taxonomy":"post_tag","embeddable":true,"href":"https:\/\/mediatopnews.tg\/index.php?rest_route=%2Fwp%2Fv2%2Ftags&post=15296"}],"curies":[{"name":"wp","href":"https:\/\/api.w.org\/{rel}","templated":true}]}}