{"id":15304,"date":"2026-09-06T09:42:29","date_gmt":"2026-09-06T09:42:29","guid":{"rendered":"https:\/\/mediatopnews.tg\/?p=15304"},"modified":"2026-09-06T09:42:34","modified_gmt":"2026-09-06T09:42:34","slug":"lipdcp-intervient-comme-autorite-de-controle-elle-est-chargee-de-veiller-au-respect-de-la-reglementation-lieutenant-colonel-bediani-belei-presiden","status":"publish","type":"post","link":"https:\/\/mediatopnews.tg\/?p=15304","title":{"rendered":"\u2018\u2019L\u2019IPDCP intervient comme autorit\u00e9 de contr\u00f4le. Elle est charg\u00e9e de veiller au respect de la r\u00e9glementation \u2018\u2019\u00a0 Lieutenant-Colonel B\u00e9diani B\u00e9l\u00e9i, pr\u00e9sident de l\u2019Instance de Protection des Donn\u00e9es \u00e0 Caract\u00e8re Personnel (IPDCP), l\u2019interview"},"content":{"rendered":"\n<p>&nbsp;\u00c0 l\u2019\u00e8re du num\u00e9rique, les donn\u00e9es \u00e0 caract\u00e8re personnel constituent d\u00e9sormais une ressource strat\u00e9gique, aussi bien pour les administrations publiques que pour les entreprises et les plateformes de services en ligne. Leur collecte, leur conservation et leur exploitation ne sont toutefois pas sans risques, notamment en ce qui concerne la protection de la vie priv\u00e9e et le respect des libert\u00e9s individuelles.<\/p>\n\n\n\n<p>Dans une interview accord\u00e9e \u00e0 <em>Togo-Presse<\/em>, le Lieutenant-Colonel B\u00e9diani B\u00e9l\u00e9i, pr\u00e9sident de l\u2019Instance de Protection des Donn\u00e9es \u00e0 Caract\u00e8re Personnel (IPDCP), apporte des \u00e9clairages sur le dispositif juridique mis en place au Togo. Il revient notamment sur la notion de traitement des donn\u00e9es personnelles, les obligations qui incombent aux responsables de traitement, les droits reconnus aux citoyens, ainsi que les sanctions pr\u00e9vues en cas de non-respect de la r\u00e9glementation.<\/p>\n\n\n\n<p><strong>Qu\u2019entend-on par traitement de donn\u00e9es personnelles ?<\/strong><\/p>\n\n\n\n<p><br>Selon le Colonel B\u00e9diani B\u00e9l\u00e9i, la loi n\u00b02019-014 du 29 octobre 2019 d\u00e9finit le traitement des donn\u00e9es \u00e0 caract\u00e8re personnel comme toute op\u00e9ration r\u00e9alis\u00e9e sur des donn\u00e9es personnelles, qu\u2019elle soit automatis\u00e9e ou non.<\/p>\n\n\n\n<p>Cela englobe notamment la collecte, l\u2019enregistrement, l\u2019organisation, la conservation, la consultation, l\u2019utilisation, la modification, la transmission, la diffusion, l\u2019interconnexion, le chiffrement, l\u2019effacement ou encore la destruction des donn\u00e9es.<\/p>\n\n\n\n<p><br>Autrement dit, d\u00e8s lors qu\u2019une organisation ou une personne effectue une op\u00e9ration sur des donn\u00e9es permettant d\u2019identifier directement ou indirectement une personne physique, les r\u00e8gles relatives \u00e0 la protection des donn\u00e9es peuvent s\u2019appliquer.<\/p>\n\n\n\n<p><strong>Entreprises, administrations et particuliers concern\u00e9s<\/strong><\/p>\n\n\n\n<p><br>La r\u00e9glementation togolaise vise toute personne physique dont les donn\u00e9es sont collect\u00e9es ou utilis\u00e9es. Elle concerne \u00e9galement les diff\u00e9rents acteurs qui proc\u00e8dent \u00e0 ces traitements, notamment les entreprises, les administrations publiques et les particuliers.<\/p>\n\n\n\n<p>L\u2019objectif, explique le pr\u00e9sident de l\u2019IPDCP, est de garantir que l\u2019utilisation des donn\u00e9es ne porte pas atteinte \u00e0 la vie priv\u00e9e ni aux droits fondamentaux des personnes concern\u00e9es.<\/p>\n\n\n\n<p><strong>Quels sont les droits des citoyens ?<\/strong><\/p>\n\n\n\n<p>Les personnes dont les donn\u00e9es sont trait\u00e9es disposent de plusieurs droits reconnus par la loi n\u00b02019-014.<\/p>\n\n\n\n<p><br>Il s\u2019agit notamment du droit \u00e0 l\u2019information, du droit d\u2019acc\u00e8s aux donn\u00e9es, du droit d\u2019opposition, du droit \u00e0 la rectification et \u00e0 la suppression, ainsi que du droit \u00e0 l\u2019effacement. La l\u00e9gislation pr\u00e9voit \u00e9galement des dispositions relatives \u00e0 la mise \u00e0 jour des donn\u00e9es personnelles apr\u00e8s le d\u00e9c\u00e8s.<br>Ces diff\u00e9rents m\u00e9canismes permettent aux citoyens de mieux contr\u00f4ler l\u2019utilisation des informations qui les concernent.<\/p>\n\n\n<figure class=\"wp-block-post-featured-image\"><img loading=\"lazy\" decoding=\"async\" width=\"642\" height=\"423\" src=\"https:\/\/mediatopnews.tg\/wp-content\/uploads\/2026\/09\/IPDCP-TOF.png\" class=\"attachment-post-thumbnail size-post-thumbnail wp-post-image\" alt=\"\" style=\"object-fit:cover;\" srcset=\"https:\/\/mediatopnews.tg\/wp-content\/uploads\/2026\/09\/IPDCP-TOF.png 642w, https:\/\/mediatopnews.tg\/wp-content\/uploads\/2026\/09\/IPDCP-TOF-300x198.png 300w\" sizes=\"auto, (max-width: 642px) 100vw, 642px\" \/><\/figure>\n\n\n<p>Les principaux acteurs du traitement des donn\u00e9es<br>Plusieurs acteurs interviennent dans le processus de traitement des donn\u00e9es personnelles.<br>La personne concern\u00e9e est celle \u00e0 laquelle se rapportent les donn\u00e9es trait\u00e9es. Elle b\u00e9n\u00e9ficie des droits pr\u00e9vus par la loi.<\/p>\n\n\n\n<p><br>Le responsable du traitement est l\u2019entit\u00e9, publique ou priv\u00e9e, qui d\u00e9cide de collecter et de traiter les donn\u00e9es et d\u00e9termine les finalit\u00e9s et les moyens de ce traitement.<\/p>\n\n\n\n<p>Le sous-traitant, pour sa part, traite les donn\u00e9es pour le compte du responsable du traitement. Ses obligations, ainsi que les mesures de s\u00e9curit\u00e9 \u00e0 respecter, doivent \u00eatre d\u00e9finies dans un contrat ou un acte juridique.<\/p>\n\n\n\n<p>Enfin, l\u2019IPDCP intervient comme autorit\u00e9 de contr\u00f4le. Elle est charg\u00e9e de veiller au respect de la r\u00e9glementation par l\u2019ensemble de ces acteurs.<\/p>\n\n\n\n<p><strong>Des formalit\u00e9s obligatoires avant certains traitements<\/strong><\/p>\n\n\n\n<p><br>Le Colonel B\u00e9diani B\u00e9l\u00e9i rappelle \u00e9galement que les responsables de traitement, qu\u2019ils soient publics ou priv\u00e9s, doivent accomplir aupr\u00e8s de l\u2019IPDCP les formalit\u00e9s pr\u00e9alables pr\u00e9vues par la loi avant la mise en \u0153uvre de certains traitements.<\/p>\n\n\n\n<p>Selon la nature de l\u2019op\u00e9ration envisag\u00e9e, il peut s\u2019agir d\u2019une d\u00e9claration, d\u2019une demande d\u2019autorisation pr\u00e9alable ou d\u2019une demande d\u2019avis.<\/p>\n\n\n\n<p>Cette proc\u00e9dure permet \u00e0 l\u2019IPDCP d\u2019examiner, en amont, la conformit\u00e9 du traitement avec les exigences l\u00e9gales et de pr\u00e9venir d\u2019\u00e9ventuelles atteintes aux droits et libert\u00e9s des personnes.<\/p>\n\n\n\n<p><strong>L\u2019IPDCP dispose de trois grands pouvoirs<\/strong><\/p>\n\n\n\n<p>En vertu de l\u2019article 56 de la loi n\u00b02019-014, l\u2019IPDCP exerce plusieurs missions destin\u00e9es \u00e0 garantir la conformit\u00e9 des traitements de donn\u00e9es personnelles.<\/p>\n\n\n\n<p>Elle veille notamment au respect de la l\u00e9gislation, informe les personnes concern\u00e9es et les responsables de traitement de leurs droits et obligations, conseille les organismes concern\u00e9s et homologue les chartes d\u2019utilisation qui lui sont soumises.<\/p>\n\n\n\n<figure class=\"wp-block-image size-large\"><img loading=\"lazy\" decoding=\"async\" width=\"723\" height=\"1024\" src=\"https:\/\/mediatopnews.tg\/wp-content\/uploads\/2026\/09\/WhatsApp-Image-2026-04-08-at-13.44.57-723x1024.webp\" alt=\"\" class=\"wp-image-15306\" srcset=\"https:\/\/mediatopnews.tg\/wp-content\/uploads\/2026\/09\/WhatsApp-Image-2026-04-08-at-13.44.57-723x1024.webp 723w, https:\/\/mediatopnews.tg\/wp-content\/uploads\/2026\/09\/WhatsApp-Image-2026-04-08-at-13.44.57-212x300.webp 212w, https:\/\/mediatopnews.tg\/wp-content\/uploads\/2026\/09\/WhatsApp-Image-2026-04-08-at-13.44.57-768x1087.webp 768w, https:\/\/mediatopnews.tg\/wp-content\/uploads\/2026\/09\/WhatsApp-Image-2026-04-08-at-13.44.57.webp 904w\" sizes=\"auto, (max-width: 723px) 100vw, 723px\" \/><\/figure>\n\n\n\n<p>L\u2019Instance intervient \u00e9galement dans l\u2019autorisation des transferts transfrontaliers de donn\u00e9es, la coop\u00e9ration avec les autorit\u00e9s \u00e9trang\u00e8res et les n\u00e9gociations internationales relatives \u00e0 la protection des donn\u00e9es.<\/p>\n\n\n\n<p>Pour mener \u00e0 bien ses missions, elle dispose de trois principaux pouvoirs : le contr\u00f4le, l\u2019injonction et la sanction.<\/p>\n\n\n\n<p><br><strong>Qui peut saisir l\u2019IPDCP ?<\/strong><\/p>\n\n\n\n<p><br>La saisine de l\u2019Instance est ouverte \u00e0 toute personne, conform\u00e9ment \u00e0 l\u2019article 13 de la loi.<br>La d\u00e9marche peut \u00eatre effectu\u00e9e directement par l\u2019int\u00e9ress\u00e9, par l\u2019interm\u00e9diaire de son avocat ou par toute autre personne physique ou morale d\u00fbment mandat\u00e9e.<\/p>\n\n\n\n<p>Cette possibilit\u00e9 permet notamment aux personnes estimant que leurs droits ont \u00e9t\u00e9 m\u00e9connus dans le cadre d\u2019un traitement de donn\u00e9es de solliciter l\u2019intervention de l\u2019autorit\u00e9 de contr\u00f4le.<\/p>\n\n\n\n<p>Des sanctions administratives, p\u00e9nales et civiles<br>Le dispositif l\u00e9gal togolais pr\u00e9voit plusieurs cat\u00e9gories de sanctions en cas de manquement aux r\u00e8gles relatives \u00e0 la protection des donn\u00e9es.<\/p>\n\n\n\n<p>Sur le plan administratif, l\u2019IPDCP peut, apr\u00e8s une proc\u00e9dure contradictoire, retirer provisoirement une autorisation pour une dur\u00e9e de trois mois, avec possibilit\u00e9 de retrait d\u00e9finitif si aucune mesure corrective n\u2019est prise. Elle peut \u00e9galement infliger une amende pouvant atteindre 100 millions de francs CFA.<\/p>\n\n\n\n<p><br>En cas d\u2019urgence ou de violation des droits et libert\u00e9s, l\u2019Instance peut notamment ordonner l\u2019interruption d\u2019un traitement, le verrouillage de certaines donn\u00e9es ou la mise en conformit\u00e9. Cette derni\u00e8re mesure peut \u00eatre assortie d\u2019une astreinte pouvant aller jusqu\u2019\u00e0 5 millions de francs CFA par jour, sauf pour les traitements mis en \u0153uvre par l\u2019\u00c9tat.<\/p>\n\n\n\n<p>En cas de non-respect des formalit\u00e9s pr\u00e9alables, des mesures conservatoires, notamment l\u2019apposition de scell\u00e9s sur les \u00e9quipements ou locaux concern\u00e9s, peuvent \u00e9galement \u00eatre ordonn\u00e9es.<\/p>\n\n\n\n<p><br>Sur le plan p\u00e9nal, certaines violations sont passibles de peines d\u2019emprisonnement et d\u2019amendes. Sont notamment concern\u00e9s le traitement r\u00e9alis\u00e9 sans respecter les formalit\u00e9s requises, la collecte frauduleuse ou illicite de donn\u00e9es et le traitement non autoris\u00e9 de donn\u00e9es sensibles. Dans ces situations, les sanctions p\u00e9nales rel\u00e8vent de l\u2019autorit\u00e9 judiciaire.<\/p>\n\n\n\n<p>Enfin, sur le plan civil, les responsables de traitement ou leurs sous-traitants peuvent \u00eatre poursuivis afin d\u2019obtenir r\u00e9paration du pr\u00e9judice subi \u00e0 la suite d\u2019une violation de la r\u00e9glementation.<br>Ainsi, les diff\u00e9rents m\u00e9canismes administratif, p\u00e9nal et civil peuvent se cumuler pour un m\u00eame manquement.<\/p>\n\n\n\n<p><strong>Comment saisir ou contacter l\u2019IPDCP ?<\/strong><\/p>\n\n\n\n<p>L\u2019Instance re\u00e7oit les demandes, les formalit\u00e9s pr\u00e9alables, les r\u00e9clamations et les plaintes li\u00e9es \u00e0 la collecte et au traitement des donn\u00e9es personnelles.<br>Les d\u00e9marches peuvent \u00eatre effectu\u00e9es par courrier remis au si\u00e8ge de l\u2019IPDCP, par voie postale ou par transmission \u00e9lectronique.<\/p>\n\n\n\n<p><br>\u00c0 travers son intervention, l\u2019IPDCP entend ainsi contribuer \u00e0 faire de la protection des donn\u00e9es personnelles un v\u00e9ritable levier de garantie de la vie priv\u00e9e et des libert\u00e9s fondamentales au Togo.<\/p>\n\n\n\n<figure class=\"wp-block-image size-full\"><img loading=\"lazy\" decoding=\"async\" width=\"642\" height=\"423\" src=\"https:\/\/mediatopnews.tg\/wp-content\/uploads\/2026\/09\/IPDCP-TOF.png\" alt=\"\" class=\"wp-image-15305\" srcset=\"https:\/\/mediatopnews.tg\/wp-content\/uploads\/2026\/09\/IPDCP-TOF.png 642w, https:\/\/mediatopnews.tg\/wp-content\/uploads\/2026\/09\/IPDCP-TOF-300x198.png 300w\" sizes=\"auto, (max-width: 642px) 100vw, 642px\" \/><\/figure>\n","protected":false},"excerpt":{"rendered":"<p>&nbsp;\u00c0 l\u2019\u00e8re du num\u00e9rique, les donn\u00e9es \u00e0 caract\u00e8re personnel constituent d\u00e9sormais une ressource strat\u00e9gique, aussi bien pour les administrations publiques que pour les entreprises et les plateformes de services en ligne. Leur collecte, leur conservation et leur exploitation ne sont toutefois pas sans risques, notamment en ce qui concerne la protection de la vie priv\u00e9e [&hellip;]<\/p>\n","protected":false},"author":2,"featured_media":15305,"comment_status":"open","ping_status":"closed","sticky":false,"template":"","format":"standard","meta":{"footnotes":""},"categories":[3],"tags":[],"class_list":["post-15304","post","type-post","status-publish","format-standard","has-post-thumbnail","hentry","category-societe"],"yoast_head":"<!-- This site is optimized with the Yoast SEO plugin v26.5 - https:\/\/yoast.com\/wordpress\/plugins\/seo\/ -->\n<title>\u2018\u2019L\u2019IPDCP intervient comme autorit\u00e9 de contr\u00f4le. Elle est charg\u00e9e de veiller au respect de la r\u00e9glementation \u2018\u2019\u00a0 Lieutenant-Colonel B\u00e9diani B\u00e9l\u00e9i, pr\u00e9sident de l\u2019Instance de Protection des Donn\u00e9es \u00e0 Caract\u00e8re Personnel (IPDCP), l\u2019interview - R\u00e9c\u00e9piss\u00e9 N\u00b00026\/12-2020\/pl\/P<\/title>\n<meta name=\"robots\" content=\"index, follow, max-snippet:-1, max-image-preview:large, max-video-preview:-1\" \/>\n<link rel=\"canonical\" href=\"https:\/\/mediatopnews.tg\/?p=15304\" \/>\n<meta property=\"og:locale\" content=\"fr_FR\" \/>\n<meta property=\"og:type\" content=\"article\" \/>\n<meta property=\"og:title\" content=\"\u2018\u2019L\u2019IPDCP intervient comme autorit\u00e9 de contr\u00f4le. Elle est charg\u00e9e de veiller au respect de la r\u00e9glementation \u2018\u2019\u00a0 Lieutenant-Colonel B\u00e9diani B\u00e9l\u00e9i, pr\u00e9sident de l\u2019Instance de Protection des Donn\u00e9es \u00e0 Caract\u00e8re Personnel (IPDCP), l\u2019interview - R\u00e9c\u00e9piss\u00e9 N\u00b00026\/12-2020\/pl\/P\" \/>\n<meta property=\"og:description\" content=\"&nbsp;\u00c0 l\u2019\u00e8re du num\u00e9rique, les donn\u00e9es \u00e0 caract\u00e8re personnel constituent d\u00e9sormais une ressource strat\u00e9gique, aussi bien pour les administrations publiques que pour les entreprises et les plateformes de services en ligne. Leur collecte, leur conservation et leur exploitation ne sont toutefois pas sans risques, notamment en ce qui concerne la protection de la vie priv\u00e9e [&hellip;]\" \/>\n<meta property=\"og:url\" content=\"https:\/\/mediatopnews.tg\/?p=15304\" \/>\n<meta property=\"og:site_name\" content=\"R\u00e9c\u00e9piss\u00e9 N\u00b00026\/12-2020\/pl\/P\" \/>\n<meta property=\"article:published_time\" content=\"2026-09-06T09:42:29+00:00\" \/>\n<meta property=\"article:modified_time\" content=\"2026-09-06T09:42:34+00:00\" \/>\n<meta property=\"og:image\" content=\"https:\/\/mediatopnews.tg\/wp-content\/uploads\/2026\/09\/IPDCP-TOF.png\" \/>\n\t<meta property=\"og:image:width\" content=\"642\" \/>\n\t<meta property=\"og:image:height\" content=\"423\" \/>\n\t<meta property=\"og:image:type\" content=\"image\/png\" \/>\n<meta name=\"author\" content=\"La R\u00e9daction\" \/>\n<meta name=\"twitter:card\" content=\"summary_large_image\" \/>\n<meta name=\"twitter:label1\" content=\"\u00c9crit par\" \/>\n\t<meta name=\"twitter:data1\" content=\"La R\u00e9daction\" \/>\n\t<meta name=\"twitter:label2\" content=\"Dur\u00e9e de lecture estim\u00e9e\" \/>\n\t<meta name=\"twitter:data2\" content=\"7 minutes\" \/>\n<script type=\"application\/ld+json\" class=\"yoast-schema-graph\">{\"@context\":\"https:\/\/schema.org\",\"@graph\":[{\"@type\":\"Article\",\"@id\":\"https:\/\/mediatopnews.tg\/?p=15304#article\",\"isPartOf\":{\"@id\":\"https:\/\/mediatopnews.tg\/?p=15304\"},\"author\":{\"name\":\"La R\u00e9daction\",\"@id\":\"https:\/\/mediatopnews.tg\/#\/schema\/person\/5264fbaa15cdbc3bbc592caa5cb4bac6\"},\"headline\":\"\u2018\u2019L\u2019IPDCP intervient comme autorit\u00e9 de contr\u00f4le. Elle est charg\u00e9e de veiller au respect de la r\u00e9glementation \u2018\u2019\u00a0 Lieutenant-Colonel B\u00e9diani B\u00e9l\u00e9i, pr\u00e9sident de l\u2019Instance de Protection des Donn\u00e9es \u00e0 Caract\u00e8re Personnel (IPDCP), l\u2019interview\",\"datePublished\":\"2026-09-06T09:42:29+00:00\",\"dateModified\":\"2026-09-06T09:42:34+00:00\",\"mainEntityOfPage\":{\"@id\":\"https:\/\/mediatopnews.tg\/?p=15304\"},\"wordCount\":1333,\"commentCount\":0,\"publisher\":{\"@id\":\"https:\/\/mediatopnews.tg\/#organization\"},\"image\":{\"@id\":\"https:\/\/mediatopnews.tg\/?p=15304#primaryimage\"},\"thumbnailUrl\":\"https:\/\/mediatopnews.tg\/wp-content\/uploads\/2026\/09\/IPDCP-TOF.png\",\"articleSection\":[\"SOCIETE\"],\"inLanguage\":\"fr-FR\",\"potentialAction\":[{\"@type\":\"CommentAction\",\"name\":\"Comment\",\"target\":[\"https:\/\/mediatopnews.tg\/?p=15304#respond\"]}]},{\"@type\":\"WebPage\",\"@id\":\"https:\/\/mediatopnews.tg\/?p=15304\",\"url\":\"https:\/\/mediatopnews.tg\/?p=15304\",\"name\":\"\u2018\u2019L\u2019IPDCP intervient comme autorit\u00e9 de contr\u00f4le. Elle est charg\u00e9e de veiller au respect de la r\u00e9glementation \u2018\u2019\u00a0 Lieutenant-Colonel B\u00e9diani B\u00e9l\u00e9i, pr\u00e9sident de l\u2019Instance de Protection des Donn\u00e9es \u00e0 Caract\u00e8re Personnel (IPDCP), l\u2019interview - R\u00e9c\u00e9piss\u00e9 N\u00b00026\/12-2020\/pl\/P\",\"isPartOf\":{\"@id\":\"https:\/\/mediatopnews.tg\/#website\"},\"primaryImageOfPage\":{\"@id\":\"https:\/\/mediatopnews.tg\/?p=15304#primaryimage\"},\"image\":{\"@id\":\"https:\/\/mediatopnews.tg\/?p=15304#primaryimage\"},\"thumbnailUrl\":\"https:\/\/mediatopnews.tg\/wp-content\/uploads\/2026\/09\/IPDCP-TOF.png\",\"datePublished\":\"2026-09-06T09:42:29+00:00\",\"dateModified\":\"2026-09-06T09:42:34+00:00\",\"breadcrumb\":{\"@id\":\"https:\/\/mediatopnews.tg\/?p=15304#breadcrumb\"},\"inLanguage\":\"fr-FR\",\"potentialAction\":[{\"@type\":\"ReadAction\",\"target\":[\"https:\/\/mediatopnews.tg\/?p=15304\"]}]},{\"@type\":\"ImageObject\",\"inLanguage\":\"fr-FR\",\"@id\":\"https:\/\/mediatopnews.tg\/?p=15304#primaryimage\",\"url\":\"https:\/\/mediatopnews.tg\/wp-content\/uploads\/2026\/09\/IPDCP-TOF.png\",\"contentUrl\":\"https:\/\/mediatopnews.tg\/wp-content\/uploads\/2026\/09\/IPDCP-TOF.png\",\"width\":642,\"height\":423},{\"@type\":\"BreadcrumbList\",\"@id\":\"https:\/\/mediatopnews.tg\/?p=15304#breadcrumb\",\"itemListElement\":[{\"@type\":\"ListItem\",\"position\":1,\"name\":\"Accueil\",\"item\":\"https:\/\/mediatopnews.tg\/\"},{\"@type\":\"ListItem\",\"position\":2,\"name\":\"\u2018\u2019L\u2019IPDCP intervient comme autorit\u00e9 de contr\u00f4le. Elle est charg\u00e9e de veiller au respect de la r\u00e9glementation \u2018\u2019\u00a0 Lieutenant-Colonel B\u00e9diani B\u00e9l\u00e9i, pr\u00e9sident de l\u2019Instance de Protection des Donn\u00e9es \u00e0 Caract\u00e8re Personnel (IPDCP), l\u2019interview\"}]},{\"@type\":\"WebSite\",\"@id\":\"https:\/\/mediatopnews.tg\/#website\",\"url\":\"https:\/\/mediatopnews.tg\/\",\"name\":\"R\u00e9c\u00e9piss\u00e9 N\u00b00026\/12-2020\/pl\/P\",\"description\":\"La toile de l&#039;information\",\"publisher\":{\"@id\":\"https:\/\/mediatopnews.tg\/#organization\"},\"potentialAction\":[{\"@type\":\"SearchAction\",\"target\":{\"@type\":\"EntryPoint\",\"urlTemplate\":\"https:\/\/mediatopnews.tg\/?s={search_term_string}\"},\"query-input\":{\"@type\":\"PropertyValueSpecification\",\"valueRequired\":true,\"valueName\":\"search_term_string\"}}],\"inLanguage\":\"fr-FR\"},{\"@type\":\"Organization\",\"@id\":\"https:\/\/mediatopnews.tg\/#organization\",\"name\":\"R\u00e9c\u00e9piss\u00e9 N\u00b00026\/12-2020\/pl\/P\",\"url\":\"https:\/\/mediatopnews.tg\/\",\"logo\":{\"@type\":\"ImageObject\",\"inLanguage\":\"fr-FR\",\"@id\":\"https:\/\/mediatopnews.tg\/#\/schema\/logo\/image\/\",\"url\":\"https:\/\/mediatopnews.tg\/wp-content\/uploads\/2023\/09\/cropped-cropped-WhatsApp-Image-2023-09-04-at-13.18.30-1-1.jpeg\",\"contentUrl\":\"https:\/\/mediatopnews.tg\/wp-content\/uploads\/2023\/09\/cropped-cropped-WhatsApp-Image-2023-09-04-at-13.18.30-1-1.jpeg\",\"width\":174,\"height\":147,\"caption\":\"R\u00e9c\u00e9piss\u00e9 N\u00b00026\/12-2020\/pl\/P\"},\"image\":{\"@id\":\"https:\/\/mediatopnews.tg\/#\/schema\/logo\/image\/\"}},{\"@type\":\"Person\",\"@id\":\"https:\/\/mediatopnews.tg\/#\/schema\/person\/5264fbaa15cdbc3bbc592caa5cb4bac6\",\"name\":\"La R\u00e9daction\",\"image\":{\"@type\":\"ImageObject\",\"inLanguage\":\"fr-FR\",\"@id\":\"https:\/\/mediatopnews.tg\/#\/schema\/person\/image\/\",\"url\":\"https:\/\/secure.gravatar.com\/avatar\/02c45ef53e124da0300332101a595f5186b781ff193f1243a768c52e15756dcc?s=96&d=mm&r=g\",\"contentUrl\":\"https:\/\/secure.gravatar.com\/avatar\/02c45ef53e124da0300332101a595f5186b781ff193f1243a768c52e15756dcc?s=96&d=mm&r=g\",\"caption\":\"La R\u00e9daction\"},\"url\":\"https:\/\/mediatopnews.tg\/?author=2\"}]}<\/script>\n<!-- \/ Yoast SEO plugin. -->","yoast_head_json":{"title":"\u2018\u2019L\u2019IPDCP intervient comme autorit\u00e9 de contr\u00f4le. Elle est charg\u00e9e de veiller au respect de la r\u00e9glementation \u2018\u2019\u00a0 Lieutenant-Colonel B\u00e9diani B\u00e9l\u00e9i, pr\u00e9sident de l\u2019Instance de Protection des Donn\u00e9es \u00e0 Caract\u00e8re Personnel (IPDCP), l\u2019interview - R\u00e9c\u00e9piss\u00e9 N\u00b00026\/12-2020\/pl\/P","robots":{"index":"index","follow":"follow","max-snippet":"max-snippet:-1","max-image-preview":"max-image-preview:large","max-video-preview":"max-video-preview:-1"},"canonical":"https:\/\/mediatopnews.tg\/?p=15304","og_locale":"fr_FR","og_type":"article","og_title":"\u2018\u2019L\u2019IPDCP intervient comme autorit\u00e9 de contr\u00f4le. Elle est charg\u00e9e de veiller au respect de la r\u00e9glementation \u2018\u2019\u00a0 Lieutenant-Colonel B\u00e9diani B\u00e9l\u00e9i, pr\u00e9sident de l\u2019Instance de Protection des Donn\u00e9es \u00e0 Caract\u00e8re Personnel (IPDCP), l\u2019interview - R\u00e9c\u00e9piss\u00e9 N\u00b00026\/12-2020\/pl\/P","og_description":"&nbsp;\u00c0 l\u2019\u00e8re du num\u00e9rique, les donn\u00e9es \u00e0 caract\u00e8re personnel constituent d\u00e9sormais une ressource strat\u00e9gique, aussi bien pour les administrations publiques que pour les entreprises et les plateformes de services en ligne. Leur collecte, leur conservation et leur exploitation ne sont toutefois pas sans risques, notamment en ce qui concerne la protection de la vie priv\u00e9e [&hellip;]","og_url":"https:\/\/mediatopnews.tg\/?p=15304","og_site_name":"R\u00e9c\u00e9piss\u00e9 N\u00b00026\/12-2020\/pl\/P","article_published_time":"2026-09-06T09:42:29+00:00","article_modified_time":"2026-09-06T09:42:34+00:00","og_image":[{"width":642,"height":423,"url":"https:\/\/mediatopnews.tg\/wp-content\/uploads\/2026\/09\/IPDCP-TOF.png","type":"image\/png"}],"author":"La R\u00e9daction","twitter_card":"summary_large_image","twitter_misc":{"\u00c9crit par":"La R\u00e9daction","Dur\u00e9e de lecture estim\u00e9e":"7 minutes"},"schema":{"@context":"https:\/\/schema.org","@graph":[{"@type":"Article","@id":"https:\/\/mediatopnews.tg\/?p=15304#article","isPartOf":{"@id":"https:\/\/mediatopnews.tg\/?p=15304"},"author":{"name":"La R\u00e9daction","@id":"https:\/\/mediatopnews.tg\/#\/schema\/person\/5264fbaa15cdbc3bbc592caa5cb4bac6"},"headline":"\u2018\u2019L\u2019IPDCP intervient comme autorit\u00e9 de contr\u00f4le. Elle est charg\u00e9e de veiller au respect de la r\u00e9glementation \u2018\u2019\u00a0 Lieutenant-Colonel B\u00e9diani B\u00e9l\u00e9i, pr\u00e9sident de l\u2019Instance de Protection des Donn\u00e9es \u00e0 Caract\u00e8re Personnel (IPDCP), l\u2019interview","datePublished":"2026-09-06T09:42:29+00:00","dateModified":"2026-09-06T09:42:34+00:00","mainEntityOfPage":{"@id":"https:\/\/mediatopnews.tg\/?p=15304"},"wordCount":1333,"commentCount":0,"publisher":{"@id":"https:\/\/mediatopnews.tg\/#organization"},"image":{"@id":"https:\/\/mediatopnews.tg\/?p=15304#primaryimage"},"thumbnailUrl":"https:\/\/mediatopnews.tg\/wp-content\/uploads\/2026\/09\/IPDCP-TOF.png","articleSection":["SOCIETE"],"inLanguage":"fr-FR","potentialAction":[{"@type":"CommentAction","name":"Comment","target":["https:\/\/mediatopnews.tg\/?p=15304#respond"]}]},{"@type":"WebPage","@id":"https:\/\/mediatopnews.tg\/?p=15304","url":"https:\/\/mediatopnews.tg\/?p=15304","name":"\u2018\u2019L\u2019IPDCP intervient comme autorit\u00e9 de contr\u00f4le. Elle est charg\u00e9e de veiller au respect de la r\u00e9glementation \u2018\u2019\u00a0 Lieutenant-Colonel B\u00e9diani B\u00e9l\u00e9i, pr\u00e9sident de l\u2019Instance de Protection des Donn\u00e9es \u00e0 Caract\u00e8re Personnel (IPDCP), l\u2019interview - R\u00e9c\u00e9piss\u00e9 N\u00b00026\/12-2020\/pl\/P","isPartOf":{"@id":"https:\/\/mediatopnews.tg\/#website"},"primaryImageOfPage":{"@id":"https:\/\/mediatopnews.tg\/?p=15304#primaryimage"},"image":{"@id":"https:\/\/mediatopnews.tg\/?p=15304#primaryimage"},"thumbnailUrl":"https:\/\/mediatopnews.tg\/wp-content\/uploads\/2026\/09\/IPDCP-TOF.png","datePublished":"2026-09-06T09:42:29+00:00","dateModified":"2026-09-06T09:42:34+00:00","breadcrumb":{"@id":"https:\/\/mediatopnews.tg\/?p=15304#breadcrumb"},"inLanguage":"fr-FR","potentialAction":[{"@type":"ReadAction","target":["https:\/\/mediatopnews.tg\/?p=15304"]}]},{"@type":"ImageObject","inLanguage":"fr-FR","@id":"https:\/\/mediatopnews.tg\/?p=15304#primaryimage","url":"https:\/\/mediatopnews.tg\/wp-content\/uploads\/2026\/09\/IPDCP-TOF.png","contentUrl":"https:\/\/mediatopnews.tg\/wp-content\/uploads\/2026\/09\/IPDCP-TOF.png","width":642,"height":423},{"@type":"BreadcrumbList","@id":"https:\/\/mediatopnews.tg\/?p=15304#breadcrumb","itemListElement":[{"@type":"ListItem","position":1,"name":"Accueil","item":"https:\/\/mediatopnews.tg\/"},{"@type":"ListItem","position":2,"name":"\u2018\u2019L\u2019IPDCP intervient comme autorit\u00e9 de contr\u00f4le. Elle est charg\u00e9e de veiller au respect de la r\u00e9glementation \u2018\u2019\u00a0 Lieutenant-Colonel B\u00e9diani B\u00e9l\u00e9i, pr\u00e9sident de l\u2019Instance de Protection des Donn\u00e9es \u00e0 Caract\u00e8re Personnel (IPDCP), l\u2019interview"}]},{"@type":"WebSite","@id":"https:\/\/mediatopnews.tg\/#website","url":"https:\/\/mediatopnews.tg\/","name":"R\u00e9c\u00e9piss\u00e9 N\u00b00026\/12-2020\/pl\/P","description":"La toile de l&#039;information","publisher":{"@id":"https:\/\/mediatopnews.tg\/#organization"},"potentialAction":[{"@type":"SearchAction","target":{"@type":"EntryPoint","urlTemplate":"https:\/\/mediatopnews.tg\/?s={search_term_string}"},"query-input":{"@type":"PropertyValueSpecification","valueRequired":true,"valueName":"search_term_string"}}],"inLanguage":"fr-FR"},{"@type":"Organization","@id":"https:\/\/mediatopnews.tg\/#organization","name":"R\u00e9c\u00e9piss\u00e9 N\u00b00026\/12-2020\/pl\/P","url":"https:\/\/mediatopnews.tg\/","logo":{"@type":"ImageObject","inLanguage":"fr-FR","@id":"https:\/\/mediatopnews.tg\/#\/schema\/logo\/image\/","url":"https:\/\/mediatopnews.tg\/wp-content\/uploads\/2023\/09\/cropped-cropped-WhatsApp-Image-2023-09-04-at-13.18.30-1-1.jpeg","contentUrl":"https:\/\/mediatopnews.tg\/wp-content\/uploads\/2023\/09\/cropped-cropped-WhatsApp-Image-2023-09-04-at-13.18.30-1-1.jpeg","width":174,"height":147,"caption":"R\u00e9c\u00e9piss\u00e9 N\u00b00026\/12-2020\/pl\/P"},"image":{"@id":"https:\/\/mediatopnews.tg\/#\/schema\/logo\/image\/"}},{"@type":"Person","@id":"https:\/\/mediatopnews.tg\/#\/schema\/person\/5264fbaa15cdbc3bbc592caa5cb4bac6","name":"La R\u00e9daction","image":{"@type":"ImageObject","inLanguage":"fr-FR","@id":"https:\/\/mediatopnews.tg\/#\/schema\/person\/image\/","url":"https:\/\/secure.gravatar.com\/avatar\/02c45ef53e124da0300332101a595f5186b781ff193f1243a768c52e15756dcc?s=96&d=mm&r=g","contentUrl":"https:\/\/secure.gravatar.com\/avatar\/02c45ef53e124da0300332101a595f5186b781ff193f1243a768c52e15756dcc?s=96&d=mm&r=g","caption":"La R\u00e9daction"},"url":"https:\/\/mediatopnews.tg\/?author=2"}]}},"_links":{"self":[{"href":"https:\/\/mediatopnews.tg\/index.php?rest_route=\/wp\/v2\/posts\/15304","targetHints":{"allow":["GET"]}}],"collection":[{"href":"https:\/\/mediatopnews.tg\/index.php?rest_route=\/wp\/v2\/posts"}],"about":[{"href":"https:\/\/mediatopnews.tg\/index.php?rest_route=\/wp\/v2\/types\/post"}],"author":[{"embeddable":true,"href":"https:\/\/mediatopnews.tg\/index.php?rest_route=\/wp\/v2\/users\/2"}],"replies":[{"embeddable":true,"href":"https:\/\/mediatopnews.tg\/index.php?rest_route=%2Fwp%2Fv2%2Fcomments&post=15304"}],"version-history":[{"count":1,"href":"https:\/\/mediatopnews.tg\/index.php?rest_route=\/wp\/v2\/posts\/15304\/revisions"}],"predecessor-version":[{"id":15307,"href":"https:\/\/mediatopnews.tg\/index.php?rest_route=\/wp\/v2\/posts\/15304\/revisions\/15307"}],"wp:featuredmedia":[{"embeddable":true,"href":"https:\/\/mediatopnews.tg\/index.php?rest_route=\/wp\/v2\/media\/15305"}],"wp:attachment":[{"href":"https:\/\/mediatopnews.tg\/index.php?rest_route=%2Fwp%2Fv2%2Fmedia&parent=15304"}],"wp:term":[{"taxonomy":"category","embeddable":true,"href":"https:\/\/mediatopnews.tg\/index.php?rest_route=%2Fwp%2Fv2%2Fcategories&post=15304"},{"taxonomy":"post_tag","embeddable":true,"href":"https:\/\/mediatopnews.tg\/index.php?rest_route=%2Fwp%2Fv2%2Ftags&post=15304"}],"curies":[{"name":"wp","href":"https:\/\/api.w.org\/{rel}","templated":true}]}}