{"id":15308,"date":"2026-09-06T09:52:33","date_gmt":"2026-09-06T09:52:33","guid":{"rendered":"https:\/\/mediatopnews.tg\/?p=15308"},"modified":"2026-09-06T09:52:43","modified_gmt":"2026-09-06T09:52:43","slug":"onu-le-togo-porte-une-resolution-historique-pour-une-representation-plus-juste-de-lafrique-sur-les-cartes","status":"publish","type":"post","link":"https:\/\/mediatopnews.tg\/?p=15308","title":{"rendered":"ONU : le Togo porte une r\u00e9solution historique pour une repr\u00e9sentation plus juste de l\u2019Afrique sur les cartes"},"content":{"rendered":"\n<p>L\u2019Assembl\u00e9e g\u00e9n\u00e9rale des Nations unies a adopt\u00e9, le 4 septembre 2026 \u00e0 New York, par 164 voix pour, la r\u00e9solution historique intitul\u00e9e \u00ab Corriger la carte \u00bb, port\u00e9e par le Togo au nom de l\u2019Union africaine. Cette initiative marque une avanc\u00e9e majeure dans la promotion d\u2019une repr\u00e9sentation cartographique plus juste et plus \u00e9quitable des continents, notamment de l\u2019Afrique.<\/p>\n\n\n\n<p><strong>Pour une lecture plus fid\u00e8le du monde<\/strong><\/p>\n\n\n\n<p>Au c\u0153ur de la r\u00e9solution figure la question des distorsions induites par certaines projections cartographiques, notamment celle de Mercator. Largement utilis\u00e9e pendant des d\u00e9cennies, cette projection a contribu\u00e9 \u00e0 donner une repr\u00e9sentation visuelle disproportionn\u00e9e de certaines r\u00e9gions du monde, au d\u00e9triment notamment de l\u2019Afrique.<\/p>\n\n\n<figure class=\"wp-block-post-featured-image\"><img loading=\"lazy\" decoding=\"async\" width=\"731\" height=\"482\" src=\"https:\/\/mediatopnews.tg\/wp-content\/uploads\/2026\/09\/FEG-CM.png\" class=\"attachment-post-thumbnail size-post-thumbnail wp-post-image\" alt=\"\" style=\"object-fit:cover;\" srcset=\"https:\/\/mediatopnews.tg\/wp-content\/uploads\/2026\/09\/FEG-CM.png 731w, https:\/\/mediatopnews.tg\/wp-content\/uploads\/2026\/09\/FEG-CM-300x198.png 300w\" sizes=\"auto, (max-width: 731px) 100vw, 731px\" \/><\/figure>\n\n\n<p>En appelant \u00e0 corriger ces biais, le texte adopt\u00e9 par l\u2019Assembl\u00e9e g\u00e9n\u00e9rale des Nations unies entend favoriser une perception plus fid\u00e8le des r\u00e9alit\u00e9s g\u00e9ographiques. La d\u00e9marche est \u00e9galement pr\u00e9sent\u00e9e comme un enjeu de justice cognitive, de m\u00e9moire et de v\u00e9rit\u00e9 historique, particuli\u00e8rement dans les domaines de l\u2019\u00e9ducation, de la culture et de la compr\u00e9hension des rapports g\u00e9opolitiques.<\/p>\n\n\n\n<p><strong>Des recommandations pour une cartographie plus \u00e9quitable<\/strong><\/p>\n\n\n\n<p>La r\u00e9solution invite les \u00c9tats membres \u00e0 promouvoir l\u2019utilisation de projections cartographiques respectant davantage les superficies r\u00e9elles des continents, notamment la projection Equal Earth. Elle encourage \u00e9galement l\u2019int\u00e9gration d\u2019un enseignement critique de la cartographie dans les syst\u00e8mes \u00e9ducatifs et le renforcement des capacit\u00e9s nationales en mati\u00e8re de donn\u00e9es et de technologies g\u00e9ospatiales.<\/p>\n\n\n\n<p>Les organisations internationales sont, pour leur part, appel\u00e9es \u00e0 renforcer leur coop\u00e9ration afin de favoriser l\u2019\u00e9laboration de normes g\u00e9ospatiales plus \u00e9quitables. Le texte interpelle \u00e9galement les entreprises technologiques sur la n\u00e9cessit\u00e9 d\u2019int\u00e9grer des repr\u00e9sentations cartographiques plus fid\u00e8les dans les plateformes num\u00e9riques et les syst\u00e8mes utilis\u00e9s \u00e0 l\u2019\u00e9chelle mondiale.<\/p>\n\n\n\n<p>Les milieux \u00e9ducatifs et m\u00e9diatiques sont enfin encourag\u00e9s \u00e0 contribuer \u00e0 la sensibilisation du public, \u00e0 la diffusion de cartes scientifiquement rigoureuses et \u00e0 une meilleure compr\u00e9hension des enjeux li\u00e9s \u00e0 la repr\u00e9sentation g\u00e9ographique du monde.<\/p>\n\n\n\n<p>La projection Equal Earth, r\u00e9cemment adopt\u00e9e par l\u2019Union africaine, est ainsi appel\u00e9e \u00e0 jouer un r\u00f4le de r\u00e9f\u00e9rence dans les usages \u00e9ducatifs, institutionnels et m\u00e9diatiques.<\/p>\n\n\n\n<p><strong>Une port\u00e9e symbolique et g\u00e9opolitique<\/strong><\/p>\n\n\n\n<p>Au-del\u00e0 de sa dimension technique, la r\u00e9solution rev\u00eat une forte port\u00e9e symbolique. Son adoption intervient dans le contexte de la D\u00e9cennie internationale des personnes d\u2019ascendance africaine, couvrant la p\u00e9riode 2025-2034, ainsi que de la D\u00e9cennie africaine pour la justice et les r\u00e9parations, pr\u00e9vue de 2026 \u00e0 2035.<\/p>\n\n\n\n<p>Pour ses promoteurs, la d\u00e9marche participe \u00e0 une meilleure visibilit\u00e9 de l\u2019Afrique dans les repr\u00e9sentations mondiales et contribue \u00e0 interroger les perceptions h\u00e9rit\u00e9es de l\u2019histoire.<\/p>\n\n\n\n<p>Le ministre togolais des Affaires \u00e9trang\u00e8res, Professeur Robert Dussey, a salu\u00e9 cette adoption, la pr\u00e9sentant comme \u00ab une victoire pour l\u2019exactitude \u00bb et pour les g\u00e9n\u00e9rations futures, appel\u00e9es \u00e0 percevoir plus justement la place de l\u2019Afrique dans le monde.<\/p>\n\n\n\n<p><strong>Le Togo, porte-voix de l\u2019Union africaine<\/strong><\/p>\n\n\n\n<p>En portant cette initiative au nom de l\u2019Union africaine devant l\u2019Assembl\u00e9e g\u00e9n\u00e9rale des Nations unies, le Togo entend confirmer son engagement en faveur d\u2019un multilat\u00e9ralisme fond\u00e9 sur l\u2019\u00e9quit\u00e9 et la reconnaissance des r\u00e9alit\u00e9s africaines.<\/p>\n\n\n\n<p>L\u2019adoption de la r\u00e9solution par une tr\u00e8s large majorit\u00e9 constitue, \u00e0 cet \u00e9gard, un succ\u00e8s diplomatique pour Lom\u00e9. Elle illustre \u00e9galement la volont\u00e9 du pays de porter, dans les enceintes internationales, des initiatives touchant aux enjeux de repr\u00e9sentation, de justice et d\u2019\u00e9galit\u00e9 entre les peuples et les continents.<\/p>\n\n\n\n<p>Avec \u00ab Corriger la carte \u00bb, le d\u00e9bat d\u00e9passe donc largement le cadre de la cartographie. Il interroge la mani\u00e8re dont le monde est repr\u00e9sent\u00e9, enseign\u00e9 et per\u00e7u. En pla\u00e7ant cette question au c\u0153ur des discussions internationales, le Togo contribue \u00e0 ouvrir un nouveau chapitre dans la r\u00e9flexion sur la repr\u00e9sentation de l\u2019Afrique et sur la n\u00e9cessit\u00e9 de construire une lecture plus \u00e9quilibr\u00e9e du monde.<\/p>\n\n\n\n<p><strong>Adams ADJRONOU<\/strong><\/p>\n\n\n\n<figure class=\"wp-block-image size-full\"><img loading=\"lazy\" decoding=\"async\" width=\"731\" height=\"482\" src=\"https:\/\/mediatopnews.tg\/wp-content\/uploads\/2026\/09\/FEG-CM-1.png\" alt=\"\" class=\"wp-image-15310\" srcset=\"https:\/\/mediatopnews.tg\/wp-content\/uploads\/2026\/09\/FEG-CM-1.png 731w, https:\/\/mediatopnews.tg\/wp-content\/uploads\/2026\/09\/FEG-CM-1-300x198.png 300w\" sizes=\"auto, (max-width: 731px) 100vw, 731px\" \/><\/figure>\n","protected":false},"excerpt":{"rendered":"<p>L\u2019Assembl\u00e9e g\u00e9n\u00e9rale des Nations unies a adopt\u00e9, le 4 septembre 2026 \u00e0 New York, par 164 voix pour, la r\u00e9solution historique intitul\u00e9e \u00ab Corriger la carte \u00bb, port\u00e9e par le Togo au nom de l\u2019Union africaine. Cette initiative marque une avanc\u00e9e majeure dans la promotion d\u2019une repr\u00e9sentation cartographique plus juste et plus \u00e9quitable des continents, [&hellip;]<\/p>\n","protected":false},"author":2,"featured_media":15309,"comment_status":"open","ping_status":"closed","sticky":false,"template":"","format":"standard","meta":{"footnotes":""},"categories":[1],"tags":[],"class_list":["post-15308","post","type-post","status-publish","format-standard","has-post-thumbnail","hentry","category-politique"],"yoast_head":"<!-- This site is optimized with the Yoast SEO plugin v26.5 - https:\/\/yoast.com\/wordpress\/plugins\/seo\/ -->\n<title>ONU : le Togo porte une r\u00e9solution historique pour une repr\u00e9sentation plus juste de l\u2019Afrique sur les cartes - R\u00e9c\u00e9piss\u00e9 N\u00b00026\/12-2020\/pl\/P<\/title>\n<meta name=\"robots\" content=\"index, follow, max-snippet:-1, max-image-preview:large, max-video-preview:-1\" \/>\n<link rel=\"canonical\" href=\"https:\/\/mediatopnews.tg\/?p=15308\" \/>\n<meta property=\"og:locale\" content=\"fr_FR\" \/>\n<meta property=\"og:type\" content=\"article\" \/>\n<meta property=\"og:title\" content=\"ONU : le Togo porte une r\u00e9solution historique pour une repr\u00e9sentation plus juste de l\u2019Afrique sur les cartes - R\u00e9c\u00e9piss\u00e9 N\u00b00026\/12-2020\/pl\/P\" \/>\n<meta property=\"og:description\" content=\"L\u2019Assembl\u00e9e g\u00e9n\u00e9rale des Nations unies a adopt\u00e9, le 4 septembre 2026 \u00e0 New York, par 164 voix pour, la r\u00e9solution historique intitul\u00e9e \u00ab Corriger la carte \u00bb, port\u00e9e par le Togo au nom de l\u2019Union africaine. Cette initiative marque une avanc\u00e9e majeure dans la promotion d\u2019une repr\u00e9sentation cartographique plus juste et plus \u00e9quitable des continents, [&hellip;]\" \/>\n<meta property=\"og:url\" content=\"https:\/\/mediatopnews.tg\/?p=15308\" \/>\n<meta property=\"og:site_name\" content=\"R\u00e9c\u00e9piss\u00e9 N\u00b00026\/12-2020\/pl\/P\" \/>\n<meta property=\"article:published_time\" content=\"2026-09-06T09:52:33+00:00\" \/>\n<meta property=\"article:modified_time\" content=\"2026-09-06T09:52:43+00:00\" \/>\n<meta property=\"og:image\" content=\"https:\/\/mediatopnews.tg\/wp-content\/uploads\/2026\/09\/FEG-CM.png\" \/>\n\t<meta property=\"og:image:width\" content=\"731\" \/>\n\t<meta property=\"og:image:height\" content=\"482\" \/>\n\t<meta property=\"og:image:type\" content=\"image\/png\" \/>\n<meta name=\"author\" content=\"La R\u00e9daction\" \/>\n<meta name=\"twitter:card\" content=\"summary_large_image\" \/>\n<meta name=\"twitter:label1\" content=\"\u00c9crit par\" \/>\n\t<meta name=\"twitter:data1\" content=\"La R\u00e9daction\" \/>\n\t<meta name=\"twitter:label2\" content=\"Dur\u00e9e de lecture estim\u00e9e\" \/>\n\t<meta name=\"twitter:data2\" content=\"4 minutes\" \/>\n<script type=\"application\/ld+json\" class=\"yoast-schema-graph\">{\"@context\":\"https:\/\/schema.org\",\"@graph\":[{\"@type\":\"Article\",\"@id\":\"https:\/\/mediatopnews.tg\/?p=15308#article\",\"isPartOf\":{\"@id\":\"https:\/\/mediatopnews.tg\/?p=15308\"},\"author\":{\"name\":\"La R\u00e9daction\",\"@id\":\"https:\/\/mediatopnews.tg\/#\/schema\/person\/5264fbaa15cdbc3bbc592caa5cb4bac6\"},\"headline\":\"ONU : le Togo porte une r\u00e9solution historique pour une repr\u00e9sentation plus juste de l\u2019Afrique sur les cartes\",\"datePublished\":\"2026-09-06T09:52:33+00:00\",\"dateModified\":\"2026-09-06T09:52:43+00:00\",\"mainEntityOfPage\":{\"@id\":\"https:\/\/mediatopnews.tg\/?p=15308\"},\"wordCount\":726,\"commentCount\":0,\"publisher\":{\"@id\":\"https:\/\/mediatopnews.tg\/#organization\"},\"image\":{\"@id\":\"https:\/\/mediatopnews.tg\/?p=15308#primaryimage\"},\"thumbnailUrl\":\"https:\/\/mediatopnews.tg\/wp-content\/uploads\/2026\/09\/FEG-CM.png\",\"articleSection\":[\"POLITIQUE\"],\"inLanguage\":\"fr-FR\",\"potentialAction\":[{\"@type\":\"CommentAction\",\"name\":\"Comment\",\"target\":[\"https:\/\/mediatopnews.tg\/?p=15308#respond\"]}]},{\"@type\":\"WebPage\",\"@id\":\"https:\/\/mediatopnews.tg\/?p=15308\",\"url\":\"https:\/\/mediatopnews.tg\/?p=15308\",\"name\":\"ONU : le Togo porte une r\u00e9solution historique pour une repr\u00e9sentation plus juste de l\u2019Afrique sur les cartes - R\u00e9c\u00e9piss\u00e9 N\u00b00026\/12-2020\/pl\/P\",\"isPartOf\":{\"@id\":\"https:\/\/mediatopnews.tg\/#website\"},\"primaryImageOfPage\":{\"@id\":\"https:\/\/mediatopnews.tg\/?p=15308#primaryimage\"},\"image\":{\"@id\":\"https:\/\/mediatopnews.tg\/?p=15308#primaryimage\"},\"thumbnailUrl\":\"https:\/\/mediatopnews.tg\/wp-content\/uploads\/2026\/09\/FEG-CM.png\",\"datePublished\":\"2026-09-06T09:52:33+00:00\",\"dateModified\":\"2026-09-06T09:52:43+00:00\",\"breadcrumb\":{\"@id\":\"https:\/\/mediatopnews.tg\/?p=15308#breadcrumb\"},\"inLanguage\":\"fr-FR\",\"potentialAction\":[{\"@type\":\"ReadAction\",\"target\":[\"https:\/\/mediatopnews.tg\/?p=15308\"]}]},{\"@type\":\"ImageObject\",\"inLanguage\":\"fr-FR\",\"@id\":\"https:\/\/mediatopnews.tg\/?p=15308#primaryimage\",\"url\":\"https:\/\/mediatopnews.tg\/wp-content\/uploads\/2026\/09\/FEG-CM.png\",\"contentUrl\":\"https:\/\/mediatopnews.tg\/wp-content\/uploads\/2026\/09\/FEG-CM.png\",\"width\":731,\"height\":482},{\"@type\":\"BreadcrumbList\",\"@id\":\"https:\/\/mediatopnews.tg\/?p=15308#breadcrumb\",\"itemListElement\":[{\"@type\":\"ListItem\",\"position\":1,\"name\":\"Accueil\",\"item\":\"https:\/\/mediatopnews.tg\/\"},{\"@type\":\"ListItem\",\"position\":2,\"name\":\"ONU : le Togo porte une r\u00e9solution historique pour une repr\u00e9sentation plus juste de l\u2019Afrique sur les cartes\"}]},{\"@type\":\"WebSite\",\"@id\":\"https:\/\/mediatopnews.tg\/#website\",\"url\":\"https:\/\/mediatopnews.tg\/\",\"name\":\"R\u00e9c\u00e9piss\u00e9 N\u00b00026\/12-2020\/pl\/P\",\"description\":\"La toile de l&#039;information\",\"publisher\":{\"@id\":\"https:\/\/mediatopnews.tg\/#organization\"},\"potentialAction\":[{\"@type\":\"SearchAction\",\"target\":{\"@type\":\"EntryPoint\",\"urlTemplate\":\"https:\/\/mediatopnews.tg\/?s={search_term_string}\"},\"query-input\":{\"@type\":\"PropertyValueSpecification\",\"valueRequired\":true,\"valueName\":\"search_term_string\"}}],\"inLanguage\":\"fr-FR\"},{\"@type\":\"Organization\",\"@id\":\"https:\/\/mediatopnews.tg\/#organization\",\"name\":\"R\u00e9c\u00e9piss\u00e9 N\u00b00026\/12-2020\/pl\/P\",\"url\":\"https:\/\/mediatopnews.tg\/\",\"logo\":{\"@type\":\"ImageObject\",\"inLanguage\":\"fr-FR\",\"@id\":\"https:\/\/mediatopnews.tg\/#\/schema\/logo\/image\/\",\"url\":\"https:\/\/mediatopnews.tg\/wp-content\/uploads\/2023\/09\/cropped-cropped-WhatsApp-Image-2023-09-04-at-13.18.30-1-1.jpeg\",\"contentUrl\":\"https:\/\/mediatopnews.tg\/wp-content\/uploads\/2023\/09\/cropped-cropped-WhatsApp-Image-2023-09-04-at-13.18.30-1-1.jpeg\",\"width\":174,\"height\":147,\"caption\":\"R\u00e9c\u00e9piss\u00e9 N\u00b00026\/12-2020\/pl\/P\"},\"image\":{\"@id\":\"https:\/\/mediatopnews.tg\/#\/schema\/logo\/image\/\"}},{\"@type\":\"Person\",\"@id\":\"https:\/\/mediatopnews.tg\/#\/schema\/person\/5264fbaa15cdbc3bbc592caa5cb4bac6\",\"name\":\"La R\u00e9daction\",\"image\":{\"@type\":\"ImageObject\",\"inLanguage\":\"fr-FR\",\"@id\":\"https:\/\/mediatopnews.tg\/#\/schema\/person\/image\/\",\"url\":\"https:\/\/secure.gravatar.com\/avatar\/02c45ef53e124da0300332101a595f5186b781ff193f1243a768c52e15756dcc?s=96&d=mm&r=g\",\"contentUrl\":\"https:\/\/secure.gravatar.com\/avatar\/02c45ef53e124da0300332101a595f5186b781ff193f1243a768c52e15756dcc?s=96&d=mm&r=g\",\"caption\":\"La R\u00e9daction\"},\"url\":\"https:\/\/mediatopnews.tg\/?author=2\"}]}<\/script>\n<!-- \/ Yoast SEO plugin. -->","yoast_head_json":{"title":"ONU : le Togo porte une r\u00e9solution historique pour une repr\u00e9sentation plus juste de l\u2019Afrique sur les cartes - R\u00e9c\u00e9piss\u00e9 N\u00b00026\/12-2020\/pl\/P","robots":{"index":"index","follow":"follow","max-snippet":"max-snippet:-1","max-image-preview":"max-image-preview:large","max-video-preview":"max-video-preview:-1"},"canonical":"https:\/\/mediatopnews.tg\/?p=15308","og_locale":"fr_FR","og_type":"article","og_title":"ONU : le Togo porte une r\u00e9solution historique pour une repr\u00e9sentation plus juste de l\u2019Afrique sur les cartes - R\u00e9c\u00e9piss\u00e9 N\u00b00026\/12-2020\/pl\/P","og_description":"L\u2019Assembl\u00e9e g\u00e9n\u00e9rale des Nations unies a adopt\u00e9, le 4 septembre 2026 \u00e0 New York, par 164 voix pour, la r\u00e9solution historique intitul\u00e9e \u00ab Corriger la carte \u00bb, port\u00e9e par le Togo au nom de l\u2019Union africaine. Cette initiative marque une avanc\u00e9e majeure dans la promotion d\u2019une repr\u00e9sentation cartographique plus juste et plus \u00e9quitable des continents, [&hellip;]","og_url":"https:\/\/mediatopnews.tg\/?p=15308","og_site_name":"R\u00e9c\u00e9piss\u00e9 N\u00b00026\/12-2020\/pl\/P","article_published_time":"2026-09-06T09:52:33+00:00","article_modified_time":"2026-09-06T09:52:43+00:00","og_image":[{"width":731,"height":482,"url":"https:\/\/mediatopnews.tg\/wp-content\/uploads\/2026\/09\/FEG-CM.png","type":"image\/png"}],"author":"La R\u00e9daction","twitter_card":"summary_large_image","twitter_misc":{"\u00c9crit par":"La R\u00e9daction","Dur\u00e9e de lecture estim\u00e9e":"4 minutes"},"schema":{"@context":"https:\/\/schema.org","@graph":[{"@type":"Article","@id":"https:\/\/mediatopnews.tg\/?p=15308#article","isPartOf":{"@id":"https:\/\/mediatopnews.tg\/?p=15308"},"author":{"name":"La R\u00e9daction","@id":"https:\/\/mediatopnews.tg\/#\/schema\/person\/5264fbaa15cdbc3bbc592caa5cb4bac6"},"headline":"ONU : le Togo porte une r\u00e9solution historique pour une repr\u00e9sentation plus juste de l\u2019Afrique sur les cartes","datePublished":"2026-09-06T09:52:33+00:00","dateModified":"2026-09-06T09:52:43+00:00","mainEntityOfPage":{"@id":"https:\/\/mediatopnews.tg\/?p=15308"},"wordCount":726,"commentCount":0,"publisher":{"@id":"https:\/\/mediatopnews.tg\/#organization"},"image":{"@id":"https:\/\/mediatopnews.tg\/?p=15308#primaryimage"},"thumbnailUrl":"https:\/\/mediatopnews.tg\/wp-content\/uploads\/2026\/09\/FEG-CM.png","articleSection":["POLITIQUE"],"inLanguage":"fr-FR","potentialAction":[{"@type":"CommentAction","name":"Comment","target":["https:\/\/mediatopnews.tg\/?p=15308#respond"]}]},{"@type":"WebPage","@id":"https:\/\/mediatopnews.tg\/?p=15308","url":"https:\/\/mediatopnews.tg\/?p=15308","name":"ONU : le Togo porte une r\u00e9solution historique pour une repr\u00e9sentation plus juste de l\u2019Afrique sur les cartes - R\u00e9c\u00e9piss\u00e9 N\u00b00026\/12-2020\/pl\/P","isPartOf":{"@id":"https:\/\/mediatopnews.tg\/#website"},"primaryImageOfPage":{"@id":"https:\/\/mediatopnews.tg\/?p=15308#primaryimage"},"image":{"@id":"https:\/\/mediatopnews.tg\/?p=15308#primaryimage"},"thumbnailUrl":"https:\/\/mediatopnews.tg\/wp-content\/uploads\/2026\/09\/FEG-CM.png","datePublished":"2026-09-06T09:52:33+00:00","dateModified":"2026-09-06T09:52:43+00:00","breadcrumb":{"@id":"https:\/\/mediatopnews.tg\/?p=15308#breadcrumb"},"inLanguage":"fr-FR","potentialAction":[{"@type":"ReadAction","target":["https:\/\/mediatopnews.tg\/?p=15308"]}]},{"@type":"ImageObject","inLanguage":"fr-FR","@id":"https:\/\/mediatopnews.tg\/?p=15308#primaryimage","url":"https:\/\/mediatopnews.tg\/wp-content\/uploads\/2026\/09\/FEG-CM.png","contentUrl":"https:\/\/mediatopnews.tg\/wp-content\/uploads\/2026\/09\/FEG-CM.png","width":731,"height":482},{"@type":"BreadcrumbList","@id":"https:\/\/mediatopnews.tg\/?p=15308#breadcrumb","itemListElement":[{"@type":"ListItem","position":1,"name":"Accueil","item":"https:\/\/mediatopnews.tg\/"},{"@type":"ListItem","position":2,"name":"ONU : le Togo porte une r\u00e9solution historique pour une repr\u00e9sentation plus juste de l\u2019Afrique sur les cartes"}]},{"@type":"WebSite","@id":"https:\/\/mediatopnews.tg\/#website","url":"https:\/\/mediatopnews.tg\/","name":"R\u00e9c\u00e9piss\u00e9 N\u00b00026\/12-2020\/pl\/P","description":"La toile de l&#039;information","publisher":{"@id":"https:\/\/mediatopnews.tg\/#organization"},"potentialAction":[{"@type":"SearchAction","target":{"@type":"EntryPoint","urlTemplate":"https:\/\/mediatopnews.tg\/?s={search_term_string}"},"query-input":{"@type":"PropertyValueSpecification","valueRequired":true,"valueName":"search_term_string"}}],"inLanguage":"fr-FR"},{"@type":"Organization","@id":"https:\/\/mediatopnews.tg\/#organization","name":"R\u00e9c\u00e9piss\u00e9 N\u00b00026\/12-2020\/pl\/P","url":"https:\/\/mediatopnews.tg\/","logo":{"@type":"ImageObject","inLanguage":"fr-FR","@id":"https:\/\/mediatopnews.tg\/#\/schema\/logo\/image\/","url":"https:\/\/mediatopnews.tg\/wp-content\/uploads\/2023\/09\/cropped-cropped-WhatsApp-Image-2023-09-04-at-13.18.30-1-1.jpeg","contentUrl":"https:\/\/mediatopnews.tg\/wp-content\/uploads\/2023\/09\/cropped-cropped-WhatsApp-Image-2023-09-04-at-13.18.30-1-1.jpeg","width":174,"height":147,"caption":"R\u00e9c\u00e9piss\u00e9 N\u00b00026\/12-2020\/pl\/P"},"image":{"@id":"https:\/\/mediatopnews.tg\/#\/schema\/logo\/image\/"}},{"@type":"Person","@id":"https:\/\/mediatopnews.tg\/#\/schema\/person\/5264fbaa15cdbc3bbc592caa5cb4bac6","name":"La R\u00e9daction","image":{"@type":"ImageObject","inLanguage":"fr-FR","@id":"https:\/\/mediatopnews.tg\/#\/schema\/person\/image\/","url":"https:\/\/secure.gravatar.com\/avatar\/02c45ef53e124da0300332101a595f5186b781ff193f1243a768c52e15756dcc?s=96&d=mm&r=g","contentUrl":"https:\/\/secure.gravatar.com\/avatar\/02c45ef53e124da0300332101a595f5186b781ff193f1243a768c52e15756dcc?s=96&d=mm&r=g","caption":"La R\u00e9daction"},"url":"https:\/\/mediatopnews.tg\/?author=2"}]}},"_links":{"self":[{"href":"https:\/\/mediatopnews.tg\/index.php?rest_route=\/wp\/v2\/posts\/15308","targetHints":{"allow":["GET"]}}],"collection":[{"href":"https:\/\/mediatopnews.tg\/index.php?rest_route=\/wp\/v2\/posts"}],"about":[{"href":"https:\/\/mediatopnews.tg\/index.php?rest_route=\/wp\/v2\/types\/post"}],"author":[{"embeddable":true,"href":"https:\/\/mediatopnews.tg\/index.php?rest_route=\/wp\/v2\/users\/2"}],"replies":[{"embeddable":true,"href":"https:\/\/mediatopnews.tg\/index.php?rest_route=%2Fwp%2Fv2%2Fcomments&post=15308"}],"version-history":[{"count":1,"href":"https:\/\/mediatopnews.tg\/index.php?rest_route=\/wp\/v2\/posts\/15308\/revisions"}],"predecessor-version":[{"id":15311,"href":"https:\/\/mediatopnews.tg\/index.php?rest_route=\/wp\/v2\/posts\/15308\/revisions\/15311"}],"wp:featuredmedia":[{"embeddable":true,"href":"https:\/\/mediatopnews.tg\/index.php?rest_route=\/wp\/v2\/media\/15309"}],"wp:attachment":[{"href":"https:\/\/mediatopnews.tg\/index.php?rest_route=%2Fwp%2Fv2%2Fmedia&parent=15308"}],"wp:term":[{"taxonomy":"category","embeddable":true,"href":"https:\/\/mediatopnews.tg\/index.php?rest_route=%2Fwp%2Fv2%2Fcategories&post=15308"},{"taxonomy":"post_tag","embeddable":true,"href":"https:\/\/mediatopnews.tg\/index.php?rest_route=%2Fwp%2Fv2%2Ftags&post=15308"}],"curies":[{"name":"wp","href":"https:\/\/api.w.org\/{rel}","templated":true}]}}