{"id":15312,"date":"2026-09-06T10:23:33","date_gmt":"2026-09-06T10:23:33","guid":{"rendered":"https:\/\/mediatopnews.tg\/?p=15312"},"modified":"2026-09-06T10:23:36","modified_gmt":"2026-09-06T10:23:36","slug":"onu-corriger-la-carte-le-plaidoyer-du-togo-pour-une-representation-plus-juste-de-lafrique","status":"publish","type":"post","link":"https:\/\/mediatopnews.tg\/?p=15312","title":{"rendered":"ONU : \u00ab Corriger la carte \u00bb, le plaidoyer du Togo pour une repr\u00e9sentation plus juste de l\u2019Afrique"},"content":{"rendered":"\n<p>L\u2019Assembl\u00e9e g\u00e9n\u00e9rale des Nations unies a adopt\u00e9, vendredi 4 septembre 2026, une r\u00e9solution encourageant une repr\u00e9sentation cartographique plus fid\u00e8le de la taille r\u00e9elle des continents. Port\u00e9 par le Togo au nom du Groupe africain et soutenu par l\u2019Union africaine, le texte a recueilli 164 voix pour, une voix contre, celle des \u00c9tats-Unis, et six abstentions.<\/p>\n\n\n\n<figure class=\"wp-block-image size-full\"><img loading=\"lazy\" decoding=\"async\" width=\"940\" height=\"530\" src=\"https:\/\/mediatopnews.tg\/wp-content\/uploads\/2026\/09\/TOF-ONU-2.webp\" alt=\"\" class=\"wp-image-15314\" srcset=\"https:\/\/mediatopnews.tg\/wp-content\/uploads\/2026\/09\/TOF-ONU-2.webp 940w, https:\/\/mediatopnews.tg\/wp-content\/uploads\/2026\/09\/TOF-ONU-2-300x169.webp 300w, https:\/\/mediatopnews.tg\/wp-content\/uploads\/2026\/09\/TOF-ONU-2-768x433.webp 768w\" sizes=\"auto, (max-width: 940px) 100vw, 940px\" \/><\/figure>\n\n\n\n<p>Intitul\u00e9e \u00ab Correct the Map \u00bb, la r\u00e9solution invite les \u00c9tats, les organisations internationales, les syst\u00e8mes \u00e9ducatifs et les entreprises technologiques \u00e0 privil\u00e9gier, lorsque la repr\u00e9sentation des superficies est importante, des projections cartographiques dites \u00ab \u00e0 surfaces \u00e9quivalentes \u00bb, \u00e0 l\u2019instar de la projection Equal Earth.<\/p>\n\n\n\n<p><strong>Pourquoi faut-il corriger les cartes ?<\/strong><\/p>\n\n\n\n<p>\u00c0 premi\u00e8re vue, la question peut sembler purement technique. Pourtant, derri\u00e8re une carte du monde se joue bien davantage qu\u2019une simple repr\u00e9sentation g\u00e9ographique. Une carte est un outil de connaissance, d\u2019\u00e9ducation et de perception du monde. Elle influence la mani\u00e8re dont les populations, notamment les enfants, apprennent \u00e0 situer les continents et \u00e0 appr\u00e9cier leur importance relative.<\/p>\n\n\n\n<p>Le probl\u00e8me vient notamment de la projection de Mercator, con\u00e7ue en 1569 pour r\u00e9pondre aux besoins de la navigation maritime. Son principal avantage est de pr\u00e9server les directions et les angles, ce qui la rend particuli\u00e8rement utile aux navigateurs. En revanche, elle pr\u00e9sente un d\u00e9faut majeur : plus un territoire s\u2019\u00e9loigne de l\u2019\u00e9quateur, plus sa superficie est visuellement amplifi\u00e9e.<\/p>\n\n\n\n<p>Ainsi, le Groenland peut appara\u00eetre sur certaines cartes presque aussi grand que l\u2019Afrique. Dans la r\u00e9alit\u00e9, l\u2019Afrique couvre environ 30,3 millions de kilom\u00e8tres carr\u00e9s, soit pr\u00e8s de quatorze fois la superficie du Groenland.<\/p>\n\n\n\n<p>Cette diff\u00e9rence entre la r\u00e9alit\u00e9 et sa repr\u00e9sentation n\u2019est donc pas anodine. \u00c0 force d\u2019\u00eatre reproduite dans les salles de classe, les manuels scolaires, les m\u00e9dias et d\u00e9sormais les outils num\u00e9riques, une repr\u00e9sentation d\u00e9form\u00e9e peut finir par influencer durablement la perception que les individus ont de la taille, du poids et de la place des diff\u00e9rentes r\u00e9gions du monde.<\/p>\n\n\n\n<p><strong>De la d\u00e9formation g\u00e9ographique \u00e0 la perception collective<\/strong><\/p>\n\n\n\n<p>C\u2019est pr\u00e9cis\u00e9ment sur ce terrain que se situe l\u2019argument d\u00e9fendu par le Togo. La question n\u2019est pas de condamner la projection de Mercator ni d\u2019effacer son utilit\u00e9. Elle demeure pertinente pour certaines applications, notamment la navigation.<\/p>\n\n\n\n<figure class=\"wp-block-image size-full\"><img loading=\"lazy\" decoding=\"async\" width=\"940\" height=\"427\" src=\"https:\/\/mediatopnews.tg\/wp-content\/uploads\/2026\/09\/TOF-ONU-1.webp\" alt=\"\" class=\"wp-image-15315\" srcset=\"https:\/\/mediatopnews.tg\/wp-content\/uploads\/2026\/09\/TOF-ONU-1.webp 940w, https:\/\/mediatopnews.tg\/wp-content\/uploads\/2026\/09\/TOF-ONU-1-300x136.webp 300w, https:\/\/mediatopnews.tg\/wp-content\/uploads\/2026\/09\/TOF-ONU-1-768x349.webp 768w\" sizes=\"auto, (max-width: 940px) 100vw, 940px\" \/><\/figure>\n\n\n\n<p>L\u2019enjeu est plut\u00f4t de choisir la repr\u00e9sentation appropri\u00e9e en fonction de l\u2019objectif recherch\u00e9. Lorsqu\u2019il s\u2019agit de comparer les superficies des continents, une projection qui respecte davantage les proportions r\u00e9elles appara\u00eet plus adapt\u00e9e.<\/p>\n\n\n\n<p>\u00c0 l\u2019\u00e8re du num\u00e9rique, cette probl\u00e9matique prend une dimension encore plus importante. Les cartes sont omnipr\u00e9sentes : moteurs de recherche, applications de navigation, plateformes \u00e9ducatives, m\u00e9dias, syst\u00e8mes d\u2019information g\u00e9ographique et r\u00e9seaux sociaux. Les repr\u00e9sentations cartographiques ne sont donc plus limit\u00e9es aux atlas scolaires.<\/p>\n\n\n\n<p>La r\u00e9solution adopt\u00e9e par l\u2019ONU invite ainsi \u00e0 une r\u00e9flexion sur la responsabilit\u00e9 des institutions et des acteurs technologiques dans la mani\u00e8re dont le monde est repr\u00e9sent\u00e9 et transmis aux g\u00e9n\u00e9rations futures.<\/p>\n\n\n\n<p><strong>Une d\u00e9marche \u00e9galement li\u00e9e \u00e0 l\u2019\u00e9ducation<\/strong><\/p>\n\n\n\n<p>La correction propos\u00e9e comporte une importante dimension p\u00e9dagogique. Pour les promoteurs de l\u2019initiative, enseigner la g\u00e9ographie ne consiste pas seulement \u00e0 apprendre le nom des pays ou \u00e0 localiser les continents. Il s\u2019agit \u00e9galement de comprendre que toute carte est une repr\u00e9sentation construite de la r\u00e9alit\u00e9 et qu\u2019aucune projection ne peut restituer parfaitement, sur une surface plane, les dimensions d\u2019une plan\u00e8te sph\u00e9rique.<\/p>\n\n\n\n<p>L\u2019introduction de projections \u00e0 surfaces \u00e9quivalentes, comme Equal Earth, permettrait notamment de mieux restituer les rapports de superficie entre les continents.<\/p>\n\n\n\n<p>Cette approche pourrait \u00e9galement contribuer \u00e0 d\u00e9velopper chez les \u00e9l\u00e8ves un regard plus critique sur les outils cartographiques qu\u2019ils utilisent quotidiennement.<\/p>\n\n\n\n<p><strong>Un enjeu particulier pour l\u2019Afrique<\/strong><\/p>\n\n\n\n<p>Pour l\u2019Afrique, l\u2019enjeu rev\u00eat une dimension suppl\u00e9mentaire. Le continent est souvent pr\u00e9sent\u00e9 sur les cartes conventionnelles avec une superficie visuellement sous-estim\u00e9e par rapport aux territoires situ\u00e9s aux hautes latitudes.<\/p>\n\n\n\n<p>Or, la taille r\u00e9elle du continent africain est consid\u00e9rable. Il est plus vaste que les \u00c9tats-Unis, la Chine, l\u2019Inde et plusieurs autres grandes puissances r\u00e9unis. Une repr\u00e9sentation plus fid\u00e8le permet donc de mieux appr\u00e9hender sa r\u00e9alit\u00e9 g\u00e9ographique et son poids territorial.<\/p>\n\n\n\n<p>\u00c0 la tribune des Nations unies, le ministre togolais des Affaires \u00e9trang\u00e8res, Robert Dussey, a r\u00e9sum\u00e9 cette pr\u00e9occupation en affirmant que \u00ab les cartes fa\u00e7onnent notre compr\u00e9hension du monde \u00bb. Selon lui, elles orientent l\u2019\u00e9ducation, nourrissent l\u2019imaginaire et influencent les perceptions collectives.<\/p>\n\n\n\n<p>Pour le chef de la diplomatie togolaise, l\u2019enjeu d\u00e9passe ainsi largement la technique cartographique. Il concerne \u00e9galement \u00ab la justice cognitive, l&rsquo;acc\u00e8s \u00e0 une connaissance g\u00e9ographique exacte, la dignit\u00e9 des peuples, la m\u00e9moire historique et la lutte contre les repr\u00e9sentations h\u00e9rit\u00e9es \u00bb.<\/p>\n\n\n\n<p><strong>Une r\u00e9solution qui ne bannit pas Mercator<\/strong><\/p>\n\n\n\n<p>Il convient toutefois de souligner que le texte adopt\u00e9 ne demande pas l\u2019abandon de la projection de Mercator. Il ne s\u2019agit pas non plus d\u2019imposer une carte unique au monde.<\/p>\n\n\n\n<p>La r\u00e9solution encourage plut\u00f4t le recours \u00e0 des projections adapt\u00e9es aux usages, notamment celles qui pr\u00e9servent les superficies lorsqu\u2019il s\u2019agit de comparer les dimensions des territoires. La distinction est importante : une projection peut \u00eatre parfaitement pertinente pour la navigation et beaucoup moins appropri\u00e9e pour repr\u00e9senter fid\u00e8lement la superficie des continents.<\/p>\n\n\n<figure class=\"wp-block-post-featured-image\"><img loading=\"lazy\" decoding=\"async\" width=\"600\" height=\"272\" src=\"https:\/\/mediatopnews.tg\/wp-content\/uploads\/2026\/09\/TOF-ONU-3.jpg\" class=\"attachment-post-thumbnail size-post-thumbnail wp-post-image\" alt=\"\" style=\"object-fit:cover;\" srcset=\"https:\/\/mediatopnews.tg\/wp-content\/uploads\/2026\/09\/TOF-ONU-3.jpg 600w, https:\/\/mediatopnews.tg\/wp-content\/uploads\/2026\/09\/TOF-ONU-3-300x136.jpg 300w\" sizes=\"auto, (max-width: 600px) 100vw, 600px\" \/><\/figure>\n\n\n<p>Le texte adopt\u00e9 par l\u2019Assembl\u00e9e g\u00e9n\u00e9rale n\u2019est par ailleurs pas juridiquement contraignant. Sa port\u00e9e d\u00e9pendra donc de la volont\u00e9 des \u00c9tats, des institutions \u00e9ducatives, des organisations internationales et des entreprises technologiques d\u2019en traduire les recommandations dans leurs pratiques.<\/p>\n\n\n\n<p><strong>Une victoire diplomatique pour le Togo et l\u2019Afrique<\/strong><\/p>\n\n\n\n<p>Au-del\u00e0 du d\u00e9bat cartographique, l\u2019adoption de cette r\u00e9solution constitue une s\u00e9quence diplomatique importante pour le Togo. En conduisant les n\u00e9gociations au nom du Groupe africain et avec le soutien de l\u2019Union africaine, Lom\u00e9 a r\u00e9ussi \u00e0 inscrire une probl\u00e9matique largement port\u00e9e par le continent dans l\u2019agenda des Nations unies.<\/p>\n\n\n\n<p>Le pr\u00e9sident de la Commission de l\u2019Union africaine, Mahmoud Ali Youssouf, a d\u2019ailleurs salu\u00e9 le r\u00f4le jou\u00e9 par le Togo dans la mobilisation internationale autour de cette initiative.<\/p>\n\n\n\n<p>Le vote massif de l\u2019Assembl\u00e9e g\u00e9n\u00e9rale donne ainsi une dimension internationale au plaidoyer africain pour une repr\u00e9sentation plus fid\u00e8le des r\u00e9alit\u00e9s g\u00e9ographiques.<\/p>\n\n\n\n<p><strong>Corriger une carte, mais surtout corriger une perception<\/strong><\/p>\n\n\n\n<p>Au fond, \u00ab Corriger la carte \u00bb ne signifie pas simplement changer les couleurs, les contours ou les projections d\u2019un planisph\u00e8re. La d\u00e9marche pose une question plus profonde : <strong>comment les repr\u00e9sentations que nous utilisons pour d\u00e9crire le monde influencent-elles notre mani\u00e8re de le comprendre ?<\/strong><\/p>\n\n\n\n<p>La carte de Mercator n\u2019a pas \u00e9t\u00e9 con\u00e7ue pour diminuer l\u2019Afrique ; elle r\u00e9pondait \u00e0 une fonction pr\u00e9cise, celle de la navigation. Mais son utilisation g\u00e9n\u00e9ralis\u00e9e pour des usages \u00e9ducatifs et comparatifs a produit des effets de perception que la nouvelle r\u00e9solution entend d\u00e9sormais interroger.<\/p>\n\n\n\n<p>La d\u00e9marche port\u00e9e par le Togo invite donc \u00e0 distinguer l\u2019utilit\u00e9 technique d\u2019une projection de ses effets sur l\u2019imaginaire collectif. En encourageant des repr\u00e9sentations plus fid\u00e8les des superficies, l\u2019ONU ouvre un d\u00e9bat sur la mani\u00e8re de transmettre une connaissance g\u00e9ographique plus exacte, particuli\u00e8rement aux jeunes g\u00e9n\u00e9rations.<\/p>\n\n\n\n<p>Pour Lom\u00e9, la port\u00e9e de cette r\u00e9solution est ainsi autant <strong>\u00e9ducative, scientifique et num\u00e9rique que symbolique et diplomatique<\/strong>. Corriger la carte, c\u2019est finalement contribuer \u00e0 offrir une lecture plus fid\u00e8le, plus \u00e9quilibr\u00e9e et plus consciente du monde.<\/p>\n\n\n\n<p><strong>ADAMS<\/strong><\/p>\n\n\n\n<h3 class=\"wp-block-heading\"><strong>&nbsp;<\/strong><\/h3>\n\n\n\n<figure class=\"wp-block-image size-full\"><img loading=\"lazy\" decoding=\"async\" width=\"600\" height=\"272\" src=\"https:\/\/mediatopnews.tg\/wp-content\/uploads\/2026\/09\/TOF-ONU-3.jpg\" alt=\"\" class=\"wp-image-15313\" srcset=\"https:\/\/mediatopnews.tg\/wp-content\/uploads\/2026\/09\/TOF-ONU-3.jpg 600w, https:\/\/mediatopnews.tg\/wp-content\/uploads\/2026\/09\/TOF-ONU-3-300x136.jpg 300w\" sizes=\"auto, (max-width: 600px) 100vw, 600px\" \/><\/figure>\n","protected":false},"excerpt":{"rendered":"<p>L\u2019Assembl\u00e9e g\u00e9n\u00e9rale des Nations unies a adopt\u00e9, vendredi 4 septembre 2026, une r\u00e9solution encourageant une repr\u00e9sentation cartographique plus fid\u00e8le de la taille r\u00e9elle des continents. Port\u00e9 par le Togo au nom du Groupe africain et soutenu par l\u2019Union africaine, le texte a recueilli 164 voix pour, une voix contre, celle des \u00c9tats-Unis, et six abstentions. [&hellip;]<\/p>\n","protected":false},"author":2,"featured_media":15313,"comment_status":"open","ping_status":"closed","sticky":false,"template":"","format":"standard","meta":{"footnotes":""},"categories":[1],"tags":[],"class_list":["post-15312","post","type-post","status-publish","format-standard","has-post-thumbnail","hentry","category-politique"],"yoast_head":"<!-- This site is optimized with the Yoast SEO plugin v26.5 - https:\/\/yoast.com\/wordpress\/plugins\/seo\/ -->\n<title>ONU : \u00ab Corriger la carte \u00bb, le plaidoyer du Togo pour une repr\u00e9sentation plus juste de l\u2019Afrique - R\u00e9c\u00e9piss\u00e9 N\u00b00026\/12-2020\/pl\/P<\/title>\n<meta name=\"robots\" content=\"index, follow, max-snippet:-1, max-image-preview:large, max-video-preview:-1\" \/>\n<link rel=\"canonical\" href=\"https:\/\/mediatopnews.tg\/?p=15312\" \/>\n<meta property=\"og:locale\" content=\"fr_FR\" \/>\n<meta property=\"og:type\" content=\"article\" \/>\n<meta property=\"og:title\" content=\"ONU : \u00ab Corriger la carte \u00bb, le plaidoyer du Togo pour une repr\u00e9sentation plus juste de l\u2019Afrique - R\u00e9c\u00e9piss\u00e9 N\u00b00026\/12-2020\/pl\/P\" \/>\n<meta property=\"og:description\" content=\"L\u2019Assembl\u00e9e g\u00e9n\u00e9rale des Nations unies a adopt\u00e9, vendredi 4 septembre 2026, une r\u00e9solution encourageant une repr\u00e9sentation cartographique plus fid\u00e8le de la taille r\u00e9elle des continents. Port\u00e9 par le Togo au nom du Groupe africain et soutenu par l\u2019Union africaine, le texte a recueilli 164 voix pour, une voix contre, celle des \u00c9tats-Unis, et six abstentions. [&hellip;]\" \/>\n<meta property=\"og:url\" content=\"https:\/\/mediatopnews.tg\/?p=15312\" \/>\n<meta property=\"og:site_name\" content=\"R\u00e9c\u00e9piss\u00e9 N\u00b00026\/12-2020\/pl\/P\" \/>\n<meta property=\"article:published_time\" content=\"2026-09-06T10:23:33+00:00\" \/>\n<meta property=\"article:modified_time\" content=\"2026-09-06T10:23:36+00:00\" \/>\n<meta property=\"og:image\" content=\"https:\/\/mediatopnews.tg\/wp-content\/uploads\/2026\/09\/TOF-ONU-3.jpg\" \/>\n\t<meta property=\"og:image:width\" content=\"600\" \/>\n\t<meta property=\"og:image:height\" content=\"272\" \/>\n\t<meta property=\"og:image:type\" content=\"image\/jpeg\" \/>\n<meta name=\"author\" content=\"La R\u00e9daction\" \/>\n<meta name=\"twitter:card\" content=\"summary_large_image\" \/>\n<meta name=\"twitter:label1\" content=\"\u00c9crit par\" \/>\n\t<meta name=\"twitter:data1\" content=\"La R\u00e9daction\" \/>\n\t<meta name=\"twitter:label2\" content=\"Dur\u00e9e de lecture estim\u00e9e\" \/>\n\t<meta name=\"twitter:data2\" content=\"7 minutes\" \/>\n<script type=\"application\/ld+json\" class=\"yoast-schema-graph\">{\"@context\":\"https:\/\/schema.org\",\"@graph\":[{\"@type\":\"Article\",\"@id\":\"https:\/\/mediatopnews.tg\/?p=15312#article\",\"isPartOf\":{\"@id\":\"https:\/\/mediatopnews.tg\/?p=15312\"},\"author\":{\"name\":\"La R\u00e9daction\",\"@id\":\"https:\/\/mediatopnews.tg\/#\/schema\/person\/5264fbaa15cdbc3bbc592caa5cb4bac6\"},\"headline\":\"ONU : \u00ab Corriger la carte \u00bb, le plaidoyer du Togo pour une repr\u00e9sentation plus juste de l\u2019Afrique\",\"datePublished\":\"2026-09-06T10:23:33+00:00\",\"dateModified\":\"2026-09-06T10:23:36+00:00\",\"mainEntityOfPage\":{\"@id\":\"https:\/\/mediatopnews.tg\/?p=15312\"},\"wordCount\":1348,\"commentCount\":0,\"publisher\":{\"@id\":\"https:\/\/mediatopnews.tg\/#organization\"},\"image\":{\"@id\":\"https:\/\/mediatopnews.tg\/?p=15312#primaryimage\"},\"thumbnailUrl\":\"https:\/\/mediatopnews.tg\/wp-content\/uploads\/2026\/09\/TOF-ONU-3.jpg\",\"articleSection\":[\"POLITIQUE\"],\"inLanguage\":\"fr-FR\",\"potentialAction\":[{\"@type\":\"CommentAction\",\"name\":\"Comment\",\"target\":[\"https:\/\/mediatopnews.tg\/?p=15312#respond\"]}]},{\"@type\":\"WebPage\",\"@id\":\"https:\/\/mediatopnews.tg\/?p=15312\",\"url\":\"https:\/\/mediatopnews.tg\/?p=15312\",\"name\":\"ONU : \u00ab Corriger la carte \u00bb, le plaidoyer du Togo pour une repr\u00e9sentation plus juste de l\u2019Afrique - R\u00e9c\u00e9piss\u00e9 N\u00b00026\/12-2020\/pl\/P\",\"isPartOf\":{\"@id\":\"https:\/\/mediatopnews.tg\/#website\"},\"primaryImageOfPage\":{\"@id\":\"https:\/\/mediatopnews.tg\/?p=15312#primaryimage\"},\"image\":{\"@id\":\"https:\/\/mediatopnews.tg\/?p=15312#primaryimage\"},\"thumbnailUrl\":\"https:\/\/mediatopnews.tg\/wp-content\/uploads\/2026\/09\/TOF-ONU-3.jpg\",\"datePublished\":\"2026-09-06T10:23:33+00:00\",\"dateModified\":\"2026-09-06T10:23:36+00:00\",\"breadcrumb\":{\"@id\":\"https:\/\/mediatopnews.tg\/?p=15312#breadcrumb\"},\"inLanguage\":\"fr-FR\",\"potentialAction\":[{\"@type\":\"ReadAction\",\"target\":[\"https:\/\/mediatopnews.tg\/?p=15312\"]}]},{\"@type\":\"ImageObject\",\"inLanguage\":\"fr-FR\",\"@id\":\"https:\/\/mediatopnews.tg\/?p=15312#primaryimage\",\"url\":\"https:\/\/mediatopnews.tg\/wp-content\/uploads\/2026\/09\/TOF-ONU-3.jpg\",\"contentUrl\":\"https:\/\/mediatopnews.tg\/wp-content\/uploads\/2026\/09\/TOF-ONU-3.jpg\",\"width\":600,\"height\":272},{\"@type\":\"BreadcrumbList\",\"@id\":\"https:\/\/mediatopnews.tg\/?p=15312#breadcrumb\",\"itemListElement\":[{\"@type\":\"ListItem\",\"position\":1,\"name\":\"Accueil\",\"item\":\"https:\/\/mediatopnews.tg\/\"},{\"@type\":\"ListItem\",\"position\":2,\"name\":\"ONU : \u00ab Corriger la carte \u00bb, le plaidoyer du Togo pour une repr\u00e9sentation plus juste de l\u2019Afrique\"}]},{\"@type\":\"WebSite\",\"@id\":\"https:\/\/mediatopnews.tg\/#website\",\"url\":\"https:\/\/mediatopnews.tg\/\",\"name\":\"R\u00e9c\u00e9piss\u00e9 N\u00b00026\/12-2020\/pl\/P\",\"description\":\"La toile de l&#039;information\",\"publisher\":{\"@id\":\"https:\/\/mediatopnews.tg\/#organization\"},\"potentialAction\":[{\"@type\":\"SearchAction\",\"target\":{\"@type\":\"EntryPoint\",\"urlTemplate\":\"https:\/\/mediatopnews.tg\/?s={search_term_string}\"},\"query-input\":{\"@type\":\"PropertyValueSpecification\",\"valueRequired\":true,\"valueName\":\"search_term_string\"}}],\"inLanguage\":\"fr-FR\"},{\"@type\":\"Organization\",\"@id\":\"https:\/\/mediatopnews.tg\/#organization\",\"name\":\"R\u00e9c\u00e9piss\u00e9 N\u00b00026\/12-2020\/pl\/P\",\"url\":\"https:\/\/mediatopnews.tg\/\",\"logo\":{\"@type\":\"ImageObject\",\"inLanguage\":\"fr-FR\",\"@id\":\"https:\/\/mediatopnews.tg\/#\/schema\/logo\/image\/\",\"url\":\"https:\/\/mediatopnews.tg\/wp-content\/uploads\/2023\/09\/cropped-cropped-WhatsApp-Image-2023-09-04-at-13.18.30-1-1.jpeg\",\"contentUrl\":\"https:\/\/mediatopnews.tg\/wp-content\/uploads\/2023\/09\/cropped-cropped-WhatsApp-Image-2023-09-04-at-13.18.30-1-1.jpeg\",\"width\":174,\"height\":147,\"caption\":\"R\u00e9c\u00e9piss\u00e9 N\u00b00026\/12-2020\/pl\/P\"},\"image\":{\"@id\":\"https:\/\/mediatopnews.tg\/#\/schema\/logo\/image\/\"}},{\"@type\":\"Person\",\"@id\":\"https:\/\/mediatopnews.tg\/#\/schema\/person\/5264fbaa15cdbc3bbc592caa5cb4bac6\",\"name\":\"La R\u00e9daction\",\"image\":{\"@type\":\"ImageObject\",\"inLanguage\":\"fr-FR\",\"@id\":\"https:\/\/mediatopnews.tg\/#\/schema\/person\/image\/\",\"url\":\"https:\/\/secure.gravatar.com\/avatar\/02c45ef53e124da0300332101a595f5186b781ff193f1243a768c52e15756dcc?s=96&d=mm&r=g\",\"contentUrl\":\"https:\/\/secure.gravatar.com\/avatar\/02c45ef53e124da0300332101a595f5186b781ff193f1243a768c52e15756dcc?s=96&d=mm&r=g\",\"caption\":\"La R\u00e9daction\"},\"url\":\"https:\/\/mediatopnews.tg\/?author=2\"}]}<\/script>\n<!-- \/ Yoast SEO plugin. -->","yoast_head_json":{"title":"ONU : \u00ab Corriger la carte \u00bb, le plaidoyer du Togo pour une repr\u00e9sentation plus juste de l\u2019Afrique - R\u00e9c\u00e9piss\u00e9 N\u00b00026\/12-2020\/pl\/P","robots":{"index":"index","follow":"follow","max-snippet":"max-snippet:-1","max-image-preview":"max-image-preview:large","max-video-preview":"max-video-preview:-1"},"canonical":"https:\/\/mediatopnews.tg\/?p=15312","og_locale":"fr_FR","og_type":"article","og_title":"ONU : \u00ab Corriger la carte \u00bb, le plaidoyer du Togo pour une repr\u00e9sentation plus juste de l\u2019Afrique - R\u00e9c\u00e9piss\u00e9 N\u00b00026\/12-2020\/pl\/P","og_description":"L\u2019Assembl\u00e9e g\u00e9n\u00e9rale des Nations unies a adopt\u00e9, vendredi 4 septembre 2026, une r\u00e9solution encourageant une repr\u00e9sentation cartographique plus fid\u00e8le de la taille r\u00e9elle des continents. Port\u00e9 par le Togo au nom du Groupe africain et soutenu par l\u2019Union africaine, le texte a recueilli 164 voix pour, une voix contre, celle des \u00c9tats-Unis, et six abstentions. [&hellip;]","og_url":"https:\/\/mediatopnews.tg\/?p=15312","og_site_name":"R\u00e9c\u00e9piss\u00e9 N\u00b00026\/12-2020\/pl\/P","article_published_time":"2026-09-06T10:23:33+00:00","article_modified_time":"2026-09-06T10:23:36+00:00","og_image":[{"width":600,"height":272,"url":"https:\/\/mediatopnews.tg\/wp-content\/uploads\/2026\/09\/TOF-ONU-3.jpg","type":"image\/jpeg"}],"author":"La R\u00e9daction","twitter_card":"summary_large_image","twitter_misc":{"\u00c9crit par":"La R\u00e9daction","Dur\u00e9e de lecture estim\u00e9e":"7 minutes"},"schema":{"@context":"https:\/\/schema.org","@graph":[{"@type":"Article","@id":"https:\/\/mediatopnews.tg\/?p=15312#article","isPartOf":{"@id":"https:\/\/mediatopnews.tg\/?p=15312"},"author":{"name":"La R\u00e9daction","@id":"https:\/\/mediatopnews.tg\/#\/schema\/person\/5264fbaa15cdbc3bbc592caa5cb4bac6"},"headline":"ONU : \u00ab Corriger la carte \u00bb, le plaidoyer du Togo pour une repr\u00e9sentation plus juste de l\u2019Afrique","datePublished":"2026-09-06T10:23:33+00:00","dateModified":"2026-09-06T10:23:36+00:00","mainEntityOfPage":{"@id":"https:\/\/mediatopnews.tg\/?p=15312"},"wordCount":1348,"commentCount":0,"publisher":{"@id":"https:\/\/mediatopnews.tg\/#organization"},"image":{"@id":"https:\/\/mediatopnews.tg\/?p=15312#primaryimage"},"thumbnailUrl":"https:\/\/mediatopnews.tg\/wp-content\/uploads\/2026\/09\/TOF-ONU-3.jpg","articleSection":["POLITIQUE"],"inLanguage":"fr-FR","potentialAction":[{"@type":"CommentAction","name":"Comment","target":["https:\/\/mediatopnews.tg\/?p=15312#respond"]}]},{"@type":"WebPage","@id":"https:\/\/mediatopnews.tg\/?p=15312","url":"https:\/\/mediatopnews.tg\/?p=15312","name":"ONU : \u00ab Corriger la carte \u00bb, le plaidoyer du Togo pour une repr\u00e9sentation plus juste de l\u2019Afrique - R\u00e9c\u00e9piss\u00e9 N\u00b00026\/12-2020\/pl\/P","isPartOf":{"@id":"https:\/\/mediatopnews.tg\/#website"},"primaryImageOfPage":{"@id":"https:\/\/mediatopnews.tg\/?p=15312#primaryimage"},"image":{"@id":"https:\/\/mediatopnews.tg\/?p=15312#primaryimage"},"thumbnailUrl":"https:\/\/mediatopnews.tg\/wp-content\/uploads\/2026\/09\/TOF-ONU-3.jpg","datePublished":"2026-09-06T10:23:33+00:00","dateModified":"2026-09-06T10:23:36+00:00","breadcrumb":{"@id":"https:\/\/mediatopnews.tg\/?p=15312#breadcrumb"},"inLanguage":"fr-FR","potentialAction":[{"@type":"ReadAction","target":["https:\/\/mediatopnews.tg\/?p=15312"]}]},{"@type":"ImageObject","inLanguage":"fr-FR","@id":"https:\/\/mediatopnews.tg\/?p=15312#primaryimage","url":"https:\/\/mediatopnews.tg\/wp-content\/uploads\/2026\/09\/TOF-ONU-3.jpg","contentUrl":"https:\/\/mediatopnews.tg\/wp-content\/uploads\/2026\/09\/TOF-ONU-3.jpg","width":600,"height":272},{"@type":"BreadcrumbList","@id":"https:\/\/mediatopnews.tg\/?p=15312#breadcrumb","itemListElement":[{"@type":"ListItem","position":1,"name":"Accueil","item":"https:\/\/mediatopnews.tg\/"},{"@type":"ListItem","position":2,"name":"ONU : \u00ab Corriger la carte \u00bb, le plaidoyer du Togo pour une repr\u00e9sentation plus juste de l\u2019Afrique"}]},{"@type":"WebSite","@id":"https:\/\/mediatopnews.tg\/#website","url":"https:\/\/mediatopnews.tg\/","name":"R\u00e9c\u00e9piss\u00e9 N\u00b00026\/12-2020\/pl\/P","description":"La toile de l&#039;information","publisher":{"@id":"https:\/\/mediatopnews.tg\/#organization"},"potentialAction":[{"@type":"SearchAction","target":{"@type":"EntryPoint","urlTemplate":"https:\/\/mediatopnews.tg\/?s={search_term_string}"},"query-input":{"@type":"PropertyValueSpecification","valueRequired":true,"valueName":"search_term_string"}}],"inLanguage":"fr-FR"},{"@type":"Organization","@id":"https:\/\/mediatopnews.tg\/#organization","name":"R\u00e9c\u00e9piss\u00e9 N\u00b00026\/12-2020\/pl\/P","url":"https:\/\/mediatopnews.tg\/","logo":{"@type":"ImageObject","inLanguage":"fr-FR","@id":"https:\/\/mediatopnews.tg\/#\/schema\/logo\/image\/","url":"https:\/\/mediatopnews.tg\/wp-content\/uploads\/2023\/09\/cropped-cropped-WhatsApp-Image-2023-09-04-at-13.18.30-1-1.jpeg","contentUrl":"https:\/\/mediatopnews.tg\/wp-content\/uploads\/2023\/09\/cropped-cropped-WhatsApp-Image-2023-09-04-at-13.18.30-1-1.jpeg","width":174,"height":147,"caption":"R\u00e9c\u00e9piss\u00e9 N\u00b00026\/12-2020\/pl\/P"},"image":{"@id":"https:\/\/mediatopnews.tg\/#\/schema\/logo\/image\/"}},{"@type":"Person","@id":"https:\/\/mediatopnews.tg\/#\/schema\/person\/5264fbaa15cdbc3bbc592caa5cb4bac6","name":"La R\u00e9daction","image":{"@type":"ImageObject","inLanguage":"fr-FR","@id":"https:\/\/mediatopnews.tg\/#\/schema\/person\/image\/","url":"https:\/\/secure.gravatar.com\/avatar\/02c45ef53e124da0300332101a595f5186b781ff193f1243a768c52e15756dcc?s=96&d=mm&r=g","contentUrl":"https:\/\/secure.gravatar.com\/avatar\/02c45ef53e124da0300332101a595f5186b781ff193f1243a768c52e15756dcc?s=96&d=mm&r=g","caption":"La R\u00e9daction"},"url":"https:\/\/mediatopnews.tg\/?author=2"}]}},"_links":{"self":[{"href":"https:\/\/mediatopnews.tg\/index.php?rest_route=\/wp\/v2\/posts\/15312","targetHints":{"allow":["GET"]}}],"collection":[{"href":"https:\/\/mediatopnews.tg\/index.php?rest_route=\/wp\/v2\/posts"}],"about":[{"href":"https:\/\/mediatopnews.tg\/index.php?rest_route=\/wp\/v2\/types\/post"}],"author":[{"embeddable":true,"href":"https:\/\/mediatopnews.tg\/index.php?rest_route=\/wp\/v2\/users\/2"}],"replies":[{"embeddable":true,"href":"https:\/\/mediatopnews.tg\/index.php?rest_route=%2Fwp%2Fv2%2Fcomments&post=15312"}],"version-history":[{"count":1,"href":"https:\/\/mediatopnews.tg\/index.php?rest_route=\/wp\/v2\/posts\/15312\/revisions"}],"predecessor-version":[{"id":15316,"href":"https:\/\/mediatopnews.tg\/index.php?rest_route=\/wp\/v2\/posts\/15312\/revisions\/15316"}],"wp:featuredmedia":[{"embeddable":true,"href":"https:\/\/mediatopnews.tg\/index.php?rest_route=\/wp\/v2\/media\/15313"}],"wp:attachment":[{"href":"https:\/\/mediatopnews.tg\/index.php?rest_route=%2Fwp%2Fv2%2Fmedia&parent=15312"}],"wp:term":[{"taxonomy":"category","embeddable":true,"href":"https:\/\/mediatopnews.tg\/index.php?rest_route=%2Fwp%2Fv2%2Fcategories&post=15312"},{"taxonomy":"post_tag","embeddable":true,"href":"https:\/\/mediatopnews.tg\/index.php?rest_route=%2Fwp%2Fv2%2Ftags&post=15312"}],"curies":[{"name":"wp","href":"https:\/\/api.w.org\/{rel}","templated":true}]}}