{"id":3716,"date":"2023-07-14T16:41:28","date_gmt":"2023-07-14T16:41:28","guid":{"rendered":"https:\/\/mediatopnews.tg\/?p=3716"},"modified":"2023-07-14T16:41:29","modified_gmt":"2023-07-14T16:41:29","slug":"comex-caf-dr-lidi-bessi-kama-celebre-les-elus-togolais","status":"publish","type":"post","link":"https:\/\/mediatopnews.tg\/?p=3716","title":{"rendered":"Comex CAF: Dr Lidi Bessi-Kama c\u00e9l\u00e8bre les \u00e9lus togolais"},"content":{"rendered":"\n<p>La Conf\u00e9d\u00e9ration africaine de football (CAF) a t\u00e9nu ce jeudi 13 juillet 2023 son 45eme Assembl\u00e9e G\u00e9n\u00e9rale ordinaire \u00e0 Abidjan en C\u00f4te d\u2019Ivoire. Au cours d\u2019une matin\u00e9e marathon des travaux, l\u2019Instance dirigeante du football africain a renouvel\u00e9 ses instances lors des \u00e9lections par zones au sein du comit\u00e9 ex\u00e9cutif de la CAF.<\/p>\n\n\n\n<figure class=\"wp-block-image size-full\"><img loading=\"lazy\" decoding=\"async\" width=\"643\" height=\"451\" src=\"https:\/\/mediatopnews.tg\/wp-content\/uploads\/2023\/07\/ELECTION-CAF-AKPOVY.jpg\" alt=\"\" class=\"wp-image-3718\" srcset=\"https:\/\/mediatopnews.tg\/wp-content\/uploads\/2023\/07\/ELECTION-CAF-AKPOVY.jpg 643w, https:\/\/mediatopnews.tg\/wp-content\/uploads\/2023\/07\/ELECTION-CAF-AKPOVY-300x210.jpg 300w, https:\/\/mediatopnews.tg\/wp-content\/uploads\/2023\/07\/ELECTION-CAF-AKPOVY-130x90.jpg 130w\" sizes=\"auto, (max-width: 643px) 100vw, 643px\" \/><\/figure>\n\n\n\n<p>&nbsp;Le pr\u00e9sident de la F\u00e9d\u00e9ration togolaise de football, le colonel Guy Kossi Akpovy est \u00e9lu au comit\u00e9 ex\u00e9cutif de la CAF pour le compte de l\u2019UFOA zone B apr\u00e8s le retrait de son homologue burkinab\u00e8 Lazare Banss\u00e9. Seul en course, le togolais a donc \u00e9t\u00e9 pl\u00e9biscit\u00e9&nbsp; sans la voix des urnes. Lazare Banss\u00e9 a notifi\u00e9 son retrait du processus \u00e0 travers un courrier adress\u00e9 au Secr\u00e9tariat G\u00e9n\u00e9ral de la CAF.<\/p>\n\n\n\n<p>Autre togolais \u00e0 b\u00e9n\u00e9ficier de cette journ\u00e9e importante, il s\u2019agit de&nbsp; Mouhamed Nour-Dine Assindoh qui a pr\u00e9sent\u00e9 le rapport d\u2019Audit de la CAF. Il a \u00e9t\u00e9 \u00e9lu par acclamation vice pr\u00e9sident de la commission d\u2019Audit et Conformit\u00e9 de la CAF jusqu\u2019en 2027.<\/p>\n\n\n\n<p>Pour les \u00e9lections des autres zones, Augustin Senghor, pr\u00e9sident de la F\u00e9d\u00e9ration S\u00e9n\u00e9galaise de Football au titre de la zone A et Pierre-Alain Mougengui,&nbsp; pr\u00e9sident de la F\u00e9d\u00e9ration&nbsp; Gabonaise de Football&nbsp; sont r\u00e9\u00e9lus au Comit\u00e9 Ex\u00e9cutif de la CAF en tant qu\u2019uniques candidats.<\/p>\n\n\n\n<p>Pour les r\u00e9sultats des autres zones, le libyen Abdulhakim Alshelmanibde est \u00e9lu pour la zone UNAF. Walter Nyamilandu du Malawi au titre de la COSAFA et le soudanais Mutassim Gadar pour la CECAFA.<\/p>\n\n\n\n<figure class=\"wp-block-image size-full\"><img loading=\"lazy\" decoding=\"async\" width=\"640\" height=\"480\" src=\"https:\/\/mediatopnews.tg\/wp-content\/uploads\/2023\/07\/ASSINDOH1.jpg\" alt=\"\" class=\"wp-image-3719\" srcset=\"https:\/\/mediatopnews.tg\/wp-content\/uploads\/2023\/07\/ASSINDOH1.jpg 640w, https:\/\/mediatopnews.tg\/wp-content\/uploads\/2023\/07\/ASSINDOH1-300x225.jpg 300w\" sizes=\"auto, (max-width: 640px) 100vw, 640px\" \/><\/figure>\n\n\n\n<p>Comme d\u00e9cision importante prise par l\u2019Assembl\u00e9e G\u00e9n\u00e9rale de la CAF, African Football League, la nouvelle comp\u00e9tition de la CAF va d\u00e9buter avec 8 clubs le 20 octobre en Tanzanie.<\/p>\n\n\n\n<p>Des cons\u00e9crations qui r\u00e9jouissent plus d\u2019un togolais. En premier, la Ministre des Sports et des Loisirs, Dr Lidi Bessi-Kama. \u00ab Mes f\u00e9licitations au pr\u00e9sident de la Ftf, Col Guy Akpovy et Assindoh Nour-Dine \u00bb, a-t-elle indiqu\u00e9 \u00e0 chaud dans un tweet.<\/p>\n\n\n\n<p>Elle a ensuite souhait\u00e9 \u00ab que cette ascension contribue au processus de d\u00e9veloppement du football au Togo \u00bb<\/p>\n","protected":false},"excerpt":{"rendered":"<p>La Conf\u00e9d\u00e9ration africaine de football (CAF) a t\u00e9nu ce jeudi 13 juillet 2023 son 45eme Assembl\u00e9e G\u00e9n\u00e9rale ordinaire \u00e0 Abidjan en C\u00f4te d\u2019Ivoire. Au cours d\u2019une matin\u00e9e marathon des travaux, l\u2019Instance dirigeante du football africain a renouvel\u00e9 ses instances lors des \u00e9lections par zones au sein du comit\u00e9 ex\u00e9cutif de la CAF. &nbsp;Le pr\u00e9sident de [&hellip;]<\/p>\n","protected":false},"author":2,"featured_media":3717,"comment_status":"open","ping_status":"closed","sticky":false,"template":"","format":"standard","meta":{"footnotes":""},"categories":[11],"tags":[396,394,395],"class_list":["post-3716","post","type-post","status-publish","format-standard","has-post-thumbnail","hentry","category-sport","tag-celebre-les-elus-togolais","tag-comex-caf","tag-dr-lidi-bessi-kama"],"yoast_head":"<!-- This site is optimized with the Yoast SEO plugin v26.5 - https:\/\/yoast.com\/wordpress\/plugins\/seo\/ -->\n<title>Comex CAF: Dr Lidi Bessi-Kama c\u00e9l\u00e8bre les \u00e9lus togolais - R\u00e9c\u00e9piss\u00e9 N\u00b00026\/12-2020\/pl\/P<\/title>\n<meta name=\"robots\" content=\"index, follow, max-snippet:-1, max-image-preview:large, max-video-preview:-1\" \/>\n<link rel=\"canonical\" href=\"https:\/\/mediatopnews.tg\/?p=3716\" \/>\n<meta property=\"og:locale\" content=\"fr_FR\" \/>\n<meta property=\"og:type\" content=\"article\" \/>\n<meta property=\"og:title\" content=\"Comex CAF: Dr Lidi Bessi-Kama c\u00e9l\u00e8bre les \u00e9lus togolais - R\u00e9c\u00e9piss\u00e9 N\u00b00026\/12-2020\/pl\/P\" \/>\n<meta property=\"og:description\" content=\"La Conf\u00e9d\u00e9ration africaine de football (CAF) a t\u00e9nu ce jeudi 13 juillet 2023 son 45eme Assembl\u00e9e G\u00e9n\u00e9rale ordinaire \u00e0 Abidjan en C\u00f4te d\u2019Ivoire. Au cours d\u2019une matin\u00e9e marathon des travaux, l\u2019Instance dirigeante du football africain a renouvel\u00e9 ses instances lors des \u00e9lections par zones au sein du comit\u00e9 ex\u00e9cutif de la CAF. &nbsp;Le pr\u00e9sident de [&hellip;]\" \/>\n<meta property=\"og:url\" content=\"https:\/\/mediatopnews.tg\/?p=3716\" \/>\n<meta property=\"og:site_name\" content=\"R\u00e9c\u00e9piss\u00e9 N\u00b00026\/12-2020\/pl\/P\" \/>\n<meta property=\"article:published_time\" content=\"2023-07-14T16:41:28+00:00\" \/>\n<meta property=\"article:modified_time\" content=\"2023-07-14T16:41:29+00:00\" \/>\n<meta property=\"og:image\" content=\"https:\/\/mediatopnews.tg\/wp-content\/uploads\/2023\/07\/Lidibessikama3.jpg\" \/>\n\t<meta property=\"og:image:width\" content=\"1078\" \/>\n\t<meta property=\"og:image:height\" content=\"750\" \/>\n\t<meta property=\"og:image:type\" content=\"image\/jpeg\" \/>\n<meta name=\"author\" content=\"La R\u00e9daction\" \/>\n<meta name=\"twitter:card\" content=\"summary_large_image\" \/>\n<meta name=\"twitter:label1\" content=\"\u00c9crit par\" \/>\n\t<meta name=\"twitter:data1\" content=\"La R\u00e9daction\" \/>\n\t<meta name=\"twitter:label2\" content=\"Dur\u00e9e de lecture estim\u00e9e\" \/>\n\t<meta name=\"twitter:data2\" content=\"3 minutes\" \/>\n<script type=\"application\/ld+json\" class=\"yoast-schema-graph\">{\"@context\":\"https:\/\/schema.org\",\"@graph\":[{\"@type\":\"Article\",\"@id\":\"https:\/\/mediatopnews.tg\/?p=3716#article\",\"isPartOf\":{\"@id\":\"https:\/\/mediatopnews.tg\/?p=3716\"},\"author\":{\"name\":\"La R\u00e9daction\",\"@id\":\"https:\/\/mediatopnews.tg\/#\/schema\/person\/5264fbaa15cdbc3bbc592caa5cb4bac6\"},\"headline\":\"Comex CAF: Dr Lidi Bessi-Kama c\u00e9l\u00e8bre les \u00e9lus togolais\",\"datePublished\":\"2023-07-14T16:41:28+00:00\",\"dateModified\":\"2023-07-14T16:41:29+00:00\",\"mainEntityOfPage\":{\"@id\":\"https:\/\/mediatopnews.tg\/?p=3716\"},\"wordCount\":388,\"commentCount\":0,\"publisher\":{\"@id\":\"https:\/\/mediatopnews.tg\/#organization\"},\"image\":{\"@id\":\"https:\/\/mediatopnews.tg\/?p=3716#primaryimage\"},\"thumbnailUrl\":\"https:\/\/mediatopnews.tg\/wp-content\/uploads\/2023\/07\/Lidibessikama3.jpg\",\"keywords\":[\"c\u00e9l\u00e8bre les \u00e9lus togolais\",\"Comex CAF\",\"Dr Lidi Bessi-Kama\"],\"articleSection\":[\"SPORT\"],\"inLanguage\":\"fr-FR\",\"potentialAction\":[{\"@type\":\"CommentAction\",\"name\":\"Comment\",\"target\":[\"https:\/\/mediatopnews.tg\/?p=3716#respond\"]}]},{\"@type\":\"WebPage\",\"@id\":\"https:\/\/mediatopnews.tg\/?p=3716\",\"url\":\"https:\/\/mediatopnews.tg\/?p=3716\",\"name\":\"Comex CAF: Dr Lidi Bessi-Kama c\u00e9l\u00e8bre les \u00e9lus togolais - R\u00e9c\u00e9piss\u00e9 N\u00b00026\/12-2020\/pl\/P\",\"isPartOf\":{\"@id\":\"https:\/\/mediatopnews.tg\/#website\"},\"primaryImageOfPage\":{\"@id\":\"https:\/\/mediatopnews.tg\/?p=3716#primaryimage\"},\"image\":{\"@id\":\"https:\/\/mediatopnews.tg\/?p=3716#primaryimage\"},\"thumbnailUrl\":\"https:\/\/mediatopnews.tg\/wp-content\/uploads\/2023\/07\/Lidibessikama3.jpg\",\"datePublished\":\"2023-07-14T16:41:28+00:00\",\"dateModified\":\"2023-07-14T16:41:29+00:00\",\"breadcrumb\":{\"@id\":\"https:\/\/mediatopnews.tg\/?p=3716#breadcrumb\"},\"inLanguage\":\"fr-FR\",\"potentialAction\":[{\"@type\":\"ReadAction\",\"target\":[\"https:\/\/mediatopnews.tg\/?p=3716\"]}]},{\"@type\":\"ImageObject\",\"inLanguage\":\"fr-FR\",\"@id\":\"https:\/\/mediatopnews.tg\/?p=3716#primaryimage\",\"url\":\"https:\/\/mediatopnews.tg\/wp-content\/uploads\/2023\/07\/Lidibessikama3.jpg\",\"contentUrl\":\"https:\/\/mediatopnews.tg\/wp-content\/uploads\/2023\/07\/Lidibessikama3.jpg\",\"width\":1078,\"height\":750},{\"@type\":\"BreadcrumbList\",\"@id\":\"https:\/\/mediatopnews.tg\/?p=3716#breadcrumb\",\"itemListElement\":[{\"@type\":\"ListItem\",\"position\":1,\"name\":\"Accueil\",\"item\":\"https:\/\/mediatopnews.tg\/\"},{\"@type\":\"ListItem\",\"position\":2,\"name\":\"Comex CAF: Dr Lidi Bessi-Kama c\u00e9l\u00e8bre les \u00e9lus togolais\"}]},{\"@type\":\"WebSite\",\"@id\":\"https:\/\/mediatopnews.tg\/#website\",\"url\":\"https:\/\/mediatopnews.tg\/\",\"name\":\"R\u00e9c\u00e9piss\u00e9 N\u00b00026\/12-2020\/pl\/P\",\"description\":\"La toile de l&#039;information\",\"publisher\":{\"@id\":\"https:\/\/mediatopnews.tg\/#organization\"},\"potentialAction\":[{\"@type\":\"SearchAction\",\"target\":{\"@type\":\"EntryPoint\",\"urlTemplate\":\"https:\/\/mediatopnews.tg\/?s={search_term_string}\"},\"query-input\":{\"@type\":\"PropertyValueSpecification\",\"valueRequired\":true,\"valueName\":\"search_term_string\"}}],\"inLanguage\":\"fr-FR\"},{\"@type\":\"Organization\",\"@id\":\"https:\/\/mediatopnews.tg\/#organization\",\"name\":\"R\u00e9c\u00e9piss\u00e9 N\u00b00026\/12-2020\/pl\/P\",\"url\":\"https:\/\/mediatopnews.tg\/\",\"logo\":{\"@type\":\"ImageObject\",\"inLanguage\":\"fr-FR\",\"@id\":\"https:\/\/mediatopnews.tg\/#\/schema\/logo\/image\/\",\"url\":\"https:\/\/mediatopnews.tg\/wp-content\/uploads\/2023\/09\/cropped-cropped-WhatsApp-Image-2023-09-04-at-13.18.30-1-1.jpeg\",\"contentUrl\":\"https:\/\/mediatopnews.tg\/wp-content\/uploads\/2023\/09\/cropped-cropped-WhatsApp-Image-2023-09-04-at-13.18.30-1-1.jpeg\",\"width\":174,\"height\":147,\"caption\":\"R\u00e9c\u00e9piss\u00e9 N\u00b00026\/12-2020\/pl\/P\"},\"image\":{\"@id\":\"https:\/\/mediatopnews.tg\/#\/schema\/logo\/image\/\"}},{\"@type\":\"Person\",\"@id\":\"https:\/\/mediatopnews.tg\/#\/schema\/person\/5264fbaa15cdbc3bbc592caa5cb4bac6\",\"name\":\"La R\u00e9daction\",\"image\":{\"@type\":\"ImageObject\",\"inLanguage\":\"fr-FR\",\"@id\":\"https:\/\/mediatopnews.tg\/#\/schema\/person\/image\/\",\"url\":\"https:\/\/secure.gravatar.com\/avatar\/02c45ef53e124da0300332101a595f5186b781ff193f1243a768c52e15756dcc?s=96&d=mm&r=g\",\"contentUrl\":\"https:\/\/secure.gravatar.com\/avatar\/02c45ef53e124da0300332101a595f5186b781ff193f1243a768c52e15756dcc?s=96&d=mm&r=g\",\"caption\":\"La R\u00e9daction\"},\"url\":\"https:\/\/mediatopnews.tg\/?author=2\"}]}<\/script>\n<!-- \/ Yoast SEO plugin. -->","yoast_head_json":{"title":"Comex CAF: Dr Lidi Bessi-Kama c\u00e9l\u00e8bre les \u00e9lus togolais - R\u00e9c\u00e9piss\u00e9 N\u00b00026\/12-2020\/pl\/P","robots":{"index":"index","follow":"follow","max-snippet":"max-snippet:-1","max-image-preview":"max-image-preview:large","max-video-preview":"max-video-preview:-1"},"canonical":"https:\/\/mediatopnews.tg\/?p=3716","og_locale":"fr_FR","og_type":"article","og_title":"Comex CAF: Dr Lidi Bessi-Kama c\u00e9l\u00e8bre les \u00e9lus togolais - R\u00e9c\u00e9piss\u00e9 N\u00b00026\/12-2020\/pl\/P","og_description":"La Conf\u00e9d\u00e9ration africaine de football (CAF) a t\u00e9nu ce jeudi 13 juillet 2023 son 45eme Assembl\u00e9e G\u00e9n\u00e9rale ordinaire \u00e0 Abidjan en C\u00f4te d\u2019Ivoire. Au cours d\u2019une matin\u00e9e marathon des travaux, l\u2019Instance dirigeante du football africain a renouvel\u00e9 ses instances lors des \u00e9lections par zones au sein du comit\u00e9 ex\u00e9cutif de la CAF. &nbsp;Le pr\u00e9sident de [&hellip;]","og_url":"https:\/\/mediatopnews.tg\/?p=3716","og_site_name":"R\u00e9c\u00e9piss\u00e9 N\u00b00026\/12-2020\/pl\/P","article_published_time":"2023-07-14T16:41:28+00:00","article_modified_time":"2023-07-14T16:41:29+00:00","og_image":[{"width":1078,"height":750,"url":"https:\/\/mediatopnews.tg\/wp-content\/uploads\/2023\/07\/Lidibessikama3.jpg","type":"image\/jpeg"}],"author":"La R\u00e9daction","twitter_card":"summary_large_image","twitter_misc":{"\u00c9crit par":"La R\u00e9daction","Dur\u00e9e de lecture estim\u00e9e":"3 minutes"},"schema":{"@context":"https:\/\/schema.org","@graph":[{"@type":"Article","@id":"https:\/\/mediatopnews.tg\/?p=3716#article","isPartOf":{"@id":"https:\/\/mediatopnews.tg\/?p=3716"},"author":{"name":"La R\u00e9daction","@id":"https:\/\/mediatopnews.tg\/#\/schema\/person\/5264fbaa15cdbc3bbc592caa5cb4bac6"},"headline":"Comex CAF: Dr Lidi Bessi-Kama c\u00e9l\u00e8bre les \u00e9lus togolais","datePublished":"2023-07-14T16:41:28+00:00","dateModified":"2023-07-14T16:41:29+00:00","mainEntityOfPage":{"@id":"https:\/\/mediatopnews.tg\/?p=3716"},"wordCount":388,"commentCount":0,"publisher":{"@id":"https:\/\/mediatopnews.tg\/#organization"},"image":{"@id":"https:\/\/mediatopnews.tg\/?p=3716#primaryimage"},"thumbnailUrl":"https:\/\/mediatopnews.tg\/wp-content\/uploads\/2023\/07\/Lidibessikama3.jpg","keywords":["c\u00e9l\u00e8bre les \u00e9lus togolais","Comex CAF","Dr Lidi Bessi-Kama"],"articleSection":["SPORT"],"inLanguage":"fr-FR","potentialAction":[{"@type":"CommentAction","name":"Comment","target":["https:\/\/mediatopnews.tg\/?p=3716#respond"]}]},{"@type":"WebPage","@id":"https:\/\/mediatopnews.tg\/?p=3716","url":"https:\/\/mediatopnews.tg\/?p=3716","name":"Comex CAF: Dr Lidi Bessi-Kama c\u00e9l\u00e8bre les \u00e9lus togolais - R\u00e9c\u00e9piss\u00e9 N\u00b00026\/12-2020\/pl\/P","isPartOf":{"@id":"https:\/\/mediatopnews.tg\/#website"},"primaryImageOfPage":{"@id":"https:\/\/mediatopnews.tg\/?p=3716#primaryimage"},"image":{"@id":"https:\/\/mediatopnews.tg\/?p=3716#primaryimage"},"thumbnailUrl":"https:\/\/mediatopnews.tg\/wp-content\/uploads\/2023\/07\/Lidibessikama3.jpg","datePublished":"2023-07-14T16:41:28+00:00","dateModified":"2023-07-14T16:41:29+00:00","breadcrumb":{"@id":"https:\/\/mediatopnews.tg\/?p=3716#breadcrumb"},"inLanguage":"fr-FR","potentialAction":[{"@type":"ReadAction","target":["https:\/\/mediatopnews.tg\/?p=3716"]}]},{"@type":"ImageObject","inLanguage":"fr-FR","@id":"https:\/\/mediatopnews.tg\/?p=3716#primaryimage","url":"https:\/\/mediatopnews.tg\/wp-content\/uploads\/2023\/07\/Lidibessikama3.jpg","contentUrl":"https:\/\/mediatopnews.tg\/wp-content\/uploads\/2023\/07\/Lidibessikama3.jpg","width":1078,"height":750},{"@type":"BreadcrumbList","@id":"https:\/\/mediatopnews.tg\/?p=3716#breadcrumb","itemListElement":[{"@type":"ListItem","position":1,"name":"Accueil","item":"https:\/\/mediatopnews.tg\/"},{"@type":"ListItem","position":2,"name":"Comex CAF: Dr Lidi Bessi-Kama c\u00e9l\u00e8bre les \u00e9lus togolais"}]},{"@type":"WebSite","@id":"https:\/\/mediatopnews.tg\/#website","url":"https:\/\/mediatopnews.tg\/","name":"R\u00e9c\u00e9piss\u00e9 N\u00b00026\/12-2020\/pl\/P","description":"La toile de l&#039;information","publisher":{"@id":"https:\/\/mediatopnews.tg\/#organization"},"potentialAction":[{"@type":"SearchAction","target":{"@type":"EntryPoint","urlTemplate":"https:\/\/mediatopnews.tg\/?s={search_term_string}"},"query-input":{"@type":"PropertyValueSpecification","valueRequired":true,"valueName":"search_term_string"}}],"inLanguage":"fr-FR"},{"@type":"Organization","@id":"https:\/\/mediatopnews.tg\/#organization","name":"R\u00e9c\u00e9piss\u00e9 N\u00b00026\/12-2020\/pl\/P","url":"https:\/\/mediatopnews.tg\/","logo":{"@type":"ImageObject","inLanguage":"fr-FR","@id":"https:\/\/mediatopnews.tg\/#\/schema\/logo\/image\/","url":"https:\/\/mediatopnews.tg\/wp-content\/uploads\/2023\/09\/cropped-cropped-WhatsApp-Image-2023-09-04-at-13.18.30-1-1.jpeg","contentUrl":"https:\/\/mediatopnews.tg\/wp-content\/uploads\/2023\/09\/cropped-cropped-WhatsApp-Image-2023-09-04-at-13.18.30-1-1.jpeg","width":174,"height":147,"caption":"R\u00e9c\u00e9piss\u00e9 N\u00b00026\/12-2020\/pl\/P"},"image":{"@id":"https:\/\/mediatopnews.tg\/#\/schema\/logo\/image\/"}},{"@type":"Person","@id":"https:\/\/mediatopnews.tg\/#\/schema\/person\/5264fbaa15cdbc3bbc592caa5cb4bac6","name":"La R\u00e9daction","image":{"@type":"ImageObject","inLanguage":"fr-FR","@id":"https:\/\/mediatopnews.tg\/#\/schema\/person\/image\/","url":"https:\/\/secure.gravatar.com\/avatar\/02c45ef53e124da0300332101a595f5186b781ff193f1243a768c52e15756dcc?s=96&d=mm&r=g","contentUrl":"https:\/\/secure.gravatar.com\/avatar\/02c45ef53e124da0300332101a595f5186b781ff193f1243a768c52e15756dcc?s=96&d=mm&r=g","caption":"La R\u00e9daction"},"url":"https:\/\/mediatopnews.tg\/?author=2"}]}},"_links":{"self":[{"href":"https:\/\/mediatopnews.tg\/index.php?rest_route=\/wp\/v2\/posts\/3716","targetHints":{"allow":["GET"]}}],"collection":[{"href":"https:\/\/mediatopnews.tg\/index.php?rest_route=\/wp\/v2\/posts"}],"about":[{"href":"https:\/\/mediatopnews.tg\/index.php?rest_route=\/wp\/v2\/types\/post"}],"author":[{"embeddable":true,"href":"https:\/\/mediatopnews.tg\/index.php?rest_route=\/wp\/v2\/users\/2"}],"replies":[{"embeddable":true,"href":"https:\/\/mediatopnews.tg\/index.php?rest_route=%2Fwp%2Fv2%2Fcomments&post=3716"}],"version-history":[{"count":1,"href":"https:\/\/mediatopnews.tg\/index.php?rest_route=\/wp\/v2\/posts\/3716\/revisions"}],"predecessor-version":[{"id":3720,"href":"https:\/\/mediatopnews.tg\/index.php?rest_route=\/wp\/v2\/posts\/3716\/revisions\/3720"}],"wp:featuredmedia":[{"embeddable":true,"href":"https:\/\/mediatopnews.tg\/index.php?rest_route=\/wp\/v2\/media\/3717"}],"wp:attachment":[{"href":"https:\/\/mediatopnews.tg\/index.php?rest_route=%2Fwp%2Fv2%2Fmedia&parent=3716"}],"wp:term":[{"taxonomy":"category","embeddable":true,"href":"https:\/\/mediatopnews.tg\/index.php?rest_route=%2Fwp%2Fv2%2Fcategories&post=3716"},{"taxonomy":"post_tag","embeddable":true,"href":"https:\/\/mediatopnews.tg\/index.php?rest_route=%2Fwp%2Fv2%2Ftags&post=3716"}],"curies":[{"name":"wp","href":"https:\/\/api.w.org\/{rel}","templated":true}]}}