{"id":5423,"date":"2023-10-25T09:27:29","date_gmt":"2023-10-25T09:27:29","guid":{"rendered":"https:\/\/mediatopnews.tg\/?p=5423"},"modified":"2023-10-25T09:27:31","modified_gmt":"2023-10-25T09:27:31","slug":"ministre-edem-kokou-tengue-la-convention-collective-des-gens-de-mer-du-togo-rentrera-en-vigueur-au-1er-janvier-2024","status":"publish","type":"post","link":"https:\/\/mediatopnews.tg\/?p=5423","title":{"rendered":"Ministre Edem Kokou Tengu\u00e9: la Convention Collective des Gens de Mer du Togo rentrera en vigueur au 1er janvier 2024"},"content":{"rendered":"\n<p>Le ministre en charge de l\u2019\u00e9conomie maritime, Edem Kokou Tengu\u00e9 a remis officiellement le 23 octobre 2023, la convention collective des gens de Mer. C&rsquo;\u00e9tait en pr\u00e9sence&nbsp;<\/p>\n\n\n\n<p>des repr\u00e9sentants des organisations syndicales des gens de Mer, des organisations syndicales des travailleurs, du Conseil National du Patronat et plusieurs autorit\u00e9s minist\u00e9rielles en charge d\u2019\u00e9conomie maritime.<\/p>\n\n\n\n<figure class=\"wp-block-image size-full\"><img loading=\"lazy\" decoding=\"async\" width=\"1008\" height=\"756\" src=\"https:\/\/mediatopnews.tg\/wp-content\/uploads\/2023\/10\/IMG-20231023-WA0041.jpg\" alt=\"\" class=\"wp-image-5425\" srcset=\"https:\/\/mediatopnews.tg\/wp-content\/uploads\/2023\/10\/IMG-20231023-WA0041.jpg 1008w, https:\/\/mediatopnews.tg\/wp-content\/uploads\/2023\/10\/IMG-20231023-WA0041-300x225.jpg 300w, https:\/\/mediatopnews.tg\/wp-content\/uploads\/2023\/10\/IMG-20231023-WA0041-768x576.jpg 768w\" sizes=\"auto, (max-width: 1008px) 100vw, 1008px\" \/><\/figure>\n\n\n\n<p>La Convention Collective des Gens de Mer du Togo est un document qui incarne notre engagement envers les droits, la s\u00e9curit\u00e9 et le bien-\u00eatre de ceux qui travaillent courageusement en mer pour assurer la livraison des denr\u00e9es alimentaires, des m\u00e9dicaments et des biens essentiels pour l\u2019\u00e9conomie mondiale.<\/p>\n\n\n\n<p>Il s&rsquo;agit \u00e0 travers cet acte du ministre, non seulement d&rsquo;apporter une meilleure relation de travail et des conditions de vie aux acteurs intervenants en Mer mais aussi de prot\u00e9ger les gens de mer du Togo.<\/p>\n\n\n\n<p>Cette convention collective qui r\u00e9git les droits des gens de Mer, abord\u00e9 aussi la question des r\u00e9mun\u00e9rations.<\/p>\n\n\n\n<p>Le ministre en charge de l\u2019\u00e9conomie maritime, Edem Kokou Tengu\u00e9 dans sa d\u00e9claration a relev\u00e9 que \u00ab Les marins togolais qui sont employ\u00e9s aujourd\u2019hui disposent d\u2019un cadre juridique pour pouvoir r\u00e9gir leur relation avec leurs employeurs et nous pensons que c\u2019est une avanc\u00e9e pour l\u2019\u00e9conomie maritime. Ceci va leur permettre d\u2019avoir un certain niveau de dignit\u00e9 par rapport \u00e0 leur travail et sans oublier la question des repos. Cette convention va permettre une harmonisation des relations contractuelles entre les employeurs et les gens de Mer. Le v\u00e9ritable travail commence. Notre engagement \u00e0 la cause des gens de mer t\u00e9moigne des plus grands id\u00e9aux que sont le devoir, le service et le sacrifice. Ainsi, les dispositions de la Convention Collective des Gens de Mer du Togo seront suivies avec diligence \u00bb.<\/p>\n\n\n\n<figure class=\"wp-block-image size-full\"><img loading=\"lazy\" decoding=\"async\" width=\"1008\" height=\"756\" src=\"https:\/\/mediatopnews.tg\/wp-content\/uploads\/2023\/10\/IMG-20231023-WA0040.jpg\" alt=\"\" class=\"wp-image-5426\" srcset=\"https:\/\/mediatopnews.tg\/wp-content\/uploads\/2023\/10\/IMG-20231023-WA0040.jpg 1008w, https:\/\/mediatopnews.tg\/wp-content\/uploads\/2023\/10\/IMG-20231023-WA0040-300x225.jpg 300w, https:\/\/mediatopnews.tg\/wp-content\/uploads\/2023\/10\/IMG-20231023-WA0040-768x576.jpg 768w\" sizes=\"auto, (max-width: 1008px) 100vw, 1008px\" \/><\/figure>\n\n\n\n<p>Ce document approuv\u00e9 par le Ministre de la Fonction Publique, du Travail et du Dialogue Social, et certifi\u00e9 par le tribunal du travail, est ainsi validit\u00e9 et rentrera en vigueur au 1er janvier 2024.<\/p>\n\n\n\n<p>Des s\u00e9ances de sensibilisation aux respects de ladite convention collective seront organis\u00e9es \u00e0 l\u2019endroit de tous les acteurs concern\u00e9s afin que son application ne souffre d\u2019aucune ambigu\u00eft\u00e9.<\/p>\n","protected":false},"excerpt":{"rendered":"<p>Le ministre en charge de l\u2019\u00e9conomie maritime, Edem Kokou Tengu\u00e9 a remis officiellement le 23 octobre 2023, la convention collective des gens de Mer. C&rsquo;\u00e9tait en pr\u00e9sence&nbsp; des repr\u00e9sentants des organisations syndicales des gens de Mer, des organisations syndicales des travailleurs, du Conseil National du Patronat et plusieurs autorit\u00e9s minist\u00e9rielles en charge d\u2019\u00e9conomie maritime. La [&hellip;]<\/p>\n","protected":false},"author":2,"featured_media":5424,"comment_status":"open","ping_status":"closed","sticky":false,"template":"","format":"standard","meta":{"footnotes":""},"categories":[3],"tags":[],"class_list":["post-5423","post","type-post","status-publish","format-standard","has-post-thumbnail","hentry","category-societe"],"yoast_head":"<!-- This site is optimized with the Yoast SEO plugin v26.5 - https:\/\/yoast.com\/wordpress\/plugins\/seo\/ -->\n<title>Ministre Edem Kokou Tengu\u00e9: la Convention Collective des Gens de Mer du Togo rentrera en vigueur au 1er janvier 2024 - R\u00e9c\u00e9piss\u00e9 N\u00b00026\/12-2020\/pl\/P<\/title>\n<meta name=\"robots\" content=\"index, follow, max-snippet:-1, max-image-preview:large, max-video-preview:-1\" \/>\n<link rel=\"canonical\" href=\"https:\/\/mediatopnews.tg\/?p=5423\" \/>\n<meta property=\"og:locale\" content=\"fr_FR\" \/>\n<meta property=\"og:type\" content=\"article\" \/>\n<meta property=\"og:title\" content=\"Ministre Edem Kokou Tengu\u00e9: la Convention Collective des Gens de Mer du Togo rentrera en vigueur au 1er janvier 2024 - R\u00e9c\u00e9piss\u00e9 N\u00b00026\/12-2020\/pl\/P\" \/>\n<meta property=\"og:description\" content=\"Le ministre en charge de l\u2019\u00e9conomie maritime, Edem Kokou Tengu\u00e9 a remis officiellement le 23 octobre 2023, la convention collective des gens de Mer. C&rsquo;\u00e9tait en pr\u00e9sence&nbsp; des repr\u00e9sentants des organisations syndicales des gens de Mer, des organisations syndicales des travailleurs, du Conseil National du Patronat et plusieurs autorit\u00e9s minist\u00e9rielles en charge d\u2019\u00e9conomie maritime. La [&hellip;]\" \/>\n<meta property=\"og:url\" content=\"https:\/\/mediatopnews.tg\/?p=5423\" \/>\n<meta property=\"og:site_name\" content=\"R\u00e9c\u00e9piss\u00e9 N\u00b00026\/12-2020\/pl\/P\" \/>\n<meta property=\"article:published_time\" content=\"2023-10-25T09:27:29+00:00\" \/>\n<meta property=\"article:modified_time\" content=\"2023-10-25T09:27:31+00:00\" \/>\n<meta property=\"og:image\" content=\"https:\/\/mediatopnews.tg\/wp-content\/uploads\/2023\/10\/IMG-20231023-WA0039.jpg\" \/>\n\t<meta property=\"og:image:width\" content=\"1008\" \/>\n\t<meta property=\"og:image:height\" content=\"756\" \/>\n\t<meta property=\"og:image:type\" content=\"image\/jpeg\" \/>\n<meta name=\"author\" content=\"La R\u00e9daction\" \/>\n<meta name=\"twitter:card\" content=\"summary_large_image\" \/>\n<meta name=\"twitter:label1\" content=\"\u00c9crit par\" \/>\n\t<meta name=\"twitter:data1\" content=\"La R\u00e9daction\" \/>\n\t<meta name=\"twitter:label2\" content=\"Dur\u00e9e de lecture estim\u00e9e\" \/>\n\t<meta name=\"twitter:data2\" content=\"3 minutes\" \/>\n<script type=\"application\/ld+json\" class=\"yoast-schema-graph\">{\"@context\":\"https:\/\/schema.org\",\"@graph\":[{\"@type\":\"Article\",\"@id\":\"https:\/\/mediatopnews.tg\/?p=5423#article\",\"isPartOf\":{\"@id\":\"https:\/\/mediatopnews.tg\/?p=5423\"},\"author\":{\"name\":\"La R\u00e9daction\",\"@id\":\"https:\/\/mediatopnews.tg\/#\/schema\/person\/5264fbaa15cdbc3bbc592caa5cb4bac6\"},\"headline\":\"Ministre Edem Kokou Tengu\u00e9: la Convention Collective des Gens de Mer du Togo rentrera en vigueur au 1er janvier 2024\",\"datePublished\":\"2023-10-25T09:27:29+00:00\",\"dateModified\":\"2023-10-25T09:27:31+00:00\",\"mainEntityOfPage\":{\"@id\":\"https:\/\/mediatopnews.tg\/?p=5423\"},\"wordCount\":393,\"commentCount\":0,\"publisher\":{\"@id\":\"https:\/\/mediatopnews.tg\/#organization\"},\"image\":{\"@id\":\"https:\/\/mediatopnews.tg\/?p=5423#primaryimage\"},\"thumbnailUrl\":\"https:\/\/mediatopnews.tg\/wp-content\/uploads\/2023\/10\/IMG-20231023-WA0039.jpg\",\"articleSection\":[\"SOCIETE\"],\"inLanguage\":\"fr-FR\",\"potentialAction\":[{\"@type\":\"CommentAction\",\"name\":\"Comment\",\"target\":[\"https:\/\/mediatopnews.tg\/?p=5423#respond\"]}]},{\"@type\":\"WebPage\",\"@id\":\"https:\/\/mediatopnews.tg\/?p=5423\",\"url\":\"https:\/\/mediatopnews.tg\/?p=5423\",\"name\":\"Ministre Edem Kokou Tengu\u00e9: la Convention Collective des Gens de Mer du Togo rentrera en vigueur au 1er janvier 2024 - R\u00e9c\u00e9piss\u00e9 N\u00b00026\/12-2020\/pl\/P\",\"isPartOf\":{\"@id\":\"https:\/\/mediatopnews.tg\/#website\"},\"primaryImageOfPage\":{\"@id\":\"https:\/\/mediatopnews.tg\/?p=5423#primaryimage\"},\"image\":{\"@id\":\"https:\/\/mediatopnews.tg\/?p=5423#primaryimage\"},\"thumbnailUrl\":\"https:\/\/mediatopnews.tg\/wp-content\/uploads\/2023\/10\/IMG-20231023-WA0039.jpg\",\"datePublished\":\"2023-10-25T09:27:29+00:00\",\"dateModified\":\"2023-10-25T09:27:31+00:00\",\"breadcrumb\":{\"@id\":\"https:\/\/mediatopnews.tg\/?p=5423#breadcrumb\"},\"inLanguage\":\"fr-FR\",\"potentialAction\":[{\"@type\":\"ReadAction\",\"target\":[\"https:\/\/mediatopnews.tg\/?p=5423\"]}]},{\"@type\":\"ImageObject\",\"inLanguage\":\"fr-FR\",\"@id\":\"https:\/\/mediatopnews.tg\/?p=5423#primaryimage\",\"url\":\"https:\/\/mediatopnews.tg\/wp-content\/uploads\/2023\/10\/IMG-20231023-WA0039.jpg\",\"contentUrl\":\"https:\/\/mediatopnews.tg\/wp-content\/uploads\/2023\/10\/IMG-20231023-WA0039.jpg\",\"width\":1008,\"height\":756},{\"@type\":\"BreadcrumbList\",\"@id\":\"https:\/\/mediatopnews.tg\/?p=5423#breadcrumb\",\"itemListElement\":[{\"@type\":\"ListItem\",\"position\":1,\"name\":\"Accueil\",\"item\":\"https:\/\/mediatopnews.tg\/\"},{\"@type\":\"ListItem\",\"position\":2,\"name\":\"Ministre Edem Kokou Tengu\u00e9: la Convention Collective des Gens de Mer du Togo rentrera en vigueur au 1er janvier 2024\"}]},{\"@type\":\"WebSite\",\"@id\":\"https:\/\/mediatopnews.tg\/#website\",\"url\":\"https:\/\/mediatopnews.tg\/\",\"name\":\"R\u00e9c\u00e9piss\u00e9 N\u00b00026\/12-2020\/pl\/P\",\"description\":\"La toile de l&#039;information\",\"publisher\":{\"@id\":\"https:\/\/mediatopnews.tg\/#organization\"},\"potentialAction\":[{\"@type\":\"SearchAction\",\"target\":{\"@type\":\"EntryPoint\",\"urlTemplate\":\"https:\/\/mediatopnews.tg\/?s={search_term_string}\"},\"query-input\":{\"@type\":\"PropertyValueSpecification\",\"valueRequired\":true,\"valueName\":\"search_term_string\"}}],\"inLanguage\":\"fr-FR\"},{\"@type\":\"Organization\",\"@id\":\"https:\/\/mediatopnews.tg\/#organization\",\"name\":\"R\u00e9c\u00e9piss\u00e9 N\u00b00026\/12-2020\/pl\/P\",\"url\":\"https:\/\/mediatopnews.tg\/\",\"logo\":{\"@type\":\"ImageObject\",\"inLanguage\":\"fr-FR\",\"@id\":\"https:\/\/mediatopnews.tg\/#\/schema\/logo\/image\/\",\"url\":\"https:\/\/mediatopnews.tg\/wp-content\/uploads\/2023\/09\/cropped-cropped-WhatsApp-Image-2023-09-04-at-13.18.30-1-1.jpeg\",\"contentUrl\":\"https:\/\/mediatopnews.tg\/wp-content\/uploads\/2023\/09\/cropped-cropped-WhatsApp-Image-2023-09-04-at-13.18.30-1-1.jpeg\",\"width\":174,\"height\":147,\"caption\":\"R\u00e9c\u00e9piss\u00e9 N\u00b00026\/12-2020\/pl\/P\"},\"image\":{\"@id\":\"https:\/\/mediatopnews.tg\/#\/schema\/logo\/image\/\"}},{\"@type\":\"Person\",\"@id\":\"https:\/\/mediatopnews.tg\/#\/schema\/person\/5264fbaa15cdbc3bbc592caa5cb4bac6\",\"name\":\"La R\u00e9daction\",\"image\":{\"@type\":\"ImageObject\",\"inLanguage\":\"fr-FR\",\"@id\":\"https:\/\/mediatopnews.tg\/#\/schema\/person\/image\/\",\"url\":\"https:\/\/secure.gravatar.com\/avatar\/02c45ef53e124da0300332101a595f5186b781ff193f1243a768c52e15756dcc?s=96&d=mm&r=g\",\"contentUrl\":\"https:\/\/secure.gravatar.com\/avatar\/02c45ef53e124da0300332101a595f5186b781ff193f1243a768c52e15756dcc?s=96&d=mm&r=g\",\"caption\":\"La R\u00e9daction\"},\"url\":\"https:\/\/mediatopnews.tg\/?author=2\"}]}<\/script>\n<!-- \/ Yoast SEO plugin. -->","yoast_head_json":{"title":"Ministre Edem Kokou Tengu\u00e9: la Convention Collective des Gens de Mer du Togo rentrera en vigueur au 1er janvier 2024 - R\u00e9c\u00e9piss\u00e9 N\u00b00026\/12-2020\/pl\/P","robots":{"index":"index","follow":"follow","max-snippet":"max-snippet:-1","max-image-preview":"max-image-preview:large","max-video-preview":"max-video-preview:-1"},"canonical":"https:\/\/mediatopnews.tg\/?p=5423","og_locale":"fr_FR","og_type":"article","og_title":"Ministre Edem Kokou Tengu\u00e9: la Convention Collective des Gens de Mer du Togo rentrera en vigueur au 1er janvier 2024 - R\u00e9c\u00e9piss\u00e9 N\u00b00026\/12-2020\/pl\/P","og_description":"Le ministre en charge de l\u2019\u00e9conomie maritime, Edem Kokou Tengu\u00e9 a remis officiellement le 23 octobre 2023, la convention collective des gens de Mer. C&rsquo;\u00e9tait en pr\u00e9sence&nbsp; des repr\u00e9sentants des organisations syndicales des gens de Mer, des organisations syndicales des travailleurs, du Conseil National du Patronat et plusieurs autorit\u00e9s minist\u00e9rielles en charge d\u2019\u00e9conomie maritime. La [&hellip;]","og_url":"https:\/\/mediatopnews.tg\/?p=5423","og_site_name":"R\u00e9c\u00e9piss\u00e9 N\u00b00026\/12-2020\/pl\/P","article_published_time":"2023-10-25T09:27:29+00:00","article_modified_time":"2023-10-25T09:27:31+00:00","og_image":[{"width":1008,"height":756,"url":"https:\/\/mediatopnews.tg\/wp-content\/uploads\/2023\/10\/IMG-20231023-WA0039.jpg","type":"image\/jpeg"}],"author":"La R\u00e9daction","twitter_card":"summary_large_image","twitter_misc":{"\u00c9crit par":"La R\u00e9daction","Dur\u00e9e de lecture estim\u00e9e":"3 minutes"},"schema":{"@context":"https:\/\/schema.org","@graph":[{"@type":"Article","@id":"https:\/\/mediatopnews.tg\/?p=5423#article","isPartOf":{"@id":"https:\/\/mediatopnews.tg\/?p=5423"},"author":{"name":"La R\u00e9daction","@id":"https:\/\/mediatopnews.tg\/#\/schema\/person\/5264fbaa15cdbc3bbc592caa5cb4bac6"},"headline":"Ministre Edem Kokou Tengu\u00e9: la Convention Collective des Gens de Mer du Togo rentrera en vigueur au 1er janvier 2024","datePublished":"2023-10-25T09:27:29+00:00","dateModified":"2023-10-25T09:27:31+00:00","mainEntityOfPage":{"@id":"https:\/\/mediatopnews.tg\/?p=5423"},"wordCount":393,"commentCount":0,"publisher":{"@id":"https:\/\/mediatopnews.tg\/#organization"},"image":{"@id":"https:\/\/mediatopnews.tg\/?p=5423#primaryimage"},"thumbnailUrl":"https:\/\/mediatopnews.tg\/wp-content\/uploads\/2023\/10\/IMG-20231023-WA0039.jpg","articleSection":["SOCIETE"],"inLanguage":"fr-FR","potentialAction":[{"@type":"CommentAction","name":"Comment","target":["https:\/\/mediatopnews.tg\/?p=5423#respond"]}]},{"@type":"WebPage","@id":"https:\/\/mediatopnews.tg\/?p=5423","url":"https:\/\/mediatopnews.tg\/?p=5423","name":"Ministre Edem Kokou Tengu\u00e9: la Convention Collective des Gens de Mer du Togo rentrera en vigueur au 1er janvier 2024 - R\u00e9c\u00e9piss\u00e9 N\u00b00026\/12-2020\/pl\/P","isPartOf":{"@id":"https:\/\/mediatopnews.tg\/#website"},"primaryImageOfPage":{"@id":"https:\/\/mediatopnews.tg\/?p=5423#primaryimage"},"image":{"@id":"https:\/\/mediatopnews.tg\/?p=5423#primaryimage"},"thumbnailUrl":"https:\/\/mediatopnews.tg\/wp-content\/uploads\/2023\/10\/IMG-20231023-WA0039.jpg","datePublished":"2023-10-25T09:27:29+00:00","dateModified":"2023-10-25T09:27:31+00:00","breadcrumb":{"@id":"https:\/\/mediatopnews.tg\/?p=5423#breadcrumb"},"inLanguage":"fr-FR","potentialAction":[{"@type":"ReadAction","target":["https:\/\/mediatopnews.tg\/?p=5423"]}]},{"@type":"ImageObject","inLanguage":"fr-FR","@id":"https:\/\/mediatopnews.tg\/?p=5423#primaryimage","url":"https:\/\/mediatopnews.tg\/wp-content\/uploads\/2023\/10\/IMG-20231023-WA0039.jpg","contentUrl":"https:\/\/mediatopnews.tg\/wp-content\/uploads\/2023\/10\/IMG-20231023-WA0039.jpg","width":1008,"height":756},{"@type":"BreadcrumbList","@id":"https:\/\/mediatopnews.tg\/?p=5423#breadcrumb","itemListElement":[{"@type":"ListItem","position":1,"name":"Accueil","item":"https:\/\/mediatopnews.tg\/"},{"@type":"ListItem","position":2,"name":"Ministre Edem Kokou Tengu\u00e9: la Convention Collective des Gens de Mer du Togo rentrera en vigueur au 1er janvier 2024"}]},{"@type":"WebSite","@id":"https:\/\/mediatopnews.tg\/#website","url":"https:\/\/mediatopnews.tg\/","name":"R\u00e9c\u00e9piss\u00e9 N\u00b00026\/12-2020\/pl\/P","description":"La toile de l&#039;information","publisher":{"@id":"https:\/\/mediatopnews.tg\/#organization"},"potentialAction":[{"@type":"SearchAction","target":{"@type":"EntryPoint","urlTemplate":"https:\/\/mediatopnews.tg\/?s={search_term_string}"},"query-input":{"@type":"PropertyValueSpecification","valueRequired":true,"valueName":"search_term_string"}}],"inLanguage":"fr-FR"},{"@type":"Organization","@id":"https:\/\/mediatopnews.tg\/#organization","name":"R\u00e9c\u00e9piss\u00e9 N\u00b00026\/12-2020\/pl\/P","url":"https:\/\/mediatopnews.tg\/","logo":{"@type":"ImageObject","inLanguage":"fr-FR","@id":"https:\/\/mediatopnews.tg\/#\/schema\/logo\/image\/","url":"https:\/\/mediatopnews.tg\/wp-content\/uploads\/2023\/09\/cropped-cropped-WhatsApp-Image-2023-09-04-at-13.18.30-1-1.jpeg","contentUrl":"https:\/\/mediatopnews.tg\/wp-content\/uploads\/2023\/09\/cropped-cropped-WhatsApp-Image-2023-09-04-at-13.18.30-1-1.jpeg","width":174,"height":147,"caption":"R\u00e9c\u00e9piss\u00e9 N\u00b00026\/12-2020\/pl\/P"},"image":{"@id":"https:\/\/mediatopnews.tg\/#\/schema\/logo\/image\/"}},{"@type":"Person","@id":"https:\/\/mediatopnews.tg\/#\/schema\/person\/5264fbaa15cdbc3bbc592caa5cb4bac6","name":"La R\u00e9daction","image":{"@type":"ImageObject","inLanguage":"fr-FR","@id":"https:\/\/mediatopnews.tg\/#\/schema\/person\/image\/","url":"https:\/\/secure.gravatar.com\/avatar\/02c45ef53e124da0300332101a595f5186b781ff193f1243a768c52e15756dcc?s=96&d=mm&r=g","contentUrl":"https:\/\/secure.gravatar.com\/avatar\/02c45ef53e124da0300332101a595f5186b781ff193f1243a768c52e15756dcc?s=96&d=mm&r=g","caption":"La R\u00e9daction"},"url":"https:\/\/mediatopnews.tg\/?author=2"}]}},"_links":{"self":[{"href":"https:\/\/mediatopnews.tg\/index.php?rest_route=\/wp\/v2\/posts\/5423","targetHints":{"allow":["GET"]}}],"collection":[{"href":"https:\/\/mediatopnews.tg\/index.php?rest_route=\/wp\/v2\/posts"}],"about":[{"href":"https:\/\/mediatopnews.tg\/index.php?rest_route=\/wp\/v2\/types\/post"}],"author":[{"embeddable":true,"href":"https:\/\/mediatopnews.tg\/index.php?rest_route=\/wp\/v2\/users\/2"}],"replies":[{"embeddable":true,"href":"https:\/\/mediatopnews.tg\/index.php?rest_route=%2Fwp%2Fv2%2Fcomments&post=5423"}],"version-history":[{"count":1,"href":"https:\/\/mediatopnews.tg\/index.php?rest_route=\/wp\/v2\/posts\/5423\/revisions"}],"predecessor-version":[{"id":5427,"href":"https:\/\/mediatopnews.tg\/index.php?rest_route=\/wp\/v2\/posts\/5423\/revisions\/5427"}],"wp:featuredmedia":[{"embeddable":true,"href":"https:\/\/mediatopnews.tg\/index.php?rest_route=\/wp\/v2\/media\/5424"}],"wp:attachment":[{"href":"https:\/\/mediatopnews.tg\/index.php?rest_route=%2Fwp%2Fv2%2Fmedia&parent=5423"}],"wp:term":[{"taxonomy":"category","embeddable":true,"href":"https:\/\/mediatopnews.tg\/index.php?rest_route=%2Fwp%2Fv2%2Fcategories&post=5423"},{"taxonomy":"post_tag","embeddable":true,"href":"https:\/\/mediatopnews.tg\/index.php?rest_route=%2Fwp%2Fv2%2Ftags&post=5423"}],"curies":[{"name":"wp","href":"https:\/\/api.w.org\/{rel}","templated":true}]}}